{"id":13246,"date":"2023-09-28T22:36:52","date_gmt":"2023-09-28T20:36:52","guid":{"rendered":"https:\/\/agora.xtec.cat\/escmarquesdelapobla\/?p=13246"},"modified":"2023-09-28T22:36:52","modified_gmt":"2023-09-28T20:36:52","slug":"27-de-setembre-als-nostres-cors","status":"publish","type":"post","link":"https:\/\/agora.xtec.cat\/escmarquesdelapobla\/tauler-principal\/27-de-setembre-als-nostres-cors\/","title":{"rendered":"27 de setembre als nostres cors"},"content":{"rendered":"<p style=\"text-align: center;\">Pots plorar perqu\u00e8 ha marxat,<br \/>\no somriure perqu\u00e8 ha viscut.<br \/>\nPots tancar els ulls,<br \/>\ni resar perqu\u00e8 torni;<br \/>\nO obrir-los,<br \/>\ni veure tot el que ha deixat.<br \/>\nEl teu cor pot estar buit,<br \/>\nperqu\u00e8 no el pots veure,<br \/>\no pot estar ple d&#8217;amor<br \/>\ndel que vas compartir.<br \/>\nPots plorar, tancar la ment,<br \/>\nsentir el buit i donar l&#8217;esquena;<br \/>\nO pots fer el que a ell li agradaria;<br \/>\nSomriure, obrir els ulls, estimar i seguir.<\/p>\n<p style=\"text-align: center;\">Sempre amb nosaltres, Arnau\u00a0<a href=\"https:\/\/agora.xtec.cat\/escmarquesdelapobla\/wp-content\/uploads\/usu1682\/2023\/09\/negro-de-la-nave-del-lazo-del-corazon-chapas-grandes.jpg\">\u00a0<\/a><\/p>\n<p><a href=\"https:\/\/agora.xtec.cat\/escmarquesdelapobla\/wp-content\/uploads\/usu1682\/2023\/09\/negro-de-la-nave-del-lazo-del-corazon-chapas-grandes-removebg-preview.png\"><img loading=\"lazy\" decoding=\"async\" class=\"wp-image-13244 aligncenter\" src=\"https:\/\/agora.xtec.cat\/escmarquesdelapobla\/wp-content\/uploads\/usu1682\/2023\/09\/negro-de-la-nave-del-lazo-del-corazon-chapas-grandes-removebg-preview-e1695933069735.png\" alt=\"\" width=\"302\" height=\"200\" srcset=\"https:\/\/agora.xtec.cat\/escmarquesdelapobla\/wp-content\/uploads\/usu1682\/2023\/09\/negro-de-la-nave-del-lazo-del-corazon-chapas-grandes-removebg-preview-e1695933069735.png 394w, https:\/\/agora.xtec.cat\/escmarquesdelapobla\/wp-content\/uploads\/usu1682\/2023\/09\/negro-de-la-nave-del-lazo-del-corazon-chapas-grandes-removebg-preview-e1695933069735-300x199.png 300w\" sizes=\"auto, (max-width: 302px) 100vw, 302px\" \/><\/a><\/p>\n","protected":false},"excerpt":{"rendered":"<p>Pots plorar perqu\u00e8 ha marxat, o somriure perqu\u00e8 ha viscut. Pots tancar els ulls, i resar perqu\u00e8 torni; O obrir-los, i veure tot el que ha deixat. El teu cor pot estar buit, perqu\u00e8 no el pots veure, o pot estar ple d&#8217;amor del que vas compartir. Pots plorar, tancar la ment, sentir el buit [&hellip;]<\/p>\n","protected":false},"author":45,"featured_media":0,"comment_status":"open","ping_status":"closed","sticky":false,"template":"","format":"standard","meta":{"_bbp_topic_count":0,"_bbp_reply_count":0,"_bbp_total_topic_count":0,"_bbp_total_reply_count":0,"_bbp_voice_count":0,"_bbp_anonymous_reply_count":0,"_bbp_topic_count_hidden":0,"_bbp_reply_count_hidden":0,"_bbp_forum_subforum_count":0,"site-sidebar-layout":"default","site-content-layout":"","ast-site-content-layout":"","site-content-style":"default","site-sidebar-style":"default","ast-global-header-display":"","ast-banner-title-visibility":"","ast-main-header-display":"","ast-hfb-above-header-display":"","ast-hfb-below-header-display":"","ast-hfb-mobile-header-display":"","site-post-title":"","ast-breadcrumbs-content":"","ast-featured-img":"","footer-sml-layout":"","theme-transparent-header-meta":"","adv-header-id-meta":"","stick-header-meta":"","header-above-stick-meta":"","header-main-stick-meta":"","header-below-stick-meta":"","astra-migrate-meta-layouts":"default","ast-page-background-enabled":"default","ast-page-background-meta":{"desktop":{"background-color":"var(--ast-global-color-5)","background-image":"","background-repeat":"repeat","background-position":"center center","background-size":"auto","background-attachment":"scroll","background-type":"","background-media":"","overlay-type":"","overlay-color":"","overlay-opacity":"","overlay-gradient":""},"tablet":{"background-color":"","background-image":"","background-repeat":"repeat","background-position":"center center","background-size":"auto","background-attachment":"scroll","background-type":"","background-media":"","overlay-type":"","overlay-color":"","overlay-opacity":"","overlay-gradient":""},"mobile":{"background-color":"","background-image":"","background-repeat":"repeat","background-position":"center center","background-size":"auto","background-attachment":"scroll","background-type":"","background-media":"","overlay-type":"","overlay-color":"","overlay-opacity":"","overlay-gradient":""}},"ast-content-background-meta":{"desktop":{"background-color":"var(--ast-global-color-4)","background-image":"","background-repeat":"repeat","background-position":"center center","background-size":"auto","background-attachment":"scroll","background-type":"","background-media":"","overlay-type":"","overlay-color":"","overlay-opacity":"","overlay-gradient":""},"tablet":{"background-color":"var(--ast-global-color-4)","background-image":"","background-repeat":"repeat","background-position":"center center","background-size":"auto","background-attachment":"scroll","background-type":"","background-media":"","overlay-type":"","overlay-color":"","overlay-opacity":"","overlay-gradient":""},"mobile":{"background-color":"var(--ast-global-color-4)","background-image":"","background-repeat":"repeat","background-position":"center center","background-size":"auto","background-attachment":"scroll","background-type":"","background-media":"","overlay-type":"","overlay-color":"","overlay-opacity":"","overlay-gradient":""}},"footnotes":""},"categories":[171],"tags":[],"class_list":["post-13246","post","type-post","status-publish","format-standard","hentry","category-tauler-principal"],"post_mailing_queue_ids":[],"_links":{"self":[{"href":"https:\/\/agora.xtec.cat\/escmarquesdelapobla\/wp-json\/wp\/v2\/posts\/13246","targetHints":{"allow":["GET"]}}],"collection":[{"href":"https:\/\/agora.xtec.cat\/escmarquesdelapobla\/wp-json\/wp\/v2\/posts"}],"about":[{"href":"https:\/\/agora.xtec.cat\/escmarquesdelapobla\/wp-json\/wp\/v2\/types\/post"}],"author":[{"embeddable":true,"href":"https:\/\/agora.xtec.cat\/escmarquesdelapobla\/wp-json\/wp\/v2\/users\/45"}],"replies":[{"embeddable":true,"href":"https:\/\/agora.xtec.cat\/escmarquesdelapobla\/wp-json\/wp\/v2\/comments?post=13246"}],"version-history":[{"count":2,"href":"https:\/\/agora.xtec.cat\/escmarquesdelapobla\/wp-json\/wp\/v2\/posts\/13246\/revisions"}],"predecessor-version":[{"id":13248,"href":"https:\/\/agora.xtec.cat\/escmarquesdelapobla\/wp-json\/wp\/v2\/posts\/13246\/revisions\/13248"}],"wp:attachment":[{"href":"https:\/\/agora.xtec.cat\/escmarquesdelapobla\/wp-json\/wp\/v2\/media?parent=13246"}],"wp:term":[{"taxonomy":"category","embeddable":true,"href":"https:\/\/agora.xtec.cat\/escmarquesdelapobla\/wp-json\/wp\/v2\/categories?post=13246"},{"taxonomy":"post_tag","embeddable":true,"href":"https:\/\/agora.xtec.cat\/escmarquesdelapobla\/wp-json\/wp\/v2\/tags?post=13246"}],"curies":[{"name":"wp","href":"https:\/\/api.w.org\/{rel}","templated":true}]}}