{"id":13122,"date":"2023-06-15T14:32:12","date_gmt":"2023-06-15T12:32:12","guid":{"rendered":"https:\/\/agora.xtec.cat\/escmarquesdelapobla\/?p=13122"},"modified":"2023-06-15T14:32:12","modified_gmt":"2023-06-15T12:32:12","slug":"festes-del-carrer-a-lescola","status":"publish","type":"post","link":"https:\/\/agora.xtec.cat\/escmarquesdelapobla\/celebracions\/festes-del-carrer-a-lescola\/","title":{"rendered":"Festes del carrer a l&#8217;escola"},"content":{"rendered":"<p style=\"text-align: justify;\">Aquest dimecres hem celebrat les Festes del carrer a l&#8217;escola, ja que \u00e9s el dia del nostre barri: El Barri del ninot. A les 11 ha vingut la Banda de l&#8217;Escola de M\u00fasica de Capellades a la pista verda, entrant amb la t\u00edpica marxa de les Festes del carrer. Tot seguit, all\u00e0 han tocat la m\u00fasica del Ball pla i l&#8217;alumnat de P2 ha ballat aquesta dansa tradicional de Capellades. A continuaci\u00f3 han tocat un pas doble i tothom s&#8217;ha afegit a ballar. A continuaci\u00f3, la Banda de M\u00fasica ens ha anat guiant a I5 amb les paneres, a P3 amb els Capgrossos i a la Comissi\u00f3 de Festes del carrer amb els coves dels tortells i hem fet una cercavila fins a l&#8217;esgl\u00e9sia.<\/p>\n<p style=\"text-align: justify;\">Ha sigut un mat\u00ed ple de moments molt bonics i diversi\u00f3 que ens fan estimar la nostra cultura i tradici\u00f3.<\/p>\n<p style=\"text-align: justify;\"><a href=\"https:\/\/photos.app.goo.gl\/sqJk76YKCcmWq7C47\"><img loading=\"lazy\" decoding=\"async\" class=\"aligncenter size-large\" src=\"https:\/\/lh3.googleusercontent.com\/EAHBiqzFQe9oIBLIZAawaMqTi9rlDoU1Q6-tHvARbOfLL6-wqsnhNjRFARasHAFOK4mcBMUz-lSLzOB58k8pSbVdXwvdeffSf7yZ-hsUZd-0WLAz6CayCDO3ogj4G2CBJ4LCyJvPfYlusyxoEa1OgvHdqBEyq5g_wytleeS5PXQIuUARXjvqGsqz2EU3iduEd3r8m7GRkMdb2ZUtrxyoeFt05x3WZ-AFlAxVoNtMtW42aX6bC7YZzCURlLwsIlwzSsi0rch0IU8BHibfOFCKxX7ZVsOjxHcetC2ZCY8cZOVvNsLmtiwZHWPrk7nRqaWm1qv9JnjuLi6zD6O3Zq1LsgoRkcJ1y78Qx1j_Nx_R1eeFdS-SFM658GXDx2lRAYmkEPmKsTzNNg0A41OY6lwGzXWNNX-pLZ6qwAUwinsAiQsrTu-IxtXhX6_XLjKretp-IzHZqgqc1me1zhWtcw2JbhmdNWEqeibubiSqPLTP4SDk9cKf14X2fQLpS4x0K7W50wKa0sQnvJyYDvBpvI7D4yjalGTu_y-dygybCEe0nYQJqN_2R6sD_I4QqTncyEoN7u2IExrQ2_d8WFoqadH2116-TO8CNna5HGMw-Ea8gFJbmHHzdyCAjFBYpKvoKi8yY2T0BLFi4_mnSfdejmRK4Nx4spAk5m2Oxg5nZnw67b2AkR0uVjnqpMN2WApSZguz-BbJM_avp3VL-oEMHdNSv4F82ZVI01cpEH1wLjq0T9kT3hvHQo7rHGRVeGLpaLOGgWA-Ff-zUYMK_K2XYKjZXeXseidMWJdG4Ww6zUQ4zUw2oVV_TlqsLfHSsA4_3fO7A0Jjxocqh6-Eo0CUZNdoYUnkAHOWmw5R1i2ozFQgY7rhPeK-uNs3pItMOEO3_WA9MMx_apXTUQmBjVL0wV7HInMXax9Ov_Gkt6BMAd4qUxnpET-t721oghT4j5eOKlPFQXmRbpoZTo6lrxV0Og=w1280-h720-s-no?authuser=1\" width=\"1280\" height=\"720\" \/><\/a><\/p>\n","protected":false},"excerpt":{"rendered":"<p>Aquest dimecres hem celebrat les Festes del carrer a l&#8217;escola, ja que \u00e9s el dia del nostre barri: El Barri del ninot. A les 11 ha vingut la Banda de l&#8217;Escola de M\u00fasica de Capellades a la pista verda, entrant amb la t\u00edpica marxa de les Festes del carrer. Tot seguit, all\u00e0 han tocat la [&hellip;]<\/p>\n","protected":false},"author":45,"featured_media":0,"comment_status":"open","ping_status":"closed","sticky":false,"template":"","format":"standard","meta":{"_bbp_topic_count":0,"_bbp_reply_count":0,"_bbp_total_topic_count":0,"_bbp_total_reply_count":0,"_bbp_voice_count":0,"_bbp_anonymous_reply_count":0,"_bbp_topic_count_hidden":0,"_bbp_reply_count_hidden":0,"_bbp_forum_subforum_count":0,"site-sidebar-layout":"default","site-content-layout":"","ast-site-content-layout":"","site-content-style":"default","site-sidebar-style":"default","ast-global-header-display":"","ast-banner-title-visibility":"","ast-main-header-display":"","ast-hfb-above-header-display":"","ast-hfb-below-header-display":"","ast-hfb-mobile-header-display":"","site-post-title":"","ast-breadcrumbs-content":"","ast-featured-img":"","footer-sml-layout":"","theme-transparent-header-meta":"","adv-header-id-meta":"","stick-header-meta":"","header-above-stick-meta":"","header-main-stick-meta":"","header-below-stick-meta":"","astra-migrate-meta-layouts":"default","ast-page-background-enabled":"default","ast-page-background-meta":{"desktop":{"background-color":"var(--ast-global-color-5)","background-image":"","background-repeat":"repeat","background-position":"center center","background-size":"auto","background-attachment":"scroll","background-type":"","background-media":"","overlay-type":"","overlay-color":"","overlay-opacity":"","overlay-gradient":""},"tablet":{"background-color":"","background-image":"","background-repeat":"repeat","background-position":"center center","background-size":"auto","background-attachment":"scroll","background-type":"","background-media":"","overlay-type":"","overlay-color":"","overlay-opacity":"","overlay-gradient":""},"mobile":{"background-color":"","background-image":"","background-repeat":"repeat","background-position":"center center","background-size":"auto","background-attachment":"scroll","background-type":"","background-media":"","overlay-type":"","overlay-color":"","overlay-opacity":"","overlay-gradient":""}},"ast-content-background-meta":{"desktop":{"background-color":"var(--ast-global-color-4)","background-image":"","background-repeat":"repeat","background-position":"center center","background-size":"auto","background-attachment":"scroll","background-type":"","background-media":"","overlay-type":"","overlay-color":"","overlay-opacity":"","overlay-gradient":""},"tablet":{"background-color":"var(--ast-global-color-4)","background-image":"","background-repeat":"repeat","background-position":"center center","background-size":"auto","background-attachment":"scroll","background-type":"","background-media":"","overlay-type":"","overlay-color":"","overlay-opacity":"","overlay-gradient":""},"mobile":{"background-color":"var(--ast-global-color-4)","background-image":"","background-repeat":"repeat","background-position":"center center","background-size":"auto","background-attachment":"scroll","background-type":"","background-media":"","overlay-type":"","overlay-color":"","overlay-opacity":"","overlay-gradient":""}},"footnotes":""},"categories":[55,260],"tags":[],"class_list":["post-13122","post","type-post","status-publish","format-standard","hentry","category-celebracions","category-fcarrer"],"post_mailing_queue_ids":[],"_links":{"self":[{"href":"https:\/\/agora.xtec.cat\/escmarquesdelapobla\/wp-json\/wp\/v2\/posts\/13122","targetHints":{"allow":["GET"]}}],"collection":[{"href":"https:\/\/agora.xtec.cat\/escmarquesdelapobla\/wp-json\/wp\/v2\/posts"}],"about":[{"href":"https:\/\/agora.xtec.cat\/escmarquesdelapobla\/wp-json\/wp\/v2\/types\/post"}],"author":[{"embeddable":true,"href":"https:\/\/agora.xtec.cat\/escmarquesdelapobla\/wp-json\/wp\/v2\/users\/45"}],"replies":[{"embeddable":true,"href":"https:\/\/agora.xtec.cat\/escmarquesdelapobla\/wp-json\/wp\/v2\/comments?post=13122"}],"version-history":[{"count":3,"href":"https:\/\/agora.xtec.cat\/escmarquesdelapobla\/wp-json\/wp\/v2\/posts\/13122\/revisions"}],"predecessor-version":[{"id":13132,"href":"https:\/\/agora.xtec.cat\/escmarquesdelapobla\/wp-json\/wp\/v2\/posts\/13122\/revisions\/13132"}],"wp:attachment":[{"href":"https:\/\/agora.xtec.cat\/escmarquesdelapobla\/wp-json\/wp\/v2\/media?parent=13122"}],"wp:term":[{"taxonomy":"category","embeddable":true,"href":"https:\/\/agora.xtec.cat\/escmarquesdelapobla\/wp-json\/wp\/v2\/categories?post=13122"},{"taxonomy":"post_tag","embeddable":true,"href":"https:\/\/agora.xtec.cat\/escmarquesdelapobla\/wp-json\/wp\/v2\/tags?post=13122"}],"curies":[{"name":"wp","href":"https:\/\/api.w.org\/{rel}","templated":true}]}}