{"id":13100,"date":"2023-06-08T17:00:42","date_gmt":"2023-06-08T15:00:42","guid":{"rendered":"https:\/\/agora.xtec.cat\/escmarquesdelapobla\/?p=13100"},"modified":"2023-06-10T00:22:41","modified_gmt":"2023-06-09T22:22:41","slug":"concert-a-la-llar-dinfants-vailets","status":"publish","type":"post","link":"https:\/\/agora.xtec.cat\/escmarquesdelapobla\/infantil\/i5\/concert-a-la-llar-dinfants-vailets\/","title":{"rendered":"Concert a la llar d&#8217;infants Vailets."},"content":{"rendered":"<p style=\"text-align: justify;\"><span style=\"font-weight: 400;\">Durant el trimestre hem preparat amb molta il\u00b7lusi\u00f3 el concert de PRIMAVERA pels infants de l\u2019Escola Bressol.<\/span><\/p>\n<p style=\"text-align: justify;\"><span style=\"font-weight: 400;\">Hi hem anat el dimecres 7 de juny amb l\u2019acompanyament del Jaume Sabater amb el seu piano, l\u2019Annabel que ens fa m\u00fasica, la Carme i l\u2019Ester.\u00a0\u00a0<\/span><\/p>\n<p style=\"text-align: justify;\"><span style=\"font-weight: 400;\">A part de cantar, hem interpretat el conte de la PRIMAVERA on cadasc\u00fa ha tingut un petit text.\u00a0<\/span><\/p>\n<p style=\"text-align: justify;\"><span style=\"font-weight: 400;\">Quins nervis&#8230; cantar, actuar, recordar-ho tot\u2026 Com sortir\u00e0?, i a m\u00e9s a m\u00e9s\u2026 per algunes i alguns ha estat la nostra primera escola. Buaaa!!!\u00a0\u00a0<\/span><\/p>\n<p style=\"text-align: justify;\"><span style=\"font-weight: 400;\">Ens hem posat una corona dels personatges de la hist\u00f2ria i despr\u00e9s de l\u2019actuaci\u00f3 cadasc\u00fa ha regalat un penjoll de fusta que hem decorat ben bonic. Ells ens han obsequiat amb uns titelles per les nostres classes.<\/span><\/p>\n<p style=\"text-align: justify;\"><span style=\"font-weight: 400;\">Hi hem trobat germanets, cosins, amics, mestres&#8230;, quins records\u2026 i quina experi\u00e8ncia!!!<\/span><\/p>\n<p style=\"text-align: justify;\"><span style=\"font-weight: 400;\">Ens hem quedat a esmorzar i a jugar, ens ho hem passat pipa!<\/span><\/p>\n<p style=\"text-align: justify;\"><span style=\"font-weight: 400;\">Ha estat FANT\u00c0STIC i \u00daNIC!!!<\/span><\/p>\n<p><a href=\"https:\/\/photos.app.goo.gl\/YdrEmFF6UqnkiM189\"><img loading=\"lazy\" decoding=\"async\" class=\"alignnone size-large\" src=\"https:\/\/lh3.googleusercontent.com\/aJKy13vXYvgXnJg88iVlqCa_-exRr3R3UG7eOgQHIf-6voO301ISbEHGE1GyAiN8ikrtD1vErv_DdXAhnibqBT-SXVBFdxTA7K0hPIDzyUnj6qRmyrgovthL66YdHzsT4fyFoLA6w0cR7INV8nREddPdmbUqygbAAHj9hMGorTeemuTwnuZcyEG_SRFx01S5q_2UkykgOdhfBuGdJcb8KQb0x2iK_A0PElrOaIcjoQO2_1Xb8UZuVkFnb8VtHU9kkED6wFotvVhW6ifLqfbXotU5Xra_JPs_gnYk2uqvrNA9cU0Mdi7psSD-efICsyiVMPJyanoxCp_-HiBmmtmpyGvmlU2HH8qETTfhPxjO-Zn5smpW4-4Rwwq7AGvBkDRqxWvnHfONFWneM1XkA4zfKMy3YtMgVx9ppgnOFf0g0J2jcfQ_FHc_5b2nCTQNDvlHfiI1XVHOX1JTVuE0du11QA3JrqziiopruyKQkbjbhqhPrq0TK1mht6sYur2YCBj8TChU1QPC2cXuvx1WMnO6uOUtXnDZpdhyrcaWcs_eYQJH0Ssb6yx33cqVa8eQthy6_xxzWDfjIyyi5IKtRlZFdkNSg8vQUuT6MAhL03kpfu-CVYICDFisEH7J_Dv64rw_aVwSAJ51TvtxC8CQV4hTyCNDUUcRVJn_o4jmgjm8_WXCz38-tbH8wPM-goBlWZB0ZT4c5ypConv0jF5CMbwTC-iLSFYTgEVJH2WTT-sd9LFFzC8SrpSYrjnn47hFSk4120hp8-SY7u2Fq9BJOiYk96sUAthHd4F4os9bxzbU3OPswm-iSY3Mcfud6yuokfwp_nfnEXsSZ2AlQ0Ive5_pG9WUkrfD4hj4VVetfs7vv__Wh8pGQ6L5HTqBM3m8awiB6dYEv_OkDKKIwOA5pPHoVsRjrkHS8tfxbnXMnriA0AeSQvhA=w702-h588-s-no?authuser=2\" width=\"702\" height=\"588\" \/><\/a><\/p>\n<p>&nbsp;<\/p>\n","protected":false},"excerpt":{"rendered":"<p>Durant el trimestre hem preparat amb molta il\u00b7lusi\u00f3 el concert de PRIMAVERA pels infants de l\u2019Escola Bressol. Hi hem anat el dimecres 7 de juny amb l\u2019acompanyament del Jaume Sabater amb el seu piano, l\u2019Annabel que ens fa m\u00fasica, la Carme i l\u2019Ester.\u00a0\u00a0 A part de cantar, hem interpretat el conte de la PRIMAVERA on [&hellip;]<\/p>\n","protected":false},"author":1,"featured_media":0,"comment_status":"open","ping_status":"closed","sticky":false,"template":"","format":"standard","meta":{"_bbp_topic_count":0,"_bbp_reply_count":0,"_bbp_total_topic_count":0,"_bbp_total_reply_count":0,"_bbp_voice_count":0,"_bbp_anonymous_reply_count":0,"_bbp_topic_count_hidden":0,"_bbp_reply_count_hidden":0,"_bbp_forum_subforum_count":0,"site-sidebar-layout":"default","site-content-layout":"","ast-site-content-layout":"","site-content-style":"default","site-sidebar-style":"default","ast-global-header-display":"","ast-banner-title-visibility":"","ast-main-header-display":"","ast-hfb-above-header-display":"","ast-hfb-below-header-display":"","ast-hfb-mobile-header-display":"","site-post-title":"","ast-breadcrumbs-content":"","ast-featured-img":"","footer-sml-layout":"","theme-transparent-header-meta":"","adv-header-id-meta":"","stick-header-meta":"","header-above-stick-meta":"","header-main-stick-meta":"","header-below-stick-meta":"","astra-migrate-meta-layouts":"default","ast-page-background-enabled":"default","ast-page-background-meta":{"desktop":{"background-color":"var(--ast-global-color-5)","background-image":"","background-repeat":"repeat","background-position":"center center","background-size":"auto","background-attachment":"scroll","background-type":"","background-media":"","overlay-type":"","overlay-color":"","overlay-opacity":"","overlay-gradient":""},"tablet":{"background-color":"","background-image":"","background-repeat":"repeat","background-position":"center center","background-size":"auto","background-attachment":"scroll","background-type":"","background-media":"","overlay-type":"","overlay-color":"","overlay-opacity":"","overlay-gradient":""},"mobile":{"background-color":"","background-image":"","background-repeat":"repeat","background-position":"center center","background-size":"auto","background-attachment":"scroll","background-type":"","background-media":"","overlay-type":"","overlay-color":"","overlay-opacity":"","overlay-gradient":""}},"ast-content-background-meta":{"desktop":{"background-color":"var(--ast-global-color-4)","background-image":"","background-repeat":"repeat","background-position":"center center","background-size":"auto","background-attachment":"scroll","background-type":"","background-media":"","overlay-type":"","overlay-color":"","overlay-opacity":"","overlay-gradient":""},"tablet":{"background-color":"var(--ast-global-color-4)","background-image":"","background-repeat":"repeat","background-position":"center center","background-size":"auto","background-attachment":"scroll","background-type":"","background-media":"","overlay-type":"","overlay-color":"","overlay-opacity":"","overlay-gradient":""},"mobile":{"background-color":"var(--ast-global-color-4)","background-image":"","background-repeat":"repeat","background-position":"center center","background-size":"auto","background-attachment":"scroll","background-type":"","background-media":"","overlay-type":"","overlay-color":"","overlay-opacity":"","overlay-gradient":""}},"footnotes":""},"categories":[9],"tags":[197,198],"class_list":["post-13100","post","type-post","status-publish","format-standard","hentry","category-i5","tag-i5-a","tag-i5-b"],"post_mailing_queue_ids":[],"_links":{"self":[{"href":"https:\/\/agora.xtec.cat\/escmarquesdelapobla\/wp-json\/wp\/v2\/posts\/13100","targetHints":{"allow":["GET"]}}],"collection":[{"href":"https:\/\/agora.xtec.cat\/escmarquesdelapobla\/wp-json\/wp\/v2\/posts"}],"about":[{"href":"https:\/\/agora.xtec.cat\/escmarquesdelapobla\/wp-json\/wp\/v2\/types\/post"}],"author":[{"embeddable":true,"href":"https:\/\/agora.xtec.cat\/escmarquesdelapobla\/wp-json\/wp\/v2\/users\/1"}],"replies":[{"embeddable":true,"href":"https:\/\/agora.xtec.cat\/escmarquesdelapobla\/wp-json\/wp\/v2\/comments?post=13100"}],"version-history":[{"count":3,"href":"https:\/\/agora.xtec.cat\/escmarquesdelapobla\/wp-json\/wp\/v2\/posts\/13100\/revisions"}],"predecessor-version":[{"id":13107,"href":"https:\/\/agora.xtec.cat\/escmarquesdelapobla\/wp-json\/wp\/v2\/posts\/13100\/revisions\/13107"}],"wp:attachment":[{"href":"https:\/\/agora.xtec.cat\/escmarquesdelapobla\/wp-json\/wp\/v2\/media?parent=13100"}],"wp:term":[{"taxonomy":"category","embeddable":true,"href":"https:\/\/agora.xtec.cat\/escmarquesdelapobla\/wp-json\/wp\/v2\/categories?post=13100"},{"taxonomy":"post_tag","embeddable":true,"href":"https:\/\/agora.xtec.cat\/escmarquesdelapobla\/wp-json\/wp\/v2\/tags?post=13100"}],"curies":[{"name":"wp","href":"https:\/\/api.w.org\/{rel}","templated":true}]}}