{"id":13058,"date":"2023-05-20T10:54:05","date_gmt":"2023-05-20T08:54:05","guid":{"rendered":"https:\/\/agora.xtec.cat\/escmarquesdelapobla\/?p=13058"},"modified":"2023-05-22T19:02:32","modified_gmt":"2023-05-22T17:02:32","slug":"cloenda-grup-de-conversa-per-a-families-nouvingudes","status":"publish","type":"post","link":"https:\/\/agora.xtec.cat\/escmarquesdelapobla\/general\/cloenda-grup-de-conversa-per-a-families-nouvingudes\/","title":{"rendered":"Cloenda grup de conversa per a fam\u00edlies nouvingudes"},"content":{"rendered":"<p style=\"text-align: justify;\"><span style=\"font-weight: 400;\">Durant el curs 2022-23 i organitzat des del Pla Educatiu d&#8217;entorn de Capellades, a l\u2019escola s\u2019han portat a terme de nou els grups de conversa per a fam\u00edlies nouvingudes impartits per una monitora.<\/span><\/p>\n<p style=\"text-align: justify;\"><span style=\"font-weight: 400;\">Unes catorze fam\u00edlies han pogut gaudir setmanalment d\u2019aquest servei a la tarda, un cop acabades les classes i amb l\u2019objectiu de familiaritzar-se amb la llengua catalana, els seus costums i rutines m\u00e9s b\u00e0siques del dia a dia.\u00a0<\/span><\/p>\n<p style=\"text-align: justify;\"><span style=\"font-weight: 400;\">La Jana, monitora del taller, s\u2019ha mostrat molt satisfeta per la bona acollida i l&#8217;aprofitament de les sessions.<\/span><\/p>\n<p style=\"text-align: justify;\"><span style=\"font-weight: 400;\">El dimarts dia 9 de maig es van reunir totes les fam\u00edlies al menjador del centre per finalitzar les classes. Per aquesta ocasi\u00f3, havien preparat una petita mostra oral en catal\u00e0 on cada membre s&#8217;expressava davant la resta d\u2019assistents. Va ser un moment molt bonic i emotiu.<\/span><\/p>\n<p style=\"text-align: justify;\"><span style=\"font-weight: 400;\">La trobada va acabar compartint un berenar i fent un intercanvi molt positiu d\u2019impressions.<\/span><\/p>\n<p style=\"text-align: justify;\"><span style=\"font-weight: 400;\">Tamb\u00e9 van assistir-hi algunes de les persones que coordinen aquesta activitat. Les fam\u00edlies van mostrar el desig que aquesta proposta pugui continuar el curs vinent.<\/span><\/p>\n<p style=\"text-align: justify;\"><span style=\"font-weight: 400;\">Des de l\u2019escola es valora com a molt positiva aquesta iniciativa.\u00a0<\/span><\/p>\n<p style=\"text-align: justify;\">\n","protected":false},"excerpt":{"rendered":"<p>Durant el curs 2022-23 i organitzat des del Pla Educatiu d&#8217;entorn de Capellades, a l\u2019escola s\u2019han portat a terme de nou els grups de conversa per a fam\u00edlies nouvingudes impartits per una monitora. Unes catorze fam\u00edlies han pogut gaudir setmanalment d\u2019aquest servei a la tarda, un cop acabades les classes i amb l\u2019objectiu de familiaritzar-se [&hellip;]<\/p>\n","protected":false},"author":45,"featured_media":0,"comment_status":"open","ping_status":"closed","sticky":false,"template":"","format":"standard","meta":{"_bbp_topic_count":0,"_bbp_reply_count":0,"_bbp_total_topic_count":0,"_bbp_total_reply_count":0,"_bbp_voice_count":0,"_bbp_anonymous_reply_count":0,"_bbp_topic_count_hidden":0,"_bbp_reply_count_hidden":0,"_bbp_forum_subforum_count":0,"site-sidebar-layout":"default","site-content-layout":"","ast-site-content-layout":"","site-content-style":"default","site-sidebar-style":"default","ast-global-header-display":"","ast-banner-title-visibility":"","ast-main-header-display":"","ast-hfb-above-header-display":"","ast-hfb-below-header-display":"","ast-hfb-mobile-header-display":"","site-post-title":"","ast-breadcrumbs-content":"","ast-featured-img":"","footer-sml-layout":"","theme-transparent-header-meta":"","adv-header-id-meta":"","stick-header-meta":"","header-above-stick-meta":"","header-main-stick-meta":"","header-below-stick-meta":"","astra-migrate-meta-layouts":"default","ast-page-background-enabled":"default","ast-page-background-meta":{"desktop":{"background-color":"var(--ast-global-color-5)","background-image":"","background-repeat":"repeat","background-position":"center center","background-size":"auto","background-attachment":"scroll","background-type":"","background-media":"","overlay-type":"","overlay-color":"","overlay-opacity":"","overlay-gradient":""},"tablet":{"background-color":"","background-image":"","background-repeat":"repeat","background-position":"center center","background-size":"auto","background-attachment":"scroll","background-type":"","background-media":"","overlay-type":"","overlay-color":"","overlay-opacity":"","overlay-gradient":""},"mobile":{"background-color":"","background-image":"","background-repeat":"repeat","background-position":"center center","background-size":"auto","background-attachment":"scroll","background-type":"","background-media":"","overlay-type":"","overlay-color":"","overlay-opacity":"","overlay-gradient":""}},"ast-content-background-meta":{"desktop":{"background-color":"var(--ast-global-color-4)","background-image":"","background-repeat":"repeat","background-position":"center center","background-size":"auto","background-attachment":"scroll","background-type":"","background-media":"","overlay-type":"","overlay-color":"","overlay-opacity":"","overlay-gradient":""},"tablet":{"background-color":"var(--ast-global-color-4)","background-image":"","background-repeat":"repeat","background-position":"center center","background-size":"auto","background-attachment":"scroll","background-type":"","background-media":"","overlay-type":"","overlay-color":"","overlay-opacity":"","overlay-gradient":""},"mobile":{"background-color":"var(--ast-global-color-4)","background-image":"","background-repeat":"repeat","background-position":"center center","background-size":"auto","background-attachment":"scroll","background-type":"","background-media":"","overlay-type":"","overlay-color":"","overlay-opacity":"","overlay-gradient":""}},"footnotes":""},"categories":[1,80],"tags":[223],"class_list":["post-13058","post","type-post","status-publish","format-standard","hentry","category-general","category-escola","tag-lescola"],"post_mailing_queue_ids":[],"_links":{"self":[{"href":"https:\/\/agora.xtec.cat\/escmarquesdelapobla\/wp-json\/wp\/v2\/posts\/13058","targetHints":{"allow":["GET"]}}],"collection":[{"href":"https:\/\/agora.xtec.cat\/escmarquesdelapobla\/wp-json\/wp\/v2\/posts"}],"about":[{"href":"https:\/\/agora.xtec.cat\/escmarquesdelapobla\/wp-json\/wp\/v2\/types\/post"}],"author":[{"embeddable":true,"href":"https:\/\/agora.xtec.cat\/escmarquesdelapobla\/wp-json\/wp\/v2\/users\/45"}],"replies":[{"embeddable":true,"href":"https:\/\/agora.xtec.cat\/escmarquesdelapobla\/wp-json\/wp\/v2\/comments?post=13058"}],"version-history":[{"count":2,"href":"https:\/\/agora.xtec.cat\/escmarquesdelapobla\/wp-json\/wp\/v2\/posts\/13058\/revisions"}],"predecessor-version":[{"id":13066,"href":"https:\/\/agora.xtec.cat\/escmarquesdelapobla\/wp-json\/wp\/v2\/posts\/13058\/revisions\/13066"}],"wp:attachment":[{"href":"https:\/\/agora.xtec.cat\/escmarquesdelapobla\/wp-json\/wp\/v2\/media?parent=13058"}],"wp:term":[{"taxonomy":"category","embeddable":true,"href":"https:\/\/agora.xtec.cat\/escmarquesdelapobla\/wp-json\/wp\/v2\/categories?post=13058"},{"taxonomy":"post_tag","embeddable":true,"href":"https:\/\/agora.xtec.cat\/escmarquesdelapobla\/wp-json\/wp\/v2\/tags?post=13058"}],"curies":[{"name":"wp","href":"https:\/\/api.w.org\/{rel}","templated":true}]}}