{"id":13044,"date":"2023-05-18T10:45:48","date_gmt":"2023-05-18T08:45:48","guid":{"rendered":"https:\/\/agora.xtec.cat\/escmarquesdelapobla\/?p=13044"},"modified":"2023-05-20T11:16:28","modified_gmt":"2023-05-20T09:16:28","slug":"beques-menjador-curs-23-24","status":"publish","type":"post","link":"https:\/\/agora.xtec.cat\/escmarquesdelapobla\/info\/beques-menjador-curs-23-24\/","title":{"rendered":"BEQUES MENJADOR CURS 23-24"},"content":{"rendered":"<p style=\"text-align: justify;\">Benvolgudes fam\u00edlies,<\/p>\n<p style=\"text-align: justify;\">Us informem que ja podeu demanar la <strong>beca de Menjador<\/strong> escolar pel curs vinent.\u00a0El termini per presentar-la acaba el dia <strong>31 de maig de 2023<\/strong>.<\/p>\n<p style=\"text-align: justify;\"><span style=\"font-family: inherit; font-size: 1em;\">La sol\u00b7licitud es podr\u00e0 fer a trav\u00e9s de l\u00b4enlla\u00e7 <\/span><strong style=\"font-family: inherit; font-size: 1em;\"><a href=\"https:\/\/www.anoia.cat\/departaments\/ensenyament\/ajuts-individuals-de-menjador\/\" target=\"_blank\" rel=\"noopener\" data-saferedirecturl=\"https:\/\/www.google.com\/url?q=https:\/\/www.anoia.cat\/departaments\/ensenyament\/ajuts-individuals-de-menjador\/&amp;source=gmail&amp;ust=1684480972279000&amp;usg=AOvVaw07uKqLU-ZiyTz46EMzh7fL\">https:\/\/www.anoia.cat\/<wbr \/>departaments\/ensenyament\/<wbr \/>ajuts-individuals-de-menjador\/<\/a><\/strong><span style=\"font-family: inherit; font-size: 1em;\">.\u00a0<\/span><\/p>\n<p style=\"text-align: justify;\">Per resoldre dubtes sobre la tramitaci\u00f3 poden trucar al tel\u00e8fon <strong>93 805 15 85 (extensi\u00f3 323-325)<\/strong>.<\/p>\n<p style=\"text-align: justify;\">Les resolucions es notificaran mitjan\u00e7ant\u00a0\u00a0correu electr\u00f2nic a primers de <u>setembre<\/u> per aquells expedients que s\u2019hagin pogut resoldre.<\/p>\n<p style=\"text-align: justify;\">El dia <strong>30 de maig <\/strong>de<strong> 9 a 13h<\/strong> vindran a la nostra escola per resoldre dubtes i fer inscripcions. Si esteu interessats, podeu demanar-nos cita a secretaria.<\/p>\n<p><img loading=\"lazy\" decoding=\"async\" class=\"wp-image-13046 aligncenter\" src=\"https:\/\/agora.xtec.cat\/escmarquesdelapobla\/wp-content\/uploads\/usu1682\/2023\/05\/becamenj.png\" alt=\"\" width=\"333\" height=\"315\" srcset=\"https:\/\/agora.xtec.cat\/escmarquesdelapobla\/wp-content\/uploads\/usu1682\/2023\/05\/becamenj.png 704w, https:\/\/agora.xtec.cat\/escmarquesdelapobla\/wp-content\/uploads\/usu1682\/2023\/05\/becamenj-300x283.png 300w\" sizes=\"auto, (max-width: 333px) 100vw, 333px\" \/><\/p>\n<p>&nbsp;<\/p>\n","protected":false},"excerpt":{"rendered":"<p>Benvolgudes fam\u00edlies, Us informem que ja podeu demanar la beca de Menjador escolar pel curs vinent.\u00a0El termini per presentar-la acaba el dia 31 de maig de 2023. La sol\u00b7licitud es podr\u00e0 fer a trav\u00e9s de l\u00b4enlla\u00e7 https:\/\/www.anoia.cat\/departaments\/ensenyament\/ajuts-individuals-de-menjador\/.\u00a0 Per resoldre dubtes sobre la tramitaci\u00f3 poden trucar al tel\u00e8fon 93 805 15 85 (extensi\u00f3 323-325). Les resolucions [&hellip;]<\/p>\n","protected":false},"author":1,"featured_media":0,"comment_status":"open","ping_status":"closed","sticky":false,"template":"","format":"standard","meta":{"_bbp_topic_count":0,"_bbp_reply_count":0,"_bbp_total_topic_count":0,"_bbp_total_reply_count":0,"_bbp_voice_count":0,"_bbp_anonymous_reply_count":0,"_bbp_topic_count_hidden":0,"_bbp_reply_count_hidden":0,"_bbp_forum_subforum_count":0,"site-sidebar-layout":"default","site-content-layout":"","ast-site-content-layout":"","site-content-style":"default","site-sidebar-style":"default","ast-global-header-display":"","ast-banner-title-visibility":"","ast-main-header-display":"","ast-hfb-above-header-display":"","ast-hfb-below-header-display":"","ast-hfb-mobile-header-display":"","site-post-title":"","ast-breadcrumbs-content":"","ast-featured-img":"","footer-sml-layout":"","theme-transparent-header-meta":"","adv-header-id-meta":"","stick-header-meta":"","header-above-stick-meta":"","header-main-stick-meta":"","header-below-stick-meta":"","astra-migrate-meta-layouts":"default","ast-page-background-enabled":"default","ast-page-background-meta":{"desktop":{"background-color":"var(--ast-global-color-5)","background-image":"","background-repeat":"repeat","background-position":"center center","background-size":"auto","background-attachment":"scroll","background-type":"","background-media":"","overlay-type":"","overlay-color":"","overlay-opacity":"","overlay-gradient":""},"tablet":{"background-color":"","background-image":"","background-repeat":"repeat","background-position":"center center","background-size":"auto","background-attachment":"scroll","background-type":"","background-media":"","overlay-type":"","overlay-color":"","overlay-opacity":"","overlay-gradient":""},"mobile":{"background-color":"","background-image":"","background-repeat":"repeat","background-position":"center center","background-size":"auto","background-attachment":"scroll","background-type":"","background-media":"","overlay-type":"","overlay-color":"","overlay-opacity":"","overlay-gradient":""}},"ast-content-background-meta":{"desktop":{"background-color":"var(--ast-global-color-4)","background-image":"","background-repeat":"repeat","background-position":"center center","background-size":"auto","background-attachment":"scroll","background-type":"","background-media":"","overlay-type":"","overlay-color":"","overlay-opacity":"","overlay-gradient":""},"tablet":{"background-color":"var(--ast-global-color-4)","background-image":"","background-repeat":"repeat","background-position":"center center","background-size":"auto","background-attachment":"scroll","background-type":"","background-media":"","overlay-type":"","overlay-color":"","overlay-opacity":"","overlay-gradient":""},"mobile":{"background-color":"var(--ast-global-color-4)","background-image":"","background-repeat":"repeat","background-position":"center center","background-size":"auto","background-attachment":"scroll","background-type":"","background-media":"","overlay-type":"","overlay-color":"","overlay-opacity":"","overlay-gradient":""}},"footnotes":""},"categories":[130,79,171],"tags":[],"class_list":["post-13044","post","type-post","status-publish","format-standard","hentry","category-beques-informacio","category-info","category-tauler-principal"],"post_mailing_queue_ids":[],"_links":{"self":[{"href":"https:\/\/agora.xtec.cat\/escmarquesdelapobla\/wp-json\/wp\/v2\/posts\/13044","targetHints":{"allow":["GET"]}}],"collection":[{"href":"https:\/\/agora.xtec.cat\/escmarquesdelapobla\/wp-json\/wp\/v2\/posts"}],"about":[{"href":"https:\/\/agora.xtec.cat\/escmarquesdelapobla\/wp-json\/wp\/v2\/types\/post"}],"author":[{"embeddable":true,"href":"https:\/\/agora.xtec.cat\/escmarquesdelapobla\/wp-json\/wp\/v2\/users\/1"}],"replies":[{"embeddable":true,"href":"https:\/\/agora.xtec.cat\/escmarquesdelapobla\/wp-json\/wp\/v2\/comments?post=13044"}],"version-history":[{"count":3,"href":"https:\/\/agora.xtec.cat\/escmarquesdelapobla\/wp-json\/wp\/v2\/posts\/13044\/revisions"}],"predecessor-version":[{"id":13063,"href":"https:\/\/agora.xtec.cat\/escmarquesdelapobla\/wp-json\/wp\/v2\/posts\/13044\/revisions\/13063"}],"wp:attachment":[{"href":"https:\/\/agora.xtec.cat\/escmarquesdelapobla\/wp-json\/wp\/v2\/media?parent=13044"}],"wp:term":[{"taxonomy":"category","embeddable":true,"href":"https:\/\/agora.xtec.cat\/escmarquesdelapobla\/wp-json\/wp\/v2\/categories?post=13044"},{"taxonomy":"post_tag","embeddable":true,"href":"https:\/\/agora.xtec.cat\/escmarquesdelapobla\/wp-json\/wp\/v2\/tags?post=13044"}],"curies":[{"name":"wp","href":"https:\/\/api.w.org\/{rel}","templated":true}]}}