{"id":12971,"date":"2023-05-18T10:01:29","date_gmt":"2023-05-18T08:01:29","guid":{"rendered":"https:\/\/agora.xtec.cat\/escmarquesdelapobla\/?p=12971"},"modified":"2023-05-18T10:01:29","modified_gmt":"2023-05-18T08:01:29","slug":"exposicio-i-festa-adifolk","status":"publish","type":"post","link":"https:\/\/agora.xtec.cat\/escmarquesdelapobla\/general\/exposicio-i-festa-adifolk\/","title":{"rendered":"Exposici\u00f3 i festa Adifolk"},"content":{"rendered":"<p style=\"text-align: justify;\">Al llarg d&#8217;aquesta setmana hem tingut una exposici\u00f3 amb elements culturals de diferents entitats culturals de Capellades, participant amb l&#8217;Associaci\u00f3 per la Difusi\u00f3 del Folklore: l&#8217;Adifolk, que ja fa 50 anys de la seva inauguraci\u00f3.<\/p>\n<p style=\"text-align: justify;\">Per finalitzar la setmana, divendres a la tarda s&#8217;han presentat les diferents entitats culturals capelladines i han fet una mostra de l&#8217;activitat que realitzen. Han participat els Gegants, els Capgrossos, els Dimonis, els Grallers, els Falcons, la Coral, la Banda de l&#8217;Escola de M\u00fasica, Festes al carrer, Reis, Teatre i Bastoners.<\/p>\n<p style=\"text-align: justify;\">Han pogut participa-hi tamb\u00e9 les fam\u00edlies i l&#8217;alumnat de l&#8217;escola, ha sigut una setmana on hem pogut observar i parlar sobre la cultura que ens envolta i fer un tastet d&#8217;aquesta per concloure-la.<\/p>\n<p><a href=\"https:\/\/photos.app.goo.gl\/kUagQ8woZiQY2wgq8\"><img loading=\"lazy\" decoding=\"async\" class=\"aligncenter size-large\" src=\"https:\/\/lh3.googleusercontent.com\/eZOepOUw0e_MURDkflJKW5YkkW-ce9hVtwvWCbdOBG5e_w4efBpy8dyrzN7MWHOtHDNzHPqj0mvTU_45H9Wmfq8zgGklpNmcZZzbIFxDShypWjGeX4zFfzzDKSvQNbtwq4e9sB8LzCl-25x1G0LfHWjEPlR2BRBMbhsfuzf-AIve_3-vRR7hFC8aUoGubtM1WnErqOwzBn9s-Ealn5wd0AOEIAIle5N21cAcR6e26ouls5tBvTPy_9ZSXiwYRO1hJVSQl9boGyg9Xo_sIohgPLDYQ4PFJovO63jZAZM17NgImqGqYVrYtNtmKcXiQr6drIq3gXr825Ppq_W-9KKTPk-Hjx2FVY-DK0HL_e3trc0nSSKv4vMptZVz_aStc6lIx068zHwUeC8qC9WYbg8kwP3NEYOgp9w8wKbwIgTEXRAraoqiq_Ny-3XvTbRcMaCQuUW-FOVOEq8egnYUoxPIlnJQWGyRe0jiG8jDXpqpwGQ2sWLKupot19SO9Q3qscEA7utUL3EKQ4v4ULlhgOURLZRCsRacJbpPu6q7HjTcu4HlnAyEG9QuoRJ0rQ8FnlOzaN5p55liti8dhVsnSlLrJhmmYIt5ViT8SiTUwnFhNSJ49RA2EjREpD3v_Tz-mcA4AoAlWJm9CyfT23Cv5anOhgxtMt_uPfgaZNJE4jI5tQ5lIYF82UuoM7sg97cfEBZkvutKUO8A0hYlIVM9hsowsbNgkdUqrL49ORsAUDayA5Ne5B6lI8V_F-HUv5kZb53LpN5buc7IuiV2JmfNzfcVCtEjKoc_Mwl0hPLwMhbAuCNNokEtmTlenv9PtB7CsD6l5Q0WTCsWCmTkE5Cq7LauMzEaD5zz09r4yGoCQifrXiuMYi3eA4-a1qGrr7q_HjCwwG2dfkLIxhXHKygFwQVNDgpgaXko-xFPUDk1snB7pCeIuNhWSQts84iNHqWMtr9x8OvKdSy_X2_usJy0rks=w1659-h933-s-no?authuser=1\" width=\"1659\" height=\"933\" \/><\/a><\/p>\n","protected":false},"excerpt":{"rendered":"<p>Al llarg d&#8217;aquesta setmana hem tingut una exposici\u00f3 amb elements culturals de diferents entitats culturals de Capellades, participant amb l&#8217;Associaci\u00f3 per la Difusi\u00f3 del Folklore: l&#8217;Adifolk, que ja fa 50 anys de la seva inauguraci\u00f3. Per finalitzar la setmana, divendres a la tarda s&#8217;han presentat les diferents entitats culturals capelladines i han fet una mostra [&hellip;]<\/p>\n","protected":false},"author":45,"featured_media":0,"comment_status":"open","ping_status":"closed","sticky":false,"template":"","format":"standard","meta":{"_bbp_topic_count":0,"_bbp_reply_count":0,"_bbp_total_topic_count":0,"_bbp_total_reply_count":0,"_bbp_voice_count":0,"_bbp_anonymous_reply_count":0,"_bbp_topic_count_hidden":0,"_bbp_reply_count_hidden":0,"_bbp_forum_subforum_count":0,"site-sidebar-layout":"default","site-content-layout":"","ast-site-content-layout":"","site-content-style":"default","site-sidebar-style":"default","ast-global-header-display":"","ast-banner-title-visibility":"","ast-main-header-display":"","ast-hfb-above-header-display":"","ast-hfb-below-header-display":"","ast-hfb-mobile-header-display":"","site-post-title":"","ast-breadcrumbs-content":"","ast-featured-img":"","footer-sml-layout":"","theme-transparent-header-meta":"","adv-header-id-meta":"","stick-header-meta":"","header-above-stick-meta":"","header-main-stick-meta":"","header-below-stick-meta":"","astra-migrate-meta-layouts":"default","ast-page-background-enabled":"default","ast-page-background-meta":{"desktop":{"background-color":"var(--ast-global-color-5)","background-image":"","background-repeat":"repeat","background-position":"center center","background-size":"auto","background-attachment":"scroll","background-type":"","background-media":"","overlay-type":"","overlay-color":"","overlay-opacity":"","overlay-gradient":""},"tablet":{"background-color":"","background-image":"","background-repeat":"repeat","background-position":"center center","background-size":"auto","background-attachment":"scroll","background-type":"","background-media":"","overlay-type":"","overlay-color":"","overlay-opacity":"","overlay-gradient":""},"mobile":{"background-color":"","background-image":"","background-repeat":"repeat","background-position":"center center","background-size":"auto","background-attachment":"scroll","background-type":"","background-media":"","overlay-type":"","overlay-color":"","overlay-opacity":"","overlay-gradient":""}},"ast-content-background-meta":{"desktop":{"background-color":"var(--ast-global-color-4)","background-image":"","background-repeat":"repeat","background-position":"center center","background-size":"auto","background-attachment":"scroll","background-type":"","background-media":"","overlay-type":"","overlay-color":"","overlay-opacity":"","overlay-gradient":""},"tablet":{"background-color":"var(--ast-global-color-4)","background-image":"","background-repeat":"repeat","background-position":"center center","background-size":"auto","background-attachment":"scroll","background-type":"","background-media":"","overlay-type":"","overlay-color":"","overlay-opacity":"","overlay-gradient":""},"mobile":{"background-color":"var(--ast-global-color-4)","background-image":"","background-repeat":"repeat","background-position":"center center","background-size":"auto","background-attachment":"scroll","background-type":"","background-media":"","overlay-type":"","overlay-color":"","overlay-opacity":"","overlay-gradient":""}},"footnotes":""},"categories":[1,171],"tags":[],"class_list":["post-12971","post","type-post","status-publish","format-standard","hentry","category-general","category-tauler-principal"],"post_mailing_queue_ids":[],"_links":{"self":[{"href":"https:\/\/agora.xtec.cat\/escmarquesdelapobla\/wp-json\/wp\/v2\/posts\/12971","targetHints":{"allow":["GET"]}}],"collection":[{"href":"https:\/\/agora.xtec.cat\/escmarquesdelapobla\/wp-json\/wp\/v2\/posts"}],"about":[{"href":"https:\/\/agora.xtec.cat\/escmarquesdelapobla\/wp-json\/wp\/v2\/types\/post"}],"author":[{"embeddable":true,"href":"https:\/\/agora.xtec.cat\/escmarquesdelapobla\/wp-json\/wp\/v2\/users\/45"}],"replies":[{"embeddable":true,"href":"https:\/\/agora.xtec.cat\/escmarquesdelapobla\/wp-json\/wp\/v2\/comments?post=12971"}],"version-history":[{"count":3,"href":"https:\/\/agora.xtec.cat\/escmarquesdelapobla\/wp-json\/wp\/v2\/posts\/12971\/revisions"}],"predecessor-version":[{"id":12979,"href":"https:\/\/agora.xtec.cat\/escmarquesdelapobla\/wp-json\/wp\/v2\/posts\/12971\/revisions\/12979"}],"wp:attachment":[{"href":"https:\/\/agora.xtec.cat\/escmarquesdelapobla\/wp-json\/wp\/v2\/media?parent=12971"}],"wp:term":[{"taxonomy":"category","embeddable":true,"href":"https:\/\/agora.xtec.cat\/escmarquesdelapobla\/wp-json\/wp\/v2\/categories?post=12971"},{"taxonomy":"post_tag","embeddable":true,"href":"https:\/\/agora.xtec.cat\/escmarquesdelapobla\/wp-json\/wp\/v2\/tags?post=12971"}],"curies":[{"name":"wp","href":"https:\/\/api.w.org\/{rel}","templated":true}]}}