{"id":12883,"date":"2023-04-03T09:30:06","date_gmt":"2023-04-03T07:30:06","guid":{"rendered":"https:\/\/agora.xtec.cat\/escmarquesdelapobla\/?p=12883"},"modified":"2023-04-02T17:10:04","modified_gmt":"2023-04-02T15:10:04","slug":"setmana-cultural-cm","status":"publish","type":"post","link":"https:\/\/agora.xtec.cat\/escmarquesdelapobla\/mitja\/setmana-cultural-cm\/","title":{"rendered":"Setmana cultural CM"},"content":{"rendered":"<p style=\"text-align: justify;\">Durant la Setmana Cultural hem estat fent diverses activitats que promouen la cultura en els infants:<\/p>\n<p style=\"text-align: justify;\">Hem fet un taller sobre la percepci\u00f3 del color i la fotografia a c\u00e0rrec de la Lourdes, tamb\u00e9 hem realitzat exposicions, ens han visitat els Gegantets, hem cantat a la primavera a c\u00e0rrec del Jaume, hem anat a dibuixar la bassa, hem celebrat la jornada de l&#8217;esport i hem acabat la setmana fent la Mona i tamb\u00e9 un Got Talent del Marqu\u00e8s de la Pobla, amb un jurat molt especial: exalumnes de la nostra escola, quina il\u00b7lusi\u00f3 que vinguessin a participar!<\/p>\n<p style=\"text-align: justify;\">Ha estat una setmana diferent, plena d&#8217;emocions i hem passat molt bones estones celebrant la cultura que ens envolta.<\/p>\n<p style=\"text-align: justify;\"><a href=\"https:\/\/photos.app.goo.gl\/WRgJbue93NYhBjWo6\"><img loading=\"lazy\" decoding=\"async\" class=\"aligncenter size-large\" src=\"https:\/\/lh3.googleusercontent.com\/5yaLNSpJv6YJU05suNfqcPTBZPsqLQwSuqjo-b9YhH8tzBydEh1x4e2j1xsRpmPIOvATxWBMXLIQmEpweQc6WfDboGbfu5gc36tSRkcpNQwCKsTjEvbEoUrf9R93-PfHvCJVQleitc7kxmcWluP_LUhVsr2vfTnsEeFh2J_Ge3_c-ZQ-zWJllcwGSjCXYUd7spmq6DDSgFCpjITI07_hKE1cyPXnrSWHRLh2u5PycjTVcX5-TbS9MzS6ZmUjVRc-oP42iay0T3-DA6o1Z4mtvRxLRmRPDTcyCUhpLtXKkcWDyBOnvw0RGvqTOLkCQPfgL-vEEaF32N85OiO1jbFwB1-XBfg_DtOzsN2Yc0rm9doWVkoMFIzGTwMS8EMXzRTm7yN4qvBQtdPAuQ9bg2HH-gk0pGEFLjxkA2SYqrRWsW3SbhEnermfFe_22RCMwI0Ynn5X0HXSxpnrqz_L2gnVk8qBe17jS4I7S_okdazrEvnEWgqrX0WQBZbu5l_nCGqq_54tGLI0zkLhEDcu-msBWjsWnRz0y0tzmrti7Nzt5lDUjrBzKYC-cC5_K6oymKTPMYvOXMBY8cPtiH0MVOCY1drKun7vv2oQn6wzs1a9bPxZtAJDTecMv6MTox0NF9IZtsQGe0bKhm3pp0bOXLiISjsGoAxs7nkwuc7VgYNWsSuXEnsVDMt1p--jyaMt-1H-R5-8xDINKPPy7awHilOUJqmxXixhexuwFYM4TFcivYJlqpe0-9pESYkd88J__QDxgZIaYYxDh7Nmc3RNPkslsvPkq7o7ItO29GHRKTrwJR_N296Ryz80r1JYVS41Fu3Ah4B0Eh-93AutKbUOGrGOclKSrsgC5a5YLGZMqSzv5gzD9fwnaQewgxtFwk_6Z1-P_mve8_OQKJboLoqNatKSpNk4py_kMgG82gk5_71OFBYZiDIgKNljY2fPKpiFyDCuHE3B-1EA_Urxx9e6jdQ=w1530-h860-s-no?authuser=1\" width=\"1530\" height=\"860\" \/><\/a><\/p>\n","protected":false},"excerpt":{"rendered":"<p>Durant la Setmana Cultural hem estat fent diverses activitats que promouen la cultura en els infants: Hem fet un taller sobre la percepci\u00f3 del color i la fotografia a c\u00e0rrec de la Lourdes, tamb\u00e9 hem realitzat exposicions, ens han visitat els Gegantets, hem cantat a la primavera a c\u00e0rrec del Jaume, hem anat a dibuixar [&hellip;]<\/p>\n","protected":false},"author":45,"featured_media":0,"comment_status":"open","ping_status":"closed","sticky":false,"template":"","format":"standard","meta":{"_bbp_topic_count":0,"_bbp_reply_count":0,"_bbp_total_topic_count":0,"_bbp_total_reply_count":0,"_bbp_voice_count":0,"_bbp_anonymous_reply_count":0,"_bbp_topic_count_hidden":0,"_bbp_reply_count_hidden":0,"_bbp_forum_subforum_count":0,"site-sidebar-layout":"default","site-content-layout":"","ast-site-content-layout":"","site-content-style":"default","site-sidebar-style":"default","ast-global-header-display":"","ast-banner-title-visibility":"","ast-main-header-display":"","ast-hfb-above-header-display":"","ast-hfb-below-header-display":"","ast-hfb-mobile-header-display":"","site-post-title":"","ast-breadcrumbs-content":"","ast-featured-img":"","footer-sml-layout":"","theme-transparent-header-meta":"","adv-header-id-meta":"","stick-header-meta":"","header-above-stick-meta":"","header-main-stick-meta":"","header-below-stick-meta":"","astra-migrate-meta-layouts":"default","ast-page-background-enabled":"default","ast-page-background-meta":{"desktop":{"background-color":"var(--ast-global-color-5)","background-image":"","background-repeat":"repeat","background-position":"center center","background-size":"auto","background-attachment":"scroll","background-type":"","background-media":"","overlay-type":"","overlay-color":"","overlay-opacity":"","overlay-gradient":""},"tablet":{"background-color":"","background-image":"","background-repeat":"repeat","background-position":"center center","background-size":"auto","background-attachment":"scroll","background-type":"","background-media":"","overlay-type":"","overlay-color":"","overlay-opacity":"","overlay-gradient":""},"mobile":{"background-color":"","background-image":"","background-repeat":"repeat","background-position":"center center","background-size":"auto","background-attachment":"scroll","background-type":"","background-media":"","overlay-type":"","overlay-color":"","overlay-opacity":"","overlay-gradient":""}},"ast-content-background-meta":{"desktop":{"background-color":"var(--ast-global-color-4)","background-image":"","background-repeat":"repeat","background-position":"center center","background-size":"auto","background-attachment":"scroll","background-type":"","background-media":"","overlay-type":"","overlay-color":"","overlay-opacity":"","overlay-gradient":""},"tablet":{"background-color":"var(--ast-global-color-4)","background-image":"","background-repeat":"repeat","background-position":"center center","background-size":"auto","background-attachment":"scroll","background-type":"","background-media":"","overlay-type":"","overlay-color":"","overlay-opacity":"","overlay-gradient":""},"mobile":{"background-color":"var(--ast-global-color-4)","background-image":"","background-repeat":"repeat","background-position":"center center","background-size":"auto","background-attachment":"scroll","background-type":"","background-media":"","overlay-type":"","overlay-color":"","overlay-opacity":"","overlay-gradient":""}},"footnotes":""},"categories":[65,140,139],"tags":[185,186,187,188],"class_list":["post-12883","post","type-post","status-publish","format-standard","hentry","category-mitja","category-p3","category-p4","tag-p3a","tag-p3b","tag-p4a","tag-p4b"],"post_mailing_queue_ids":[],"_links":{"self":[{"href":"https:\/\/agora.xtec.cat\/escmarquesdelapobla\/wp-json\/wp\/v2\/posts\/12883","targetHints":{"allow":["GET"]}}],"collection":[{"href":"https:\/\/agora.xtec.cat\/escmarquesdelapobla\/wp-json\/wp\/v2\/posts"}],"about":[{"href":"https:\/\/agora.xtec.cat\/escmarquesdelapobla\/wp-json\/wp\/v2\/types\/post"}],"author":[{"embeddable":true,"href":"https:\/\/agora.xtec.cat\/escmarquesdelapobla\/wp-json\/wp\/v2\/users\/45"}],"replies":[{"embeddable":true,"href":"https:\/\/agora.xtec.cat\/escmarquesdelapobla\/wp-json\/wp\/v2\/comments?post=12883"}],"version-history":[{"count":3,"href":"https:\/\/agora.xtec.cat\/escmarquesdelapobla\/wp-json\/wp\/v2\/posts\/12883\/revisions"}],"predecessor-version":[{"id":12888,"href":"https:\/\/agora.xtec.cat\/escmarquesdelapobla\/wp-json\/wp\/v2\/posts\/12883\/revisions\/12888"}],"wp:attachment":[{"href":"https:\/\/agora.xtec.cat\/escmarquesdelapobla\/wp-json\/wp\/v2\/media?parent=12883"}],"wp:term":[{"taxonomy":"category","embeddable":true,"href":"https:\/\/agora.xtec.cat\/escmarquesdelapobla\/wp-json\/wp\/v2\/categories?post=12883"},{"taxonomy":"post_tag","embeddable":true,"href":"https:\/\/agora.xtec.cat\/escmarquesdelapobla\/wp-json\/wp\/v2\/tags?post=12883"}],"curies":[{"name":"wp","href":"https:\/\/api.w.org\/{rel}","templated":true}]}}