{"id":12859,"date":"2023-03-29T12:29:31","date_gmt":"2023-03-29T10:29:31","guid":{"rendered":"https:\/\/agora.xtec.cat\/escmarquesdelapobla\/?p=12859"},"modified":"2023-03-29T12:29:31","modified_gmt":"2023-03-29T10:29:31","slug":"sortida-al-palau-de-la-musica-catalana","status":"publish","type":"post","link":"https:\/\/agora.xtec.cat\/escmarquesdelapobla\/superior\/sortida-al-palau-de-la-musica-catalana\/","title":{"rendered":"SORTIDA AL PALAU DE LA M\u00daSICA CATALANA"},"content":{"rendered":"<p>El dijous 16 de mar\u00e7 de 2023, les classes de 6\u00e8 vam anar d\u2019excursi\u00f3 al<br \/>\nPalau de la M\u00fasica catalana de Barcelona a veure un espectacle on la veu<br \/>\na capella era la protagonista.<br \/>\nVam sortir de Capellades a les 9 del mat\u00ed. Al llarg del viatge no vam parar<br \/>\nde cantar a tot pulm\u00f3. Est\u00e0vem molt animats. A l\u2019arribar a Barcelona vam<br \/>\npoder esmorzar en una placeta.<br \/>\nTot seguit vam anar anar a fer cua per entrar l\u2019edifici Modernista: El Palau<br \/>\nde la m\u00fasica. A la sala de concerts ens va cridar l\u2019atenci\u00f3 la c\u00fapula de<br \/>\nvitralls de colors al sostre, tamb\u00e9 les escultures i les parets amb elements<br \/>\nde la natura. De seguida va comen\u00e7ar l\u2019espectacle Les m\u00fasiques del m\u00f3n.<br \/>\nVam poder escoltar cinc cantants professionals interpretant a capella, que<br \/>\nvol dir sense acompanyament instrumental, can\u00e7ons i m\u00fasiques de<br \/>\ndiferents parts del m\u00f3n. Amb la seva veu imitaven diversos instruments de<br \/>\ncorda, de vent i de percussi\u00f3. Va ser espectacular! Cap al final, els cinc<br \/>\nm\u00fasics van baixar a la sala cantant i xocant a la vegada les mans a molts<br \/>\ndels que \u00e9rem al concert. Ens ho vam passar molt b\u00e9!<br \/>\nDespr\u00e9s vam anar a fer una volta per la zona de la catedral. Ens vam<br \/>\nadonar que aquest edifici \u00e9s d\u2019estil g\u00f2tic perqu\u00e8 predomina l\u2019acabament<br \/>\nen punxa.<br \/>\nTot seguit vam anar al parc del Prat de Llobregat a dinar i jugar una bona<br \/>\nestona.<br \/>\nVam passar un dia molt bonic i complert.<br \/>\nText escrit per alumnat de 6\u00e8 C (Tania M i David S)<br \/>\n<a href=\"https:\/\/photos.app.goo.gl\/k9pazUCmV6sjgJRz9\"><img loading=\"lazy\" decoding=\"async\" src=\"https:\/\/lh3.googleusercontent.com\/P114-ImJ4x7tnPHPooHx39SCUdYmHmswVN58MsgVniLtD-_xhmWvm1sxNyJoxDekw1Vxf7zfbu3JqortKROWzBFOfCDHxiacd7u3Csvh88yommU1Of09djFGQopPMCdThwrHVh5K1jFn5PsZQMKlRxN-wa1xFWFgjRcYlwhpZwfoFEeVe2F2snn9HSItWJJeH5r1WdCRg8M345h21Mt5vMv5PMfeANol8zw11omXntuo3-_UBNzlsgoE3w6ox5m8WjmRy20GMdulerezHiXrBvV6O12PMa-HXcDn8o18mR9k1f0Wbb4K5dGReHxln26txcf3jc65sujB6MisQw9Q3NVDAtx7Xcn1XyQbDRyABZROjZiviIX8x7g40iYR6NSgglMN64dVKw0cPLAH1bKdAFE76yWqZRXAUayDg-L0AmmiapaeTxT7OZPXQ0Ryok41yZePfhjLY9GGvxN8NXXFt3pH-SYhiMkQD_MKiA9yy8yK7v33Z8PUsONVXe_1JPY2o06Lw-H4oOdxN9qD6UcQnNK2CAcUgVsQqeQ4XfstUnjJyy0tJfX3qmixwvif4Mjk4OVzaHdI-UVgRV9MOo_DCsfT5w6wByE4Igff1fkRTkgqLjGhZV-feKf64uUmjZlL9dC39T14c_GSBRUgRpd91tmh3VwCDTP0DS2XnkhsfD5amS7M81A0Fv5w6kgqQcqpLUfXHI3-hVL3N6R3RwfNNWgARSjXUU-cv5WTyod6M_wzegWx8B-Mj3bMOUGs4D2abC6UOEj21xXYHRJQSDAGtNKbSAGSve_rRt3Qme9NxTAm6MiPa18bR1YFEpS4xXZyvNW8v3Gpu252OOhvvf8EWTjEPnImQo6Vz_ZN5P39VzHZcZPcLdj55ST6q6kDIAc43IQG5EQdhNU2rLoIYOfmT_-XqDYjAMmN7KEaVqpqhHIk5JAW=w1219-h914-s-no?authuser=0\" width=\"1219\" height=\"914\" class=\"alignnone size-large\" \/><\/a><\/p>\n","protected":false},"excerpt":{"rendered":"<p>El dijous 16 de mar\u00e7 de 2023, les classes de 6\u00e8 vam anar d\u2019excursi\u00f3 al Palau de la M\u00fasica catalana de Barcelona a veure un espectacle on la veu a capella era la protagonista. Vam sortir de Capellades a les 9 del mat\u00ed. Al llarg del viatge no vam parar de cantar a tot pulm\u00f3. [&hellip;]<\/p>\n","protected":false},"author":1,"featured_media":0,"comment_status":"open","ping_status":"closed","sticky":false,"template":"","format":"standard","meta":{"_bbp_topic_count":0,"_bbp_reply_count":0,"_bbp_total_topic_count":0,"_bbp_total_reply_count":0,"_bbp_voice_count":0,"_bbp_anonymous_reply_count":0,"_bbp_topic_count_hidden":0,"_bbp_reply_count_hidden":0,"_bbp_forum_subforum_count":0,"site-sidebar-layout":"default","site-content-layout":"","ast-site-content-layout":"","site-content-style":"default","site-sidebar-style":"default","ast-global-header-display":"","ast-banner-title-visibility":"","ast-main-header-display":"","ast-hfb-above-header-display":"","ast-hfb-below-header-display":"","ast-hfb-mobile-header-display":"","site-post-title":"","ast-breadcrumbs-content":"","ast-featured-img":"","footer-sml-layout":"","theme-transparent-header-meta":"","adv-header-id-meta":"","stick-header-meta":"","header-above-stick-meta":"","header-main-stick-meta":"","header-below-stick-meta":"","astra-migrate-meta-layouts":"default","ast-page-background-enabled":"default","ast-page-background-meta":{"desktop":{"background-color":"var(--ast-global-color-5)","background-image":"","background-repeat":"repeat","background-position":"center center","background-size":"auto","background-attachment":"scroll","background-type":"","background-media":"","overlay-type":"","overlay-color":"","overlay-opacity":"","overlay-gradient":""},"tablet":{"background-color":"","background-image":"","background-repeat":"repeat","background-position":"center center","background-size":"auto","background-attachment":"scroll","background-type":"","background-media":"","overlay-type":"","overlay-color":"","overlay-opacity":"","overlay-gradient":""},"mobile":{"background-color":"","background-image":"","background-repeat":"repeat","background-position":"center center","background-size":"auto","background-attachment":"scroll","background-type":"","background-media":"","overlay-type":"","overlay-color":"","overlay-opacity":"","overlay-gradient":""}},"ast-content-background-meta":{"desktop":{"background-color":"var(--ast-global-color-4)","background-image":"","background-repeat":"repeat","background-position":"center center","background-size":"auto","background-attachment":"scroll","background-type":"","background-media":"","overlay-type":"","overlay-color":"","overlay-opacity":"","overlay-gradient":""},"tablet":{"background-color":"var(--ast-global-color-4)","background-image":"","background-repeat":"repeat","background-position":"center center","background-size":"auto","background-attachment":"scroll","background-type":"","background-media":"","overlay-type":"","overlay-color":"","overlay-opacity":"","overlay-gradient":""},"mobile":{"background-color":"var(--ast-global-color-4)","background-image":"","background-repeat":"repeat","background-position":"center center","background-size":"auto","background-attachment":"scroll","background-type":"","background-media":"","overlay-type":"","overlay-color":"","overlay-opacity":"","overlay-gradient":""}},"footnotes":""},"categories":[5,133],"tags":[],"class_list":["post-12859","post","type-post","status-publish","format-standard","hentry","category-superior","category-p6"],"post_mailing_queue_ids":[],"_links":{"self":[{"href":"https:\/\/agora.xtec.cat\/escmarquesdelapobla\/wp-json\/wp\/v2\/posts\/12859","targetHints":{"allow":["GET"]}}],"collection":[{"href":"https:\/\/agora.xtec.cat\/escmarquesdelapobla\/wp-json\/wp\/v2\/posts"}],"about":[{"href":"https:\/\/agora.xtec.cat\/escmarquesdelapobla\/wp-json\/wp\/v2\/types\/post"}],"author":[{"embeddable":true,"href":"https:\/\/agora.xtec.cat\/escmarquesdelapobla\/wp-json\/wp\/v2\/users\/1"}],"replies":[{"embeddable":true,"href":"https:\/\/agora.xtec.cat\/escmarquesdelapobla\/wp-json\/wp\/v2\/comments?post=12859"}],"version-history":[{"count":1,"href":"https:\/\/agora.xtec.cat\/escmarquesdelapobla\/wp-json\/wp\/v2\/posts\/12859\/revisions"}],"predecessor-version":[{"id":12860,"href":"https:\/\/agora.xtec.cat\/escmarquesdelapobla\/wp-json\/wp\/v2\/posts\/12859\/revisions\/12860"}],"wp:attachment":[{"href":"https:\/\/agora.xtec.cat\/escmarquesdelapobla\/wp-json\/wp\/v2\/media?parent=12859"}],"wp:term":[{"taxonomy":"category","embeddable":true,"href":"https:\/\/agora.xtec.cat\/escmarquesdelapobla\/wp-json\/wp\/v2\/categories?post=12859"},{"taxonomy":"post_tag","embeddable":true,"href":"https:\/\/agora.xtec.cat\/escmarquesdelapobla\/wp-json\/wp\/v2\/tags?post=12859"}],"curies":[{"name":"wp","href":"https:\/\/api.w.org\/{rel}","templated":true}]}}