{"id":1283,"date":"2017-01-31T22:15:06","date_gmt":"2017-01-31T21:15:06","guid":{"rendered":"http:\/\/blocs.xtec.cat\/marquesdelapobla\/?p=1283"},"modified":"2020-11-08T14:23:32","modified_gmt":"2020-11-08T13:23:32","slug":"projecte-la-televisio-5e-b-escola-marques-de-la-pobla-capellades","status":"publish","type":"post","link":"https:\/\/agora.xtec.cat\/escmarquesdelapobla\/superior\/p5\/projecte-la-televisio-5e-b-escola-marques-de-la-pobla-capellades\/","title":{"rendered":"PROJECTE: LA TELEVISI\u00d3\u20145\u00e8 B \u00a0Escola Marqu\u00e8s de la Pobla. Capellades"},"content":{"rendered":"<p>Durant aquestes setmanes, a l\u2019escola estem tots i totes immersos de ple en el Projecte que cada classe ha escollit.<\/p>\n<p><img loading=\"lazy\" decoding=\"async\" class=\"aligncenter size-large wp-image-1284\" src=\"http:\/\/agora.xtec.cat\/escmarquesdelapobla\/wp-content\/uploads\/usu1682\/2017\/02\/TVE-1-1024x614.jpg\" alt=\"tve-1\" width=\"440\" height=\"264\" srcset=\"https:\/\/agora.xtec.cat\/escmarquesdelapobla\/wp-content\/uploads\/usu1682\/2017\/02\/TVE-1-1024x614.jpg 1024w, https:\/\/agora.xtec.cat\/escmarquesdelapobla\/wp-content\/uploads\/usu1682\/2017\/02\/TVE-1-300x180.jpg 300w, https:\/\/agora.xtec.cat\/escmarquesdelapobla\/wp-content\/uploads\/usu1682\/2017\/02\/TVE-1-768x461.jpg 768w, https:\/\/agora.xtec.cat\/escmarquesdelapobla\/wp-content\/uploads\/usu1682\/2017\/02\/TVE-1.jpg 1280w\" sizes=\"auto, (max-width: 440px) 100vw, 440px\" \/><\/p>\n<p>Els alumnes de la classe de 5\u00e8 B Gregal de l\u2019Escola Marqu\u00e8s de la Pobla de Capellades, estem realitzant un projecte interdisciplinari sobre la Televisi\u00f3.\u00a0 Hem fet recerca d\u2019informaci\u00f3 i hem treballat <!--more-->sobre la seva hist\u00f2ria, els diferents formats i programes televisius, els grups audiovisuals, la televisi\u00f3 p\u00fablica i privada entre d\u2019altres temes.<\/p>\n<p>Per apropar-nos m\u00e9s al tema, el dijous 19 de gener vam tenir la sort de poder visitar les instal\u00b7lacions de TVE a Sant Cugat del Vall\u00e8s. Vam ser rebuts per l\u2019Isidre qui, primerament, \u00a0ens va fer una presentaci\u00f3 del que ha estat i \u00e9s TVE. Despr\u00e9s vam poder visitar les sales de redacci\u00f3 i el funciona<br \/>\nment d\u2019un plat\u00f3 des d\u2019on s\u2019emeten not\u00edcies d\u2019\u00faltima hora i on tamb\u00e9 es fan les connexions amb els programes <img loading=\"lazy\" decoding=\"async\" class=\"aligncenter size-large wp-image-1285\" src=\"http:\/\/agora.xtec.cat\/escmarquesdelapobla\/wp-content\/uploads\/usu1682\/2017\/02\/TVE-2-1024x614.jpg\" alt=\"tve-2\" width=\"440\" height=\"264\" srcset=\"https:\/\/agora.xtec.cat\/escmarquesdelapobla\/wp-content\/uploads\/usu1682\/2017\/02\/TVE-2-1024x614.jpg 1024w, https:\/\/agora.xtec.cat\/escmarquesdelapobla\/wp-content\/uploads\/usu1682\/2017\/02\/TVE-2-300x180.jpg 300w, https:\/\/agora.xtec.cat\/escmarquesdelapobla\/wp-content\/uploads\/usu1682\/2017\/02\/TVE-2-768x461.jpg 768w, https:\/\/agora.xtec.cat\/escmarquesdelapobla\/wp-content\/uploads\/usu1682\/2017\/02\/TVE-2.jpg 1280w\" sizes=\"auto, (max-width: 440px) 100vw, 440px\" \/>que es coordinen des de Madrid. Vam poder veure com funcionen les c\u00e0meres robotitzades, el crome per fer plat\u00f3s virtuals, el telepromter&#8230;<\/p>\n<p>Visit\u00e0rem tamb\u00e9 el plat\u00f3 on es fanels informatius de TVE en catal\u00e0 i ens van explicar com es realitzen. Despr\u00e9s vam poder estar dins de la gravaci\u00f3 d\u2019un programa que s\u2019emet a les tardes pel canal Clan. Hav\u00edem de fer molt silenci per tal que la gravaci\u00f3 sort\u00eds sense interrupcions. No gos\u00e0vem ni moure\u2019ns!<\/p>\n<p>Finalment f\u00e9rem la visita a \u00a0la redacci\u00f3 i els estudis del canal Teledeporte on ens van explicar que \u00e9s el primer estudi en tot el m\u00f3n \u00a0que va comen\u00e7ar amb la te<br \/>\ncnologia Led.<\/p>\n<p>Tothom va ser molt amable amb nosaltres i ens vam portar molt b\u00e9. Estem molt contents i satisfets amb aquesta sortida ja que ens ha ajudat molt\u00edssim a completar el nostre interessant projecte.<img loading=\"lazy\" decoding=\"async\" class=\"aligncenter size-large wp-image-1286\" src=\"http:\/\/agora.xtec.cat\/escmarquesdelapobla\/wp-content\/uploads\/usu1682\/2017\/02\/TVE-3-1024x614.jpg\" alt=\"tve-3\" width=\"440\" height=\"264\" srcset=\"https:\/\/agora.xtec.cat\/escmarquesdelapobla\/wp-content\/uploads\/usu1682\/2017\/02\/TVE-3-1024x614.jpg 1024w, https:\/\/agora.xtec.cat\/escmarquesdelapobla\/wp-content\/uploads\/usu1682\/2017\/02\/TVE-3-300x180.jpg 300w, https:\/\/agora.xtec.cat\/escmarquesdelapobla\/wp-content\/uploads\/usu1682\/2017\/02\/TVE-3-768x461.jpg 768w, https:\/\/agora.xtec.cat\/escmarquesdelapobla\/wp-content\/uploads\/usu1682\/2017\/02\/TVE-3.jpg 1280w\" sizes=\"auto, (max-width: 440px) 100vw, 440px\" \/><\/p>\n","protected":false},"excerpt":{"rendered":"<p>Durant aquestes setmanes, a l\u2019escola estem tots i totes immersos de ple en el Projecte que cada classe ha escollit. Els alumnes de la classe de 5\u00e8 B Gregal de l\u2019Escola Marqu\u00e8s de la Pobla de Capellades, estem realitzant un projecte interdisciplinari sobre la Televisi\u00f3.\u00a0 Hem fet recerca d\u2019informaci\u00f3 i hem treballat<\/p>\n","protected":false},"author":1,"featured_media":0,"comment_status":"open","ping_status":"closed","sticky":false,"template":"","format":"standard","meta":{"_bbp_topic_count":0,"_bbp_reply_count":0,"_bbp_total_topic_count":0,"_bbp_total_reply_count":0,"_bbp_voice_count":0,"_bbp_anonymous_reply_count":0,"_bbp_topic_count_hidden":0,"_bbp_reply_count_hidden":0,"_bbp_forum_subforum_count":0,"site-sidebar-layout":"default","site-content-layout":"","ast-site-content-layout":"","site-content-style":"default","site-sidebar-style":"default","ast-global-header-display":"","ast-banner-title-visibility":"","ast-main-header-display":"","ast-hfb-above-header-display":"","ast-hfb-below-header-display":"","ast-hfb-mobile-header-display":"","site-post-title":"","ast-breadcrumbs-content":"","ast-featured-img":"","footer-sml-layout":"","theme-transparent-header-meta":"","adv-header-id-meta":"","stick-header-meta":"","header-above-stick-meta":"","header-main-stick-meta":"","header-below-stick-meta":"","astra-migrate-meta-layouts":"default","ast-page-background-enabled":"default","ast-page-background-meta":{"desktop":{"background-color":"var(--ast-global-color-5)","background-image":"","background-repeat":"repeat","background-position":"center center","background-size":"auto","background-attachment":"scroll","background-type":"","background-media":"","overlay-type":"","overlay-color":"","overlay-opacity":"","overlay-gradient":""},"tablet":{"background-color":"","background-image":"","background-repeat":"repeat","background-position":"center center","background-size":"auto","background-attachment":"scroll","background-type":"","background-media":"","overlay-type":"","overlay-color":"","overlay-opacity":"","overlay-gradient":""},"mobile":{"background-color":"","background-image":"","background-repeat":"repeat","background-position":"center center","background-size":"auto","background-attachment":"scroll","background-type":"","background-media":"","overlay-type":"","overlay-color":"","overlay-opacity":"","overlay-gradient":""}},"ast-content-background-meta":{"desktop":{"background-color":"var(--ast-global-color-4)","background-image":"","background-repeat":"repeat","background-position":"center center","background-size":"auto","background-attachment":"scroll","background-type":"","background-media":"","overlay-type":"","overlay-color":"","overlay-opacity":"","overlay-gradient":""},"tablet":{"background-color":"var(--ast-global-color-4)","background-image":"","background-repeat":"repeat","background-position":"center center","background-size":"auto","background-attachment":"scroll","background-type":"","background-media":"","overlay-type":"","overlay-color":"","overlay-opacity":"","overlay-gradient":""},"mobile":{"background-color":"var(--ast-global-color-4)","background-image":"","background-repeat":"repeat","background-position":"center center","background-size":"auto","background-attachment":"scroll","background-type":"","background-media":"","overlay-type":"","overlay-color":"","overlay-opacity":"","overlay-gradient":""}},"footnotes":""},"categories":[224,14],"tags":[],"class_list":["post-1283","post","type-post","status-publish","format-standard","hentry","category-historic","category-p5"],"post_mailing_queue_ids":[],"_links":{"self":[{"href":"https:\/\/agora.xtec.cat\/escmarquesdelapobla\/wp-json\/wp\/v2\/posts\/1283","targetHints":{"allow":["GET"]}}],"collection":[{"href":"https:\/\/agora.xtec.cat\/escmarquesdelapobla\/wp-json\/wp\/v2\/posts"}],"about":[{"href":"https:\/\/agora.xtec.cat\/escmarquesdelapobla\/wp-json\/wp\/v2\/types\/post"}],"author":[{"embeddable":true,"href":"https:\/\/agora.xtec.cat\/escmarquesdelapobla\/wp-json\/wp\/v2\/users\/1"}],"replies":[{"embeddable":true,"href":"https:\/\/agora.xtec.cat\/escmarquesdelapobla\/wp-json\/wp\/v2\/comments?post=1283"}],"version-history":[{"count":1,"href":"https:\/\/agora.xtec.cat\/escmarquesdelapobla\/wp-json\/wp\/v2\/posts\/1283\/revisions"}],"predecessor-version":[{"id":7800,"href":"https:\/\/agora.xtec.cat\/escmarquesdelapobla\/wp-json\/wp\/v2\/posts\/1283\/revisions\/7800"}],"wp:attachment":[{"href":"https:\/\/agora.xtec.cat\/escmarquesdelapobla\/wp-json\/wp\/v2\/media?parent=1283"}],"wp:term":[{"taxonomy":"category","embeddable":true,"href":"https:\/\/agora.xtec.cat\/escmarquesdelapobla\/wp-json\/wp\/v2\/categories?post=1283"},{"taxonomy":"post_tag","embeddable":true,"href":"https:\/\/agora.xtec.cat\/escmarquesdelapobla\/wp-json\/wp\/v2\/tags?post=1283"}],"curies":[{"name":"wp","href":"https:\/\/api.w.org\/{rel}","templated":true}]}}