{"id":12815,"date":"2023-03-14T09:00:55","date_gmt":"2023-03-14T08:00:55","guid":{"rendered":"https:\/\/agora.xtec.cat\/escmarquesdelapobla\/?p=12815"},"modified":"2023-03-13T20:23:25","modified_gmt":"2023-03-13T19:23:25","slug":"coneixem-dones-artistes-a-p1","status":"publish","type":"post","link":"https:\/\/agora.xtec.cat\/escmarquesdelapobla\/inicial\/coneixem-dones-artistes-a-p1\/","title":{"rendered":"Coneixem dones artistes a P1"},"content":{"rendered":"<p><span style=\"font-weight: 400;\">Heu somiat mai en poder ser artistes? Doncs nosaltres, els nens i nenes de P1 aquesta setmana hem pogut fer realitat aquest somni.<\/span><\/p>\n<p><span style=\"font-weight: 400;\">Com b\u00e9 sabeu, dimecres 8 vam celebrar el dia de la dona i amb aix\u00f2 vam aprofitar la nostra estona de Educaci\u00f3 visual i pl\u00e0stica per treballar dones artistes.<\/span><\/p>\n<p><span style=\"font-weight: 400;\">Ens vam dividir per tallers i llavors vam poder treballar de manera simult\u00e0nia quatre artistes.<\/span><\/p>\n<p><span style=\"font-weight: 400;\">Vam aprendre de la Frida Kahlo, que ens va fascinar amb l&#8217;autoretrat i les flors. De la Holli Conger, amb creacions instant\u00e0nies fent servir material reciclat. De la Lisa Congdon, amb formes colorides sobre un fons negre. I per \u00faltim, de la Sonia Delaunay, jugant amb les formes geom\u00e8triques.<\/span><\/p>\n<p><span style=\"font-weight: 400;\">Us podeu fer una idea de l&#8217;estona tan divertida que vam passar i de les creacions tan maques que vam fer?<\/span><\/p>\n<p><span style=\"font-weight: 400;\">Doncs a continuaci\u00f3 us deixem algunes fotos que de segur us van b\u00e9 per inspirar-vos per fer les vostres obres i complir aquest somni igual que ho hem fet nosaltres.<\/span><\/p>\n<p><a href=\"https:\/\/photos.app.goo.gl\/bATj59PvbpFsmSG79\"><img loading=\"lazy\" decoding=\"async\" class=\"aligncenter\" src=\"https:\/\/lh3.googleusercontent.com\/oVdbkmHgimFxz1EE3whm2KlCOCmBY3pQpFxSQDpBILIRJb4l8YhPiV1wD1lzaQKb5PVYjCZVGYYkIB-mTftmWZq7C0pt-JQvDEIQfFIT54lywvXV9HxrjEIgwEOiwir8rPTFIVd4JMty7W-yAW0dHojV0xgnZ7tzSJzPFopr_NrHxH7tuXRZo7zWFJ9V5s_qaCHZJ7C78_-UzXFKs60dfJwN_6EHq-PkJ1xefCPOA6MZiktn_WWJGP7yFFEi0vPygytikqtji5DfP1_c85BI_oNcvP5LCtC8QG11bNuTIk4P5JyNgoXrn7knviZ1WuaPhgkgH7Vi2Le2MfOU3mlKziylBxjT_9lIo4SRNW84nuswIXHp4N6djQvGs1GM84VyJ3phGedL3e-TMAo6C47eZRXUL2jOBH-X1ThLrbN2ly606ep-KxRpAIh41i_AQDsUd9fC6KUV2fXX9kKQhl5cjn6ooXJuC4KGf4N_ZPA9WKmgVGfhVo-oMeQTYmdm-pwXlZ3idQdGSJtcCGAJj94DcNl1zJLEqgG_Z0HIT8ZB7aoYObXLO6jez6tE3Oo2_W4viVz-QkGmhPQqPwpMDCYx4uh82IzUXfalcMW9EF_J2bdHnLkyu9h0fg90EVmsyG3FCdHj5je02F9uUXO-PCVsVMwm5Vrj0b0wUT1K51EoaYm6O3tdOwAAZFikXHCKkrr20WYXLeDqCFnOgDnyhvlf1jvye1L7Oj9oQjsb6a3DDrtv4pLCLyia8rHMeNuRubeo-X6OmqnJlXETlcR_mePFKje0D_U2xdVVNxK1nX1SU_6e-aRKde4SS6nhJW-q49O2VEg5ykSil7Sit3PIov9pEZsK55mOkTlr1BngWwsQJdcXF3F9_3DRNp75xGn73knryrM34Ps4AOb2YWy29lqxyIB0jtUs6vSCXLITAFj6y7-a2KYlxmERBx0I5itJWZ7GeXMFQD2iXodbrSZwR4Hufzz6KW1hvWN9T3zbqIPw8H09tgZGTUZH6YhhFg=w1218-h914-no?authuser=4\" width=\"551\" height=\"413\" \/><\/a><\/p>\n<p><span style=\"font-weight: 400;\">Ah, una cosa! Abans de marxar us voldr\u00edem convidar que us inscriviu al blog de l&#8217;escola i convideu a m\u00e9s gent a formar part d&#8217;aquesta xarxa, que ja sabeu, ens agrada molt compartir amb tots vosaltres les bones estones que passem a l&#8217;escola!<\/span><\/p>\n<p><span style=\"font-weight: 400;\">Fins la propera fam\u00edlies!<\/span><\/p>\n","protected":false},"excerpt":{"rendered":"<p>Heu somiat mai en poder ser artistes? Doncs nosaltres, els nens i nenes de P1 aquesta setmana hem pogut fer realitat aquest somni. Com b\u00e9 sabeu, dimecres 8 vam celebrar el dia de la dona i amb aix\u00f2 vam aprofitar la nostra estona de Educaci\u00f3 visual i pl\u00e0stica per treballar dones artistes. Ens vam dividir [&hellip;]<\/p>\n","protected":false},"author":1,"featured_media":0,"comment_status":"open","ping_status":"closed","sticky":false,"template":"","format":"standard","meta":{"_bbp_topic_count":0,"_bbp_reply_count":0,"_bbp_total_topic_count":0,"_bbp_total_reply_count":0,"_bbp_voice_count":0,"_bbp_anonymous_reply_count":0,"_bbp_topic_count_hidden":0,"_bbp_reply_count_hidden":0,"_bbp_forum_subforum_count":0,"site-sidebar-layout":"default","site-content-layout":"","ast-site-content-layout":"","site-content-style":"default","site-sidebar-style":"default","ast-global-header-display":"","ast-banner-title-visibility":"","ast-main-header-display":"","ast-hfb-above-header-display":"","ast-hfb-below-header-display":"","ast-hfb-mobile-header-display":"","site-post-title":"","ast-breadcrumbs-content":"","ast-featured-img":"","footer-sml-layout":"","theme-transparent-header-meta":"","adv-header-id-meta":"","stick-header-meta":"","header-above-stick-meta":"","header-main-stick-meta":"","header-below-stick-meta":"","astra-migrate-meta-layouts":"default","ast-page-background-enabled":"default","ast-page-background-meta":{"desktop":{"background-color":"var(--ast-global-color-5)","background-image":"","background-repeat":"repeat","background-position":"center center","background-size":"auto","background-attachment":"scroll","background-type":"","background-media":"","overlay-type":"","overlay-color":"","overlay-opacity":"","overlay-gradient":""},"tablet":{"background-color":"","background-image":"","background-repeat":"repeat","background-position":"center center","background-size":"auto","background-attachment":"scroll","background-type":"","background-media":"","overlay-type":"","overlay-color":"","overlay-opacity":"","overlay-gradient":""},"mobile":{"background-color":"","background-image":"","background-repeat":"repeat","background-position":"center center","background-size":"auto","background-attachment":"scroll","background-type":"","background-media":"","overlay-type":"","overlay-color":"","overlay-opacity":"","overlay-gradient":""}},"ast-content-background-meta":{"desktop":{"background-color":"var(--ast-global-color-4)","background-image":"","background-repeat":"repeat","background-position":"center center","background-size":"auto","background-attachment":"scroll","background-type":"","background-media":"","overlay-type":"","overlay-color":"","overlay-opacity":"","overlay-gradient":""},"tablet":{"background-color":"var(--ast-global-color-4)","background-image":"","background-repeat":"repeat","background-position":"center center","background-size":"auto","background-attachment":"scroll","background-type":"","background-media":"","overlay-type":"","overlay-color":"","overlay-opacity":"","overlay-gradient":""},"mobile":{"background-color":"var(--ast-global-color-4)","background-image":"","background-repeat":"repeat","background-position":"center center","background-size":"auto","background-attachment":"scroll","background-type":"","background-media":"","overlay-type":"","overlay-color":"","overlay-opacity":"","overlay-gradient":""}},"footnotes":""},"categories":[244,64,141],"tags":[245,246,284,181,182,282],"class_list":["post-12815","post","type-post","status-publish","format-standard","hentry","category-art","category-inicial","category-p1","tag-art","tag-dia-de-la-dona","tag-p1","tag-p1a","tag-p1b","tag-p1c"],"post_mailing_queue_ids":[],"_links":{"self":[{"href":"https:\/\/agora.xtec.cat\/escmarquesdelapobla\/wp-json\/wp\/v2\/posts\/12815","targetHints":{"allow":["GET"]}}],"collection":[{"href":"https:\/\/agora.xtec.cat\/escmarquesdelapobla\/wp-json\/wp\/v2\/posts"}],"about":[{"href":"https:\/\/agora.xtec.cat\/escmarquesdelapobla\/wp-json\/wp\/v2\/types\/post"}],"author":[{"embeddable":true,"href":"https:\/\/agora.xtec.cat\/escmarquesdelapobla\/wp-json\/wp\/v2\/users\/1"}],"replies":[{"embeddable":true,"href":"https:\/\/agora.xtec.cat\/escmarquesdelapobla\/wp-json\/wp\/v2\/comments?post=12815"}],"version-history":[{"count":2,"href":"https:\/\/agora.xtec.cat\/escmarquesdelapobla\/wp-json\/wp\/v2\/posts\/12815\/revisions"}],"predecessor-version":[{"id":12817,"href":"https:\/\/agora.xtec.cat\/escmarquesdelapobla\/wp-json\/wp\/v2\/posts\/12815\/revisions\/12817"}],"wp:attachment":[{"href":"https:\/\/agora.xtec.cat\/escmarquesdelapobla\/wp-json\/wp\/v2\/media?parent=12815"}],"wp:term":[{"taxonomy":"category","embeddable":true,"href":"https:\/\/agora.xtec.cat\/escmarquesdelapobla\/wp-json\/wp\/v2\/categories?post=12815"},{"taxonomy":"post_tag","embeddable":true,"href":"https:\/\/agora.xtec.cat\/escmarquesdelapobla\/wp-json\/wp\/v2\/tags?post=12815"}],"curies":[{"name":"wp","href":"https:\/\/api.w.org\/{rel}","templated":true}]}}