{"id":12786,"date":"2025-03-12T09:47:20","date_gmt":"2025-03-12T08:47:20","guid":{"rendered":"https:\/\/agora.xtec.cat\/escmarquesdelapobla\/?p=12786"},"modified":"2026-04-29T13:47:23","modified_gmt":"2026-04-29T11:47:23","slug":"preinscripcio-curs-2025-2026","status":"publish","type":"post","link":"https:\/\/agora.xtec.cat\/escmarquesdelapobla\/info\/preinscripcio-curs-2025-2026\/","title":{"rendered":"Preinscripci\u00f3 curs 2025-2026"},"content":{"rendered":"<div class=\"gmail_default\" style=\"text-align: justify;\"><span style=\"font-family: inherit; font-size: 1em;\">Fam\u00edlies,<\/span><\/div>\n<div>\n<div class=\"gmail_default\" style=\"text-align: justify;\">\n<p>la preinscripci\u00f3 pel proper curs \u00e9s oberta entre els dies 12 i 26 de mar\u00e7, s&#8217;ha de fer de forma telem\u00e0tica al seg\u00fcent enlla\u00e7, on tamb\u00e9 trobareu tota la informaci\u00f3 que necessiteu: <a href=\"http:\/\/preinscripcio.gencat.cat\/ca\/inici\">preinscripcio.gencat.cat\/ca\/inici<\/a><\/p>\n<p>En aquestes<a href=\"https:\/\/drive.google.com\/file\/d\/1cudCFaf4JfH7z_FJ3JI5fPadSHrn9r7s\/view?usp=sharing\"> instruccions<\/a> trobareu com fer la preinscripci\u00f3.<\/p>\n<p>Podreu trobar tota la informaci\u00f3 referent a la nostra escola al seg\u00fcent document: <a href=\"https:\/\/drive.google.com\/file\/d\/1OglcZiUMhV6aJ25oew2uzaYXxvhtcX5A\/view?usp=sharing\">Informaci\u00f3 fam\u00edlies de nou acc\u00e9s a l&#8217;escola<\/a><\/p>\n<p><img loading=\"lazy\" decoding=\"async\" class=\"aligncenter wp-image-14684 size-medium\" src=\"https:\/\/agora.xtec.cat\/escmarquesdelapobla\/wp-content\/uploads\/usu1682\/2025\/03\/Calendari-de-la-preinscripcio-300x238.jpg\" alt=\"\" width=\"300\" height=\"238\" srcset=\"https:\/\/agora.xtec.cat\/escmarquesdelapobla\/wp-content\/uploads\/usu1682\/2025\/03\/Calendari-de-la-preinscripcio-300x238.jpg 300w, https:\/\/agora.xtec.cat\/escmarquesdelapobla\/wp-content\/uploads\/usu1682\/2025\/03\/Calendari-de-la-preinscripcio-1024x814.jpg 1024w, https:\/\/agora.xtec.cat\/escmarquesdelapobla\/wp-content\/uploads\/usu1682\/2025\/03\/Calendari-de-la-preinscripcio-768x610.jpg 768w, https:\/\/agora.xtec.cat\/escmarquesdelapobla\/wp-content\/uploads\/usu1682\/2025\/03\/Calendari-de-la-preinscripcio.jpg 1080w\" sizes=\"auto, (max-width: 300px) 100vw, 300px\" \/><\/p>\n<p>L&#8217;Escola Marqu\u00e8s de la Pobla funciona en coordinaci\u00f3 amb la llar d&#8217;infants Vailets de Capellades i tamb\u00e9 com a centre adscrit amb l&#8217;Institut Mol\u00ed de la Vila de Capellades.<\/p>\n<p>Us deixem a continuaci\u00f3 el tr\u00edptic informatiu i el v\u00eddeo de Portes Obertes de l&#8217;escola:<\/p>\n<\/div>\n<div class=\"gmail_default\" style=\"text-align: justify;\">\n<p><img loading=\"lazy\" decoding=\"async\" class=\"size-full wp-image-14673 aligncenter\" src=\"https:\/\/agora.xtec.cat\/escmarquesdelapobla\/wp-content\/uploads\/usu1682\/2023\/03\/TRIPTIC-PORTES-OBERTES-2025_page-0001.jpg\" alt=\"\" width=\"1755\" height=\"1241\" srcset=\"https:\/\/agora.xtec.cat\/escmarquesdelapobla\/wp-content\/uploads\/usu1682\/2023\/03\/TRIPTIC-PORTES-OBERTES-2025_page-0001.jpg 1755w, https:\/\/agora.xtec.cat\/escmarquesdelapobla\/wp-content\/uploads\/usu1682\/2023\/03\/TRIPTIC-PORTES-OBERTES-2025_page-0001-300x212.jpg 300w, https:\/\/agora.xtec.cat\/escmarquesdelapobla\/wp-content\/uploads\/usu1682\/2023\/03\/TRIPTIC-PORTES-OBERTES-2025_page-0001-1024x724.jpg 1024w, https:\/\/agora.xtec.cat\/escmarquesdelapobla\/wp-content\/uploads\/usu1682\/2023\/03\/TRIPTIC-PORTES-OBERTES-2025_page-0001-768x543.jpg 768w, https:\/\/agora.xtec.cat\/escmarquesdelapobla\/wp-content\/uploads\/usu1682\/2023\/03\/TRIPTIC-PORTES-OBERTES-2025_page-0001-1536x1086.jpg 1536w\" sizes=\"auto, (max-width: 1755px) 100vw, 1755px\" \/> <img loading=\"lazy\" decoding=\"async\" class=\"size-full wp-image-14674 aligncenter\" src=\"https:\/\/agora.xtec.cat\/escmarquesdelapobla\/wp-content\/uploads\/usu1682\/2023\/03\/TRIPTIC-PORTES-OBERTES-2025_page-0002.jpg\" alt=\"\" width=\"1755\" height=\"1241\" srcset=\"https:\/\/agora.xtec.cat\/escmarquesdelapobla\/wp-content\/uploads\/usu1682\/2023\/03\/TRIPTIC-PORTES-OBERTES-2025_page-0002.jpg 1755w, https:\/\/agora.xtec.cat\/escmarquesdelapobla\/wp-content\/uploads\/usu1682\/2023\/03\/TRIPTIC-PORTES-OBERTES-2025_page-0002-300x212.jpg 300w, https:\/\/agora.xtec.cat\/escmarquesdelapobla\/wp-content\/uploads\/usu1682\/2023\/03\/TRIPTIC-PORTES-OBERTES-2025_page-0002-1024x724.jpg 1024w, https:\/\/agora.xtec.cat\/escmarquesdelapobla\/wp-content\/uploads\/usu1682\/2023\/03\/TRIPTIC-PORTES-OBERTES-2025_page-0002-768x543.jpg 768w, https:\/\/agora.xtec.cat\/escmarquesdelapobla\/wp-content\/uploads\/usu1682\/2023\/03\/TRIPTIC-PORTES-OBERTES-2025_page-0002-1536x1086.jpg 1536w\" sizes=\"auto, (max-width: 1755px) 100vw, 1755px\" \/><\/p>\n<\/div>\n<div class=\"gmail_default\" style=\"text-align: justify;\">\n<p style=\"text-align: left;\">A continuaci\u00f3\u00a0 trobareu la llista de sol\u00b7licituds que han demanat el centre i l&#8217;ensenyament en primera petici\u00f3 amb la puntuaci\u00f3 provisional a 15\/04\/2026. <strong>Cliqueu a la imatge per veure el document complet i gran.<\/strong> <a style=\"font-size: 16px; text-align: justify; background-color: #ffffff;\" href=\"https:\/\/drive.google.com\/file\/d\/1YWxnkgtl7AAM1PqxqNjB5H7iy3gFVXKR\/view?usp=sharing\"><img loading=\"lazy\" decoding=\"async\" class=\"size-full wp-image-15114 aligncenter\" src=\"https:\/\/agora.xtec.cat\/escmarquesdelapobla\/wp-content\/uploads\/usu1682\/2025\/03\/Captura-de-pantalla-2026-04-16-112126.png\" alt=\"\" width=\"591\" height=\"750\" srcset=\"https:\/\/agora.xtec.cat\/escmarquesdelapobla\/wp-content\/uploads\/usu1682\/2025\/03\/Captura-de-pantalla-2026-04-16-112126.png 591w, https:\/\/agora.xtec.cat\/escmarquesdelapobla\/wp-content\/uploads\/usu1682\/2025\/03\/Captura-de-pantalla-2026-04-16-112126-236x300.png 236w\" sizes=\"auto, (max-width: 591px) 100vw, 591px\" \/><\/a><\/p>\n<p style=\"text-align: justify;\">Publicaci\u00f3 de la llista de sol\u00b7licituds que han demanat el centre i l&#8217;ensenyament en primera petici\u00f3 amb la puntuaci\u00f3 resoltes les reclamacions a 23\/04\/2026. <strong>Cliqueu a la imatge per veure el document complet i gran.<\/strong><\/p>\n<p><a href=\"https:\/\/drive.google.com\/file\/d\/1Vg9x77eJzqw-uiKpN2FdkGCavPixRjjU\/view?usp=sharing\"><img loading=\"lazy\" decoding=\"async\" class=\"aligncenter wp-image-15126 size-full\" src=\"https:\/\/agora.xtec.cat\/escmarquesdelapobla\/wp-content\/uploads\/usu1682\/2025\/03\/Captura-de-pantalla-2026-04-23-202809.png\" alt=\"\" width=\"662\" height=\"705\" srcset=\"https:\/\/agora.xtec.cat\/escmarquesdelapobla\/wp-content\/uploads\/usu1682\/2025\/03\/Captura-de-pantalla-2026-04-23-202809.png 662w, https:\/\/agora.xtec.cat\/escmarquesdelapobla\/wp-content\/uploads\/usu1682\/2025\/03\/Captura-de-pantalla-2026-04-23-202809-282x300.png 282w\" sizes=\"auto, (max-width: 662px) 100vw, 662px\" \/><\/a><\/p>\n<p>Publicaci\u00f3 de la llista de sol\u00b7licituds que han demanat el centre i l&#8217;ensenyament en primera<br \/>\npetici\u00f3 ordenada a 29\/04\/2026. <strong>Cliqueu a la imatge per veure el document complet i gran.<\/strong><\/p>\n<p><a href=\"https:\/\/drive.google.com\/file\/d\/1BeNkudxiGmd3J7xwRNDTIIhvHm1K55Kn\/view?usp=sharing\"><img loading=\"lazy\" decoding=\"async\" class=\"alignnone size-full wp-image-15135\" src=\"https:\/\/agora.xtec.cat\/escmarquesdelapobla\/wp-content\/uploads\/usu1682\/2025\/03\/Captura-de-pantalla-2026-04-29-134449.png\" alt=\"\" width=\"744\" height=\"688\" srcset=\"https:\/\/agora.xtec.cat\/escmarquesdelapobla\/wp-content\/uploads\/usu1682\/2025\/03\/Captura-de-pantalla-2026-04-29-134449.png 744w, https:\/\/agora.xtec.cat\/escmarquesdelapobla\/wp-content\/uploads\/usu1682\/2025\/03\/Captura-de-pantalla-2026-04-29-134449-300x277.png 300w\" sizes=\"auto, (max-width: 744px) 100vw, 744px\" \/><\/a><\/p>\n<\/div>\n<\/div>\n","protected":false},"excerpt":{"rendered":"<p>Fam\u00edlies, la preinscripci\u00f3 pel proper curs \u00e9s oberta entre els dies 12 i 26 de mar\u00e7, s&#8217;ha de fer de forma telem\u00e0tica al seg\u00fcent enlla\u00e7, on tamb\u00e9 trobareu tota la informaci\u00f3 que necessiteu: preinscripcio.gencat.cat\/ca\/inici En aquestes instruccions trobareu com fer la preinscripci\u00f3. Podreu trobar tota la informaci\u00f3 referent a la nostra escola al seg\u00fcent document: [&hellip;]<\/p>\n","protected":false},"author":45,"featured_media":0,"comment_status":"open","ping_status":"closed","sticky":false,"template":"","format":"standard","meta":{"_bbp_topic_count":0,"_bbp_reply_count":0,"_bbp_total_topic_count":0,"_bbp_total_reply_count":0,"_bbp_voice_count":0,"_bbp_anonymous_reply_count":0,"_bbp_topic_count_hidden":0,"_bbp_reply_count_hidden":0,"_bbp_forum_subforum_count":0,"site-sidebar-layout":"default","site-content-layout":"","ast-site-content-layout":"default","site-content-style":"default","site-sidebar-style":"default","ast-global-header-display":"","ast-banner-title-visibility":"","ast-main-header-display":"","ast-hfb-above-header-display":"","ast-hfb-below-header-display":"","ast-hfb-mobile-header-display":"","site-post-title":"","ast-breadcrumbs-content":"","ast-featured-img":"","footer-sml-layout":"","theme-transparent-header-meta":"default","adv-header-id-meta":"","stick-header-meta":"","header-above-stick-meta":"","header-main-stick-meta":"","header-below-stick-meta":"","astra-migrate-meta-layouts":"set","ast-page-background-enabled":"default","ast-page-background-meta":{"desktop":{"background-color":"var(--ast-global-color-5)","background-image":"","background-repeat":"repeat","background-position":"center center","background-size":"auto","background-attachment":"scroll","background-type":"","background-media":"","overlay-type":"","overlay-color":"","overlay-opacity":"","overlay-gradient":""},"tablet":{"background-color":"","background-image":"","background-repeat":"repeat","background-position":"center center","background-size":"auto","background-attachment":"scroll","background-type":"","background-media":"","overlay-type":"","overlay-color":"","overlay-opacity":"","overlay-gradient":""},"mobile":{"background-color":"","background-image":"","background-repeat":"repeat","background-position":"center center","background-size":"auto","background-attachment":"scroll","background-type":"","background-media":"","overlay-type":"","overlay-color":"","overlay-opacity":"","overlay-gradient":""}},"ast-content-background-meta":{"desktop":{"background-color":"var(--ast-global-color-4)","background-image":"","background-repeat":"repeat","background-position":"center center","background-size":"auto","background-attachment":"scroll","background-type":"","background-media":"","overlay-type":"","overlay-color":"","overlay-opacity":"","overlay-gradient":""},"tablet":{"background-color":"var(--ast-global-color-4)","background-image":"","background-repeat":"repeat","background-position":"center center","background-size":"auto","background-attachment":"scroll","background-type":"","background-media":"","overlay-type":"","overlay-color":"","overlay-opacity":"","overlay-gradient":""},"mobile":{"background-color":"var(--ast-global-color-4)","background-image":"","background-repeat":"repeat","background-position":"center center","background-size":"auto","background-attachment":"scroll","background-type":"","background-media":"","overlay-type":"","overlay-color":"","overlay-opacity":"","overlay-gradient":""}},"footnotes":""},"categories":[79,171],"tags":[247],"class_list":["post-12786","post","type-post","status-publish","format-standard","hentry","category-info","category-tauler-principal","tag-preinscripcio"],"post_mailing_queue_ids":[],"_links":{"self":[{"href":"https:\/\/agora.xtec.cat\/escmarquesdelapobla\/wp-json\/wp\/v2\/posts\/12786","targetHints":{"allow":["GET"]}}],"collection":[{"href":"https:\/\/agora.xtec.cat\/escmarquesdelapobla\/wp-json\/wp\/v2\/posts"}],"about":[{"href":"https:\/\/agora.xtec.cat\/escmarquesdelapobla\/wp-json\/wp\/v2\/types\/post"}],"author":[{"embeddable":true,"href":"https:\/\/agora.xtec.cat\/escmarquesdelapobla\/wp-json\/wp\/v2\/users\/45"}],"replies":[{"embeddable":true,"href":"https:\/\/agora.xtec.cat\/escmarquesdelapobla\/wp-json\/wp\/v2\/comments?post=12786"}],"version-history":[{"count":6,"href":"https:\/\/agora.xtec.cat\/escmarquesdelapobla\/wp-json\/wp\/v2\/posts\/12786\/revisions"}],"predecessor-version":[{"id":15136,"href":"https:\/\/agora.xtec.cat\/escmarquesdelapobla\/wp-json\/wp\/v2\/posts\/12786\/revisions\/15136"}],"wp:attachment":[{"href":"https:\/\/agora.xtec.cat\/escmarquesdelapobla\/wp-json\/wp\/v2\/media?parent=12786"}],"wp:term":[{"taxonomy":"category","embeddable":true,"href":"https:\/\/agora.xtec.cat\/escmarquesdelapobla\/wp-json\/wp\/v2\/categories?post=12786"},{"taxonomy":"post_tag","embeddable":true,"href":"https:\/\/agora.xtec.cat\/escmarquesdelapobla\/wp-json\/wp\/v2\/tags?post=12786"}],"curies":[{"name":"wp","href":"https:\/\/api.w.org\/{rel}","templated":true}]}}