{"id":12714,"date":"2023-02-27T16:35:20","date_gmt":"2023-02-27T15:35:20","guid":{"rendered":"https:\/\/agora.xtec.cat\/escmarquesdelapobla\/?p=12714"},"modified":"2023-02-27T21:04:11","modified_gmt":"2023-02-27T20:04:11","slug":"ja-arriba-el-mercat-figueter-i-nosaltres-hi-serem","status":"publish","type":"post","link":"https:\/\/agora.xtec.cat\/escmarquesdelapobla\/superior\/ja-arriba-el-mercat-figueter-i-nosaltres-hi-serem\/","title":{"rendered":"Ja arriba el Mercat Figueter i nosaltres hi serem!!"},"content":{"rendered":"<p style=\"text-align: justify;\">El alumnes de P6 posarem una parada al Mercat Figueter aquest diumenge 5 de mar\u00e7.<br \/>\nTots els diners que guanyem seran per les nostres col\u00f2nies.<\/p>\n<p style=\"text-align: justify;\">Podreu comprar: clauers, imans, llapis decorats, 3 en ratlla, pollets, bosses d&#8217;olor&#8230; Tot fet per nosaltres!!! Tamb\u00e9 qui vulgui es podr\u00e0 pintar la cara ben divertida! I per acabar la jornada farem un sorteig d\u2019un quadre de la bassa pintat per la Pepi Gutierrez. Aquest quadre estar\u00e0 exposat des d\u2019aquest dimecres fins dissabte a la farm\u00e0cia Codina, pla\u00e7a Verdaguer. Tothom que passi per all\u00e0 que li faci una ullada que \u00e9s molt xulo. Les tires dels n\u00fameros pel sorteig, el qual farem el diumenge quan acabi la nostra jornada de vendes, ja es poden comprar des d&#8217;avui fins diumenge a l&#8217;hora del sorteig. Es poden comprar les tires als alumnes de P6 per 1\u20ac.<\/p>\n<p style=\"text-align: justify;\">Ens vindreu a veure oi? Us hi esperem!!!<br \/>\nEscrit per Luz G\u00f3mez i Vinyet Vinyals de P6A<\/p>\n<p><a href=\"https:\/\/agora.xtec.cat\/escmarquesdelapobla\/wp-content\/uploads\/usu1682\/2023\/02\/Cartell-mercat_page-0001-1.jpg\"><img loading=\"lazy\" decoding=\"async\" class=\"size-large wp-image-12717 aligncenter\" src=\"https:\/\/agora.xtec.cat\/escmarquesdelapobla\/wp-content\/uploads\/usu1682\/2023\/02\/Cartell-mercat_page-0001-1-725x1024.jpg\" alt=\"\" width=\"725\" height=\"1024\" srcset=\"https:\/\/agora.xtec.cat\/escmarquesdelapobla\/wp-content\/uploads\/usu1682\/2023\/02\/Cartell-mercat_page-0001-1-725x1024.jpg 725w, https:\/\/agora.xtec.cat\/escmarquesdelapobla\/wp-content\/uploads\/usu1682\/2023\/02\/Cartell-mercat_page-0001-1-212x300.jpg 212w, https:\/\/agora.xtec.cat\/escmarquesdelapobla\/wp-content\/uploads\/usu1682\/2023\/02\/Cartell-mercat_page-0001-1-768x1085.jpg 768w, https:\/\/agora.xtec.cat\/escmarquesdelapobla\/wp-content\/uploads\/usu1682\/2023\/02\/Cartell-mercat_page-0001-1-1087x1536.jpg 1087w, https:\/\/agora.xtec.cat\/escmarquesdelapobla\/wp-content\/uploads\/usu1682\/2023\/02\/Cartell-mercat_page-0001-1-1449x2048.jpg 1449w, https:\/\/agora.xtec.cat\/escmarquesdelapobla\/wp-content\/uploads\/usu1682\/2023\/02\/Cartell-mercat_page-0001-1.jpg 1755w\" sizes=\"auto, (max-width: 725px) 100vw, 725px\" \/><\/a><\/p>\n<p><a href=\"https:\/\/agora.xtec.cat\/escmarquesdelapobla\/wp-content\/uploads\/usu1682\/2023\/02\/Cartell-Sorteig-del-quadre_page-0001.jpg\"><img loading=\"lazy\" decoding=\"async\" class=\"size-large wp-image-12716 aligncenter\" src=\"https:\/\/agora.xtec.cat\/escmarquesdelapobla\/wp-content\/uploads\/usu1682\/2023\/02\/Cartell-Sorteig-del-quadre_page-0001-724x1024.jpg\" alt=\"\" width=\"724\" height=\"1024\" srcset=\"https:\/\/agora.xtec.cat\/escmarquesdelapobla\/wp-content\/uploads\/usu1682\/2023\/02\/Cartell-Sorteig-del-quadre_page-0001-724x1024.jpg 724w, https:\/\/agora.xtec.cat\/escmarquesdelapobla\/wp-content\/uploads\/usu1682\/2023\/02\/Cartell-Sorteig-del-quadre_page-0001-212x300.jpg 212w, https:\/\/agora.xtec.cat\/escmarquesdelapobla\/wp-content\/uploads\/usu1682\/2023\/02\/Cartell-Sorteig-del-quadre_page-0001-768x1086.jpg 768w, https:\/\/agora.xtec.cat\/escmarquesdelapobla\/wp-content\/uploads\/usu1682\/2023\/02\/Cartell-Sorteig-del-quadre_page-0001-1086x1536.jpg 1086w, https:\/\/agora.xtec.cat\/escmarquesdelapobla\/wp-content\/uploads\/usu1682\/2023\/02\/Cartell-Sorteig-del-quadre_page-0001.jpg 1241w\" sizes=\"auto, (max-width: 724px) 100vw, 724px\" \/><\/a><\/p>\n","protected":false},"excerpt":{"rendered":"<p>El alumnes de P6 posarem una parada al Mercat Figueter aquest diumenge 5 de mar\u00e7. Tots els diners que guanyem seran per les nostres col\u00f2nies. Podreu comprar: clauers, imans, llapis decorats, 3 en ratlla, pollets, bosses d&#8217;olor&#8230; Tot fet per nosaltres!!! Tamb\u00e9 qui vulgui es podr\u00e0 pintar la cara ben divertida! I per acabar la [&hellip;]<\/p>\n","protected":false},"author":45,"featured_media":0,"comment_status":"open","ping_status":"closed","sticky":false,"template":"","format":"standard","meta":{"_bbp_topic_count":0,"_bbp_reply_count":0,"_bbp_total_topic_count":0,"_bbp_total_reply_count":0,"_bbp_voice_count":0,"_bbp_anonymous_reply_count":0,"_bbp_topic_count_hidden":0,"_bbp_reply_count_hidden":0,"_bbp_forum_subforum_count":0,"site-sidebar-layout":"default","site-content-layout":"","ast-site-content-layout":"","site-content-style":"default","site-sidebar-style":"default","ast-global-header-display":"","ast-banner-title-visibility":"","ast-main-header-display":"","ast-hfb-above-header-display":"","ast-hfb-below-header-display":"","ast-hfb-mobile-header-display":"","site-post-title":"","ast-breadcrumbs-content":"","ast-featured-img":"","footer-sml-layout":"","theme-transparent-header-meta":"","adv-header-id-meta":"","stick-header-meta":"","header-above-stick-meta":"","header-main-stick-meta":"","header-below-stick-meta":"","astra-migrate-meta-layouts":"default","ast-page-background-enabled":"default","ast-page-background-meta":{"desktop":{"background-color":"var(--ast-global-color-5)","background-image":"","background-repeat":"repeat","background-position":"center center","background-size":"auto","background-attachment":"scroll","background-type":"","background-media":"","overlay-type":"","overlay-color":"","overlay-opacity":"","overlay-gradient":""},"tablet":{"background-color":"","background-image":"","background-repeat":"repeat","background-position":"center center","background-size":"auto","background-attachment":"scroll","background-type":"","background-media":"","overlay-type":"","overlay-color":"","overlay-opacity":"","overlay-gradient":""},"mobile":{"background-color":"","background-image":"","background-repeat":"repeat","background-position":"center center","background-size":"auto","background-attachment":"scroll","background-type":"","background-media":"","overlay-type":"","overlay-color":"","overlay-opacity":"","overlay-gradient":""}},"ast-content-background-meta":{"desktop":{"background-color":"var(--ast-global-color-4)","background-image":"","background-repeat":"repeat","background-position":"center center","background-size":"auto","background-attachment":"scroll","background-type":"","background-media":"","overlay-type":"","overlay-color":"","overlay-opacity":"","overlay-gradient":""},"tablet":{"background-color":"var(--ast-global-color-4)","background-image":"","background-repeat":"repeat","background-position":"center center","background-size":"auto","background-attachment":"scroll","background-type":"","background-media":"","overlay-type":"","overlay-color":"","overlay-opacity":"","overlay-gradient":""},"mobile":{"background-color":"var(--ast-global-color-4)","background-image":"","background-repeat":"repeat","background-position":"center center","background-size":"auto","background-attachment":"scroll","background-type":"","background-media":"","overlay-type":"","overlay-color":"","overlay-opacity":"","overlay-gradient":""}},"footnotes":""},"categories":[5,133,171],"tags":[211,212,262],"class_list":["post-12714","post","type-post","status-publish","format-standard","hentry","category-superior","category-p6","category-tauler-principal","tag-p6a","tag-p6b","tag-p6c"],"post_mailing_queue_ids":[],"_links":{"self":[{"href":"https:\/\/agora.xtec.cat\/escmarquesdelapobla\/wp-json\/wp\/v2\/posts\/12714","targetHints":{"allow":["GET"]}}],"collection":[{"href":"https:\/\/agora.xtec.cat\/escmarquesdelapobla\/wp-json\/wp\/v2\/posts"}],"about":[{"href":"https:\/\/agora.xtec.cat\/escmarquesdelapobla\/wp-json\/wp\/v2\/types\/post"}],"author":[{"embeddable":true,"href":"https:\/\/agora.xtec.cat\/escmarquesdelapobla\/wp-json\/wp\/v2\/users\/45"}],"replies":[{"embeddable":true,"href":"https:\/\/agora.xtec.cat\/escmarquesdelapobla\/wp-json\/wp\/v2\/comments?post=12714"}],"version-history":[{"count":3,"href":"https:\/\/agora.xtec.cat\/escmarquesdelapobla\/wp-json\/wp\/v2\/posts\/12714\/revisions"}],"predecessor-version":[{"id":12720,"href":"https:\/\/agora.xtec.cat\/escmarquesdelapobla\/wp-json\/wp\/v2\/posts\/12714\/revisions\/12720"}],"wp:attachment":[{"href":"https:\/\/agora.xtec.cat\/escmarquesdelapobla\/wp-json\/wp\/v2\/media?parent=12714"}],"wp:term":[{"taxonomy":"category","embeddable":true,"href":"https:\/\/agora.xtec.cat\/escmarquesdelapobla\/wp-json\/wp\/v2\/categories?post=12714"},{"taxonomy":"post_tag","embeddable":true,"href":"https:\/\/agora.xtec.cat\/escmarquesdelapobla\/wp-json\/wp\/v2\/tags?post=12714"}],"curies":[{"name":"wp","href":"https:\/\/api.w.org\/{rel}","templated":true}]}}