{"id":12686,"date":"2023-02-16T17:42:10","date_gmt":"2023-02-16T16:42:10","guid":{"rendered":"https:\/\/agora.xtec.cat\/escmarquesdelapobla\/?p=12686"},"modified":"2023-02-16T17:42:10","modified_gmt":"2023-02-16T16:42:10","slug":"p5-anem-a-lhort-amb-en-federic","status":"publish","type":"post","link":"https:\/\/agora.xtec.cat\/escmarquesdelapobla\/superior\/p5-anem-a-lhort-amb-en-federic\/","title":{"rendered":"P5 Anem a l&#8217;hort amb en Federic"},"content":{"rendered":"<p>Avui, divendres 3 de Febrer, les nenes i nens de P5 hem anat a l\u2019hort amb en Frederic, un expert en l\u2019art de la cura de l\u2019hort de l\u2019escola.<\/p>\n<p>Hem pogut saber que hi havien plantades cols, coliflors i escarola, a m\u00e9s de regar i plantar alls. Tamb\u00e9 ens ha ensenyat els diferents materials que s\u2019utilitzen per tal de no fer malb\u00e9 la collita, recollir-la correctament i com cuidar b\u00e9 la terra.<\/p>\n<p>A m\u00e9s a m\u00e9s, ens ha mostrat com podem podar ceps de forma correcta i tamb\u00e9 hem pogut plantar nosaltres mateixos pastanagues repartint-les per una zona concreta de l\u2019hort.<\/p>\n<p>Ha estat una experi\u00e8ncia molt enriquidora i ens ho hem passat d\u2019all\u00f2 m\u00e9s b\u00e9!<br \/>\n<a href=\"https:\/\/photos.app.goo.gl\/RA1xmfZJDRQaM7qz8\"><img loading=\"lazy\" decoding=\"async\" src=\"https:\/\/lh3.googleusercontent.com\/ub-mPVX75fkvHQif6z8KYX2FUucVTGvY56oou3Hy69DhDHBmhyfJoXSTWwz4-snUb9vYPPk1wnp1ArM_9Ryc1zIbipI5QuVyg78v6PkFicv0tRW37XfPAF178NEI8C8MWGfUMI51Sf4rYyCbfhbk4kpc-RYud6NCDllMpUkzEFWnH2bM3CMCa8s4AzblvaL2FPDhNdWwgc1nyoZnOjIq8dYEdsrKORNsvLPtvevl9ct6x0mC8E8D5aM84okO6eHJYLMGG3dDoJ-nqQ6__1bDtoH9nBv7m3Pz_N9bi1zZTeGkfLcJFCES5hlTI9GCWW2UYG_VrUzJ52DrU4mbvJBQZiPtajVwUhxNK3fZgteuMJybkd9orQmqvbZC-koiPladeMEV9ngZJY7L0J8sGTaYa-oNJWAYf8FCJuNUhCK5jO1xuW1NTbCokyMBZr7WDYhB3eQAGcZnorF0SO1mJakOIWYiKtjSct2Vjvr_jKpmjy93rbsEf88IOQFSpXfKk5d4zPEOUqDjYhO67RN_yH_Fb-DsYZuKnm1uPohdyaYynPcxRZc67IR_oOwETKCE0QM6zzM0iCJMriShMwdwMolxvlOcn-DnTfJMarILd-S90r0sP874GmWeYS06jJBE03xMbb4YjW8b9eiJy0eaBEwglwyY4wCyTRN1l_fHXbonoxHO2DpgkOwjjFJHmYVW5_uXCMZRtIPty-AvQE8i5zbyMx_i03a7JCHucsEfE7vLVkUNa43hVuzQULA9Gw1zx76yIyuBsFthjfZW98INJWHxGMvWdzBoAyvbxpMqtMIbtIpCIyNsOgioP46P7eKiKdWrQbpEI-XJ6cSWxl717WzUllQv_uj3rKxe1xVXcZWDuyz5IXhVTth3JwOnfjP6FvWp7Uz-IacXck8-wOvo35X6S8m_GzKim4gYnjhxkSW2U5kMyqpo=w621-h828-no?authuser=0\" width=\"621\" height=\"828\" class=\"alignnone size-large\" \/><\/a><\/p>\n","protected":false},"excerpt":{"rendered":"<p>Avui, divendres 3 de Febrer, les nenes i nens de P5 hem anat a l\u2019hort amb en Frederic, un expert en l\u2019art de la cura de l\u2019hort de l\u2019escola. Hem pogut saber que hi havien plantades cols, coliflors i escarola, a m\u00e9s de regar i plantar alls. Tamb\u00e9 ens ha ensenyat els diferents materials que [&hellip;]<\/p>\n","protected":false},"author":1,"featured_media":0,"comment_status":"open","ping_status":"closed","sticky":false,"template":"","format":"standard","meta":{"_bbp_topic_count":0,"_bbp_reply_count":0,"_bbp_total_topic_count":0,"_bbp_total_reply_count":0,"_bbp_voice_count":0,"_bbp_anonymous_reply_count":0,"_bbp_topic_count_hidden":0,"_bbp_reply_count_hidden":0,"_bbp_forum_subforum_count":0,"site-sidebar-layout":"default","site-content-layout":"","ast-site-content-layout":"","site-content-style":"default","site-sidebar-style":"default","ast-global-header-display":"","ast-banner-title-visibility":"","ast-main-header-display":"","ast-hfb-above-header-display":"","ast-hfb-below-header-display":"","ast-hfb-mobile-header-display":"","site-post-title":"","ast-breadcrumbs-content":"","ast-featured-img":"","footer-sml-layout":"","theme-transparent-header-meta":"","adv-header-id-meta":"","stick-header-meta":"","header-above-stick-meta":"","header-main-stick-meta":"","header-below-stick-meta":"","astra-migrate-meta-layouts":"default","ast-page-background-enabled":"default","ast-page-background-meta":{"desktop":{"background-color":"var(--ast-global-color-5)","background-image":"","background-repeat":"repeat","background-position":"center center","background-size":"auto","background-attachment":"scroll","background-type":"","background-media":"","overlay-type":"","overlay-color":"","overlay-opacity":"","overlay-gradient":""},"tablet":{"background-color":"","background-image":"","background-repeat":"repeat","background-position":"center center","background-size":"auto","background-attachment":"scroll","background-type":"","background-media":"","overlay-type":"","overlay-color":"","overlay-opacity":"","overlay-gradient":""},"mobile":{"background-color":"","background-image":"","background-repeat":"repeat","background-position":"center center","background-size":"auto","background-attachment":"scroll","background-type":"","background-media":"","overlay-type":"","overlay-color":"","overlay-opacity":"","overlay-gradient":""}},"ast-content-background-meta":{"desktop":{"background-color":"var(--ast-global-color-4)","background-image":"","background-repeat":"repeat","background-position":"center center","background-size":"auto","background-attachment":"scroll","background-type":"","background-media":"","overlay-type":"","overlay-color":"","overlay-opacity":"","overlay-gradient":""},"tablet":{"background-color":"var(--ast-global-color-4)","background-image":"","background-repeat":"repeat","background-position":"center center","background-size":"auto","background-attachment":"scroll","background-type":"","background-media":"","overlay-type":"","overlay-color":"","overlay-opacity":"","overlay-gradient":""},"mobile":{"background-color":"var(--ast-global-color-4)","background-image":"","background-repeat":"repeat","background-position":"center center","background-size":"auto","background-attachment":"scroll","background-type":"","background-media":"","overlay-type":"","overlay-color":"","overlay-opacity":"","overlay-gradient":""}},"footnotes":""},"categories":[5,14],"tags":[],"class_list":["post-12686","post","type-post","status-publish","format-standard","hentry","category-superior","category-p5"],"post_mailing_queue_ids":[],"_links":{"self":[{"href":"https:\/\/agora.xtec.cat\/escmarquesdelapobla\/wp-json\/wp\/v2\/posts\/12686","targetHints":{"allow":["GET"]}}],"collection":[{"href":"https:\/\/agora.xtec.cat\/escmarquesdelapobla\/wp-json\/wp\/v2\/posts"}],"about":[{"href":"https:\/\/agora.xtec.cat\/escmarquesdelapobla\/wp-json\/wp\/v2\/types\/post"}],"author":[{"embeddable":true,"href":"https:\/\/agora.xtec.cat\/escmarquesdelapobla\/wp-json\/wp\/v2\/users\/1"}],"replies":[{"embeddable":true,"href":"https:\/\/agora.xtec.cat\/escmarquesdelapobla\/wp-json\/wp\/v2\/comments?post=12686"}],"version-history":[{"count":1,"href":"https:\/\/agora.xtec.cat\/escmarquesdelapobla\/wp-json\/wp\/v2\/posts\/12686\/revisions"}],"predecessor-version":[{"id":12687,"href":"https:\/\/agora.xtec.cat\/escmarquesdelapobla\/wp-json\/wp\/v2\/posts\/12686\/revisions\/12687"}],"wp:attachment":[{"href":"https:\/\/agora.xtec.cat\/escmarquesdelapobla\/wp-json\/wp\/v2\/media?parent=12686"}],"wp:term":[{"taxonomy":"category","embeddable":true,"href":"https:\/\/agora.xtec.cat\/escmarquesdelapobla\/wp-json\/wp\/v2\/categories?post=12686"},{"taxonomy":"post_tag","embeddable":true,"href":"https:\/\/agora.xtec.cat\/escmarquesdelapobla\/wp-json\/wp\/v2\/tags?post=12686"}],"curies":[{"name":"wp","href":"https:\/\/api.w.org\/{rel}","templated":true}]}}