{"id":12601,"date":"2023-01-19T19:01:09","date_gmt":"2023-01-19T18:01:09","guid":{"rendered":"https:\/\/agora.xtec.cat\/escmarquesdelapobla\/?p=12601"},"modified":"2023-01-19T19:02:26","modified_gmt":"2023-01-19T18:02:26","slug":"anem-a-lhort-de-lescola","status":"publish","type":"post","link":"https:\/\/agora.xtec.cat\/escmarquesdelapobla\/infantil\/anem-a-lhort-de-lescola\/","title":{"rendered":"Anem A l&#8217;hort de l&#8217;escola"},"content":{"rendered":"<p style=\"text-align: justify;\"><span style=\"font-weight: 400;\">El divendres 13 de gener, els nens i nenes d&#8217;I5 vam anar a l\u2019hort. All\u00e0 ens esperava el Frederic, que ens va ensenyar tot el que hi havia plantat, ens va dir com ho hav\u00edem de cuidar i ho vam regar generosament per poder-ho recollir m\u00e9s endavant.<\/span><\/p>\n<p style=\"text-align: justify;\"><span style=\"font-weight: 400;\"> Vam veure que hi ha coliflors, faves, bledes, p\u00e8sols, escaroles i espinacs. Sabeu que podem saber quina verdura \u00e9s gr\u00e0cies al color de les fulles? <\/span><\/p>\n<p style=\"text-align: justify;\"><span style=\"font-weight: 400;\">Una estona genial!!!<\/span><\/p>\n<p><a href=\"https:\/\/photos.app.goo.gl\/6Db6dciasxFNuSKWA\"><img loading=\"lazy\" decoding=\"async\" class=\"alignnone size-large\" src=\"http:\/lh3.googleusercontent.com\/NWDqQc2Xv56disNZ4Kh2NaeaSW72wANKQjeDtz-trnS4usmxUH1TgqXTHkGtKceAkuRJ_w4qfyoE7i5Z9hsmvgylrAMjZiGTyFo0v_aZEtfBkLtkZHNnvWnqYqrCL_UnY124y2eHMfeF0-OobVjklvyXIa1-RyJTqhvGJcQdglc1iTpwTostKJYlggtU35WRMKbFvdTJw74WK-gsZr5ZFCeryTok6-3d02kvsPJ_lhQMyDu30IP_bBFDs670bDtt5MI4f8LFAzf7zXWgQQ6I5P_YvwRHvE-xkmApFhENYp8CPKE6PhzoTGaNFGnhhiCgtNaUGvQ_ac-ojUa-JARWlc9Oq6DD-DVSt-0fErIvUzCUS5GPRiYuzeFqF7-UaUbR8tjrTz2o94yUOMnB__UGWWeRvJxh5svtuBkDAXANNcUPPQgSiOxW7Vcl0IH7NaaBAVYpjj1VDFP9PD8yrKq21aqBcMY0jh6IcVIx5hwoyOVVQjlm6s7zc6y_sMqZXtQSr6CKtKSHrJYNZImLypspiKqkOakKohH5290wN8LCoHQK2vMHcdrtxWlKz9rxX2AMVJRxV0rTTB_EX9vt9U9QTN14mqEqGhHmp5GY4_pJlUHYRi2k7aoKtd3RByFCyMA_PZxbyVhPz9E7_1ZLBQEuvwmHaRmJ63IWADV7VKfrTD4at2c3KGZEH6i0cKfopCJIT8lY5VLHIcWryej4ll8QKq91WZdBtuTLNJl_luj1jqYS6VZoWnZkJWYEYh2953s0juyNyyvxUDbhLuzFiFnmXY5s249AKo2xPrraTsEIA3igRVUHWqA3NBh7MO5OBbGzzLux-VtWCLUTV4iOHpXai3viIJ4Bj-6wJ7yZ_mGBigSs1Fy_9a0BAUQjRk6QsKQPOJuCVudv4JCnvP0kGR5DPhl6zVlKhe4fvH3sSRhq2WRYLQAdCP7G6GAUZPjFO6h4E-pAQ1SkBokgARWmiFPKItLY64GP4gn-5QUUpreC28Ler1JcQNudcz2YnQ=w1326-h994-no?authuser=0\" width=\"1326\" height=\"994\" \/><\/a><\/p>\n","protected":false},"excerpt":{"rendered":"<p>El divendres 13 de gener, els nens i nenes d&#8217;I5 vam anar a l\u2019hort. All\u00e0 ens esperava el Frederic, que ens va ensenyar tot el que hi havia plantat, ens va dir com ho hav\u00edem de cuidar i ho vam regar generosament per poder-ho recollir m\u00e9s endavant. Vam veure que hi ha coliflors, faves, bledes, [&hellip;]<\/p>\n","protected":false},"author":1,"featured_media":0,"comment_status":"open","ping_status":"closed","sticky":false,"template":"","format":"standard","meta":{"_bbp_topic_count":0,"_bbp_reply_count":0,"_bbp_total_topic_count":0,"_bbp_total_reply_count":0,"_bbp_voice_count":0,"_bbp_anonymous_reply_count":0,"_bbp_topic_count_hidden":0,"_bbp_reply_count_hidden":0,"_bbp_forum_subforum_count":0,"site-sidebar-layout":"default","site-content-layout":"","ast-site-content-layout":"","site-content-style":"default","site-sidebar-style":"default","ast-global-header-display":"","ast-banner-title-visibility":"","ast-main-header-display":"","ast-hfb-above-header-display":"","ast-hfb-below-header-display":"","ast-hfb-mobile-header-display":"","site-post-title":"","ast-breadcrumbs-content":"","ast-featured-img":"","footer-sml-layout":"","theme-transparent-header-meta":"","adv-header-id-meta":"","stick-header-meta":"","header-above-stick-meta":"","header-main-stick-meta":"","header-below-stick-meta":"","astra-migrate-meta-layouts":"default","ast-page-background-enabled":"default","ast-page-background-meta":{"desktop":{"background-color":"var(--ast-global-color-5)","background-image":"","background-repeat":"repeat","background-position":"center center","background-size":"auto","background-attachment":"scroll","background-type":"","background-media":"","overlay-type":"","overlay-color":"","overlay-opacity":"","overlay-gradient":""},"tablet":{"background-color":"","background-image":"","background-repeat":"repeat","background-position":"center center","background-size":"auto","background-attachment":"scroll","background-type":"","background-media":"","overlay-type":"","overlay-color":"","overlay-opacity":"","overlay-gradient":""},"mobile":{"background-color":"","background-image":"","background-repeat":"repeat","background-position":"center center","background-size":"auto","background-attachment":"scroll","background-type":"","background-media":"","overlay-type":"","overlay-color":"","overlay-opacity":"","overlay-gradient":""}},"ast-content-background-meta":{"desktop":{"background-color":"var(--ast-global-color-4)","background-image":"","background-repeat":"repeat","background-position":"center center","background-size":"auto","background-attachment":"scroll","background-type":"","background-media":"","overlay-type":"","overlay-color":"","overlay-opacity":"","overlay-gradient":""},"tablet":{"background-color":"var(--ast-global-color-4)","background-image":"","background-repeat":"repeat","background-position":"center center","background-size":"auto","background-attachment":"scroll","background-type":"","background-media":"","overlay-type":"","overlay-color":"","overlay-opacity":"","overlay-gradient":""},"mobile":{"background-color":"var(--ast-global-color-4)","background-image":"","background-repeat":"repeat","background-position":"center center","background-size":"auto","background-attachment":"scroll","background-type":"","background-media":"","overlay-type":"","overlay-color":"","overlay-opacity":"","overlay-gradient":""}},"footnotes":""},"categories":[111,9,2],"tags":[197,198],"class_list":["post-12601","post","type-post","status-publish","format-standard","hentry","category-hort","category-i5","category-infantil","tag-i5-a","tag-i5-b"],"post_mailing_queue_ids":[],"_links":{"self":[{"href":"https:\/\/agora.xtec.cat\/escmarquesdelapobla\/wp-json\/wp\/v2\/posts\/12601","targetHints":{"allow":["GET"]}}],"collection":[{"href":"https:\/\/agora.xtec.cat\/escmarquesdelapobla\/wp-json\/wp\/v2\/posts"}],"about":[{"href":"https:\/\/agora.xtec.cat\/escmarquesdelapobla\/wp-json\/wp\/v2\/types\/post"}],"author":[{"embeddable":true,"href":"https:\/\/agora.xtec.cat\/escmarquesdelapobla\/wp-json\/wp\/v2\/users\/1"}],"replies":[{"embeddable":true,"href":"https:\/\/agora.xtec.cat\/escmarquesdelapobla\/wp-json\/wp\/v2\/comments?post=12601"}],"version-history":[{"count":2,"href":"https:\/\/agora.xtec.cat\/escmarquesdelapobla\/wp-json\/wp\/v2\/posts\/12601\/revisions"}],"predecessor-version":[{"id":12603,"href":"https:\/\/agora.xtec.cat\/escmarquesdelapobla\/wp-json\/wp\/v2\/posts\/12601\/revisions\/12603"}],"wp:attachment":[{"href":"https:\/\/agora.xtec.cat\/escmarquesdelapobla\/wp-json\/wp\/v2\/media?parent=12601"}],"wp:term":[{"taxonomy":"category","embeddable":true,"href":"https:\/\/agora.xtec.cat\/escmarquesdelapobla\/wp-json\/wp\/v2\/categories?post=12601"},{"taxonomy":"post_tag","embeddable":true,"href":"https:\/\/agora.xtec.cat\/escmarquesdelapobla\/wp-json\/wp\/v2\/tags?post=12601"}],"curies":[{"name":"wp","href":"https:\/\/api.w.org\/{rel}","templated":true}]}}