{"id":12584,"date":"2023-01-20T13:06:56","date_gmt":"2023-01-20T12:06:56","guid":{"rendered":"https:\/\/agora.xtec.cat\/escmarquesdelapobla\/?p=12584"},"modified":"2023-01-20T13:06:56","modified_gmt":"2023-01-20T12:06:56","slug":"concurs-de-pessebres-de-capellades","status":"publish","type":"post","link":"https:\/\/agora.xtec.cat\/escmarquesdelapobla\/general\/concurs-de-pessebres-de-capellades\/","title":{"rendered":"Concurs de pessebres de Capellades"},"content":{"rendered":"<p style=\"text-align: justify;\"><span style=\"font-weight: 400;\">\u00a0Un any m\u00e9s la Parr\u00f2quia de Santa Maria de Capellades ha organitzat durant el per\u00edode nadalenc el tradicional concurs de pessebres on els infants i les fam\u00edlies interessades tenen la possibilitat d\u2019inscriure\u2019s i de participar-hi. Aquesta \u00e9s una manera m\u00e9s de mantenir algunes de les tradicions. .\u00a0<\/span><\/p>\n<p style=\"text-align: justify;\"><span style=\"font-weight: 400;\">El diumenge dia 8 de gener de 2023 a les 12 del migdia va tenir lloc el repartiment de premis. Entre els concursants hi havia alguns alumnes de la nostra escola. El Xavier\u00a0 Roca Subirana de 6\u00e8 va aconseguir el primer premi i els germans Biel, Max i Bruno Trepat Campoy de 2n, 5\u00e8 i 2n d\u2019ESO el segon premi. La resta de participants tamb\u00e9 van rebre obsequis de participaci\u00f3.<\/span><\/p>\n<p style=\"text-align: justify;\"><span style=\"font-weight: 400;\">Felicitem els i les participants i en\u00a0 especial els guanyadors, i els encoratgem a continuar\u00a0 desenvolupant la seva creativitat i imaginaci\u00f3 en aquestes interessants experi\u00e8ncies.<\/span><\/p>\n<p style=\"text-align: justify;\"><span style=\"font-weight: 400;\">L\u2019enhorabona a tots i totes!\u00a0<\/span><\/p>\n<p><a href=\"https:\/\/photos.app.goo.gl\/RyE5vJw5K8QsYZjp7\"><img loading=\"lazy\" decoding=\"async\" class=\"aligncenter size-large\" src=\"https:\/\/lh3.googleusercontent.com\/pw\/AL9nZEWeGFPz67SEdqQ_gWMIXKc_RkQg3hbVDOwv0s2YmEzqTtUZm1LPJP5nnpDS3ue9qV1aIO6qAnAXxF65xCVy8IpQeZvgx3aEZCbAF2ncfqBomiqsnknUZlf-GFNIhqq1CUjwmd0cKlthbS4SM5UmefdK=w1280-h720-no?authuser=2\" width=\"1280\" height=\"720\" \/><\/a><\/p>\n","protected":false},"excerpt":{"rendered":"<p>\u00a0Un any m\u00e9s la Parr\u00f2quia de Santa Maria de Capellades ha organitzat durant el per\u00edode nadalenc el tradicional concurs de pessebres on els infants i les fam\u00edlies interessades tenen la possibilitat d\u2019inscriure\u2019s i de participar-hi. Aquesta \u00e9s una manera m\u00e9s de mantenir algunes de les tradicions. .\u00a0 El diumenge dia 8 de gener de 2023 [&hellip;]<\/p>\n","protected":false},"author":45,"featured_media":0,"comment_status":"open","ping_status":"closed","sticky":false,"template":"","format":"standard","meta":{"_bbp_topic_count":0,"_bbp_reply_count":0,"_bbp_total_topic_count":0,"_bbp_total_reply_count":0,"_bbp_voice_count":0,"_bbp_anonymous_reply_count":0,"_bbp_topic_count_hidden":0,"_bbp_reply_count_hidden":0,"_bbp_forum_subforum_count":0,"site-sidebar-layout":"default","site-content-layout":"","ast-site-content-layout":"","site-content-style":"default","site-sidebar-style":"default","ast-global-header-display":"","ast-banner-title-visibility":"","ast-main-header-display":"","ast-hfb-above-header-display":"","ast-hfb-below-header-display":"","ast-hfb-mobile-header-display":"","site-post-title":"","ast-breadcrumbs-content":"","ast-featured-img":"","footer-sml-layout":"","theme-transparent-header-meta":"","adv-header-id-meta":"","stick-header-meta":"","header-above-stick-meta":"","header-main-stick-meta":"","header-below-stick-meta":"","astra-migrate-meta-layouts":"default","ast-page-background-enabled":"default","ast-page-background-meta":{"desktop":{"background-color":"var(--ast-global-color-5)","background-image":"","background-repeat":"repeat","background-position":"center center","background-size":"auto","background-attachment":"scroll","background-type":"","background-media":"","overlay-type":"","overlay-color":"","overlay-opacity":"","overlay-gradient":""},"tablet":{"background-color":"","background-image":"","background-repeat":"repeat","background-position":"center center","background-size":"auto","background-attachment":"scroll","background-type":"","background-media":"","overlay-type":"","overlay-color":"","overlay-opacity":"","overlay-gradient":""},"mobile":{"background-color":"","background-image":"","background-repeat":"repeat","background-position":"center center","background-size":"auto","background-attachment":"scroll","background-type":"","background-media":"","overlay-type":"","overlay-color":"","overlay-opacity":"","overlay-gradient":""}},"ast-content-background-meta":{"desktop":{"background-color":"var(--ast-global-color-4)","background-image":"","background-repeat":"repeat","background-position":"center center","background-size":"auto","background-attachment":"scroll","background-type":"","background-media":"","overlay-type":"","overlay-color":"","overlay-opacity":"","overlay-gradient":""},"tablet":{"background-color":"var(--ast-global-color-4)","background-image":"","background-repeat":"repeat","background-position":"center center","background-size":"auto","background-attachment":"scroll","background-type":"","background-media":"","overlay-type":"","overlay-color":"","overlay-opacity":"","overlay-gradient":""},"mobile":{"background-color":"var(--ast-global-color-4)","background-image":"","background-repeat":"repeat","background-position":"center center","background-size":"auto","background-attachment":"scroll","background-type":"","background-media":"","overlay-type":"","overlay-color":"","overlay-opacity":"","overlay-gradient":""}},"footnotes":""},"categories":[1,114],"tags":[],"class_list":["post-12584","post","type-post","status-publish","format-standard","hentry","category-general","category-nadal"],"post_mailing_queue_ids":[],"_links":{"self":[{"href":"https:\/\/agora.xtec.cat\/escmarquesdelapobla\/wp-json\/wp\/v2\/posts\/12584","targetHints":{"allow":["GET"]}}],"collection":[{"href":"https:\/\/agora.xtec.cat\/escmarquesdelapobla\/wp-json\/wp\/v2\/posts"}],"about":[{"href":"https:\/\/agora.xtec.cat\/escmarquesdelapobla\/wp-json\/wp\/v2\/types\/post"}],"author":[{"embeddable":true,"href":"https:\/\/agora.xtec.cat\/escmarquesdelapobla\/wp-json\/wp\/v2\/users\/45"}],"replies":[{"embeddable":true,"href":"https:\/\/agora.xtec.cat\/escmarquesdelapobla\/wp-json\/wp\/v2\/comments?post=12584"}],"version-history":[{"count":2,"href":"https:\/\/agora.xtec.cat\/escmarquesdelapobla\/wp-json\/wp\/v2\/posts\/12584\/revisions"}],"predecessor-version":[{"id":12604,"href":"https:\/\/agora.xtec.cat\/escmarquesdelapobla\/wp-json\/wp\/v2\/posts\/12584\/revisions\/12604"}],"wp:attachment":[{"href":"https:\/\/agora.xtec.cat\/escmarquesdelapobla\/wp-json\/wp\/v2\/media?parent=12584"}],"wp:term":[{"taxonomy":"category","embeddable":true,"href":"https:\/\/agora.xtec.cat\/escmarquesdelapobla\/wp-json\/wp\/v2\/categories?post=12584"},{"taxonomy":"post_tag","embeddable":true,"href":"https:\/\/agora.xtec.cat\/escmarquesdelapobla\/wp-json\/wp\/v2\/tags?post=12584"}],"curies":[{"name":"wp","href":"https:\/\/api.w.org\/{rel}","templated":true}]}}