{"id":12537,"date":"2022-12-20T17:03:52","date_gmt":"2022-12-20T16:03:52","guid":{"rendered":"https:\/\/agora.xtec.cat\/escmarquesdelapobla\/?p=12537"},"modified":"2022-12-27T13:20:50","modified_gmt":"2022-12-27T12:20:50","slug":"cantada-a-lescola-bressol","status":"publish","type":"post","link":"https:\/\/agora.xtec.cat\/escmarquesdelapobla\/superior\/cantada-a-lescola-bressol\/","title":{"rendered":"Cantada a l&#8217;escola bressol"},"content":{"rendered":"<p style=\"text-align: justify;\">Avui els alumnes de P6 hem anat a l\u2019escola bressol a cantar les can\u00e7ons de Nadal.<br \/>\nAl principi els nens estaven molt nerviosos i no paraven de plorar, per\u00f2 quan hem comen\u00e7at a cantar s\u2019han relaxat.<br \/>\nHem cantat moltes can\u00e7ons boniques com bressol d\u2019hivern, m\u2019agrada tant fer-te feli\u00e7&#8230; i alguna de tradicional com el fum, fum, fum.<br \/>\nHa sigut molt divertit!<\/p>\n<p style=\"text-align: justify;\">Escrit per Martina, Maggie i A\u00efda de P6<br \/>\n<a href=\"https:\/\/photos.app.goo.gl\/ZqBELupbv8oNZ1oi7\"><img loading=\"lazy\" decoding=\"async\" class=\"alignnone size-large\" src=\"https:\/\/lh3.googleusercontent.com\/sl1kOp1U6wNtm6aTgQw9Cj3pPz8sSfBc27bmBzB9_RmhaEYDvv8uSSmQUuhVWxXxj--mzfr5kVF1BLBwnvVJX0GrDdASioY8VJvYEegLZRYJJqMIlVP81_9kgUCKVKSE3AOQTfESZJmOPc4BweQ5vfmsR14mAgpnYrUgrVVv7VJJoHckZDS5YHed2Us44E4SHV0JkSnJu9QgZAQT6UF3u-np9VHJXtzNhneEajKZ353Tg4eiWt7GkA7Lc-WGcISaNsE6muvt4u5AyYnTEqaPX8IJmLtQgK0aLdQJ5uQZZ0FkoE6SDMmeriilMBIekW-_u4JeiLT7adlnnAffSaRE7DKbnjP92dlXouYvAiye7DH6ARYBqHDC_5oCpqm8CoQVtC19BbZJqecqem5l2OPqZ4Xgq3tBFBWE3U-Fo8imSvIyq81SoPX8muMdy9zRpMpgcV_phEwcOmRUptcQ6iph-c3kwE1_kNjCRuSZPU6THBwmGH5MDu2a3GROTW9DaPlndO6cEohs7g9BMdwGuiqL-ZECl4MZoisO9mCeZ6m1KhPFgg8rgwpMrVF2z209b-FP9ZbOfXq6j66lMy7kiMvijOh-byYTKqIa_T8b9MizrwqHuddTt28jMuKv-0AbJ-5p6s045v7vMJEUg_k0_PXQrDF9IbdhU5UQhTpZfMYpTfTI9oWBh_MlCP5LlfW3ITRP6MIqkkjQyLDQMquBBS-DMdZrHq0usScB2rRGc9otUxejwOSKOM8qlRvBYHQ8sNq0ZYUkzCVE18oSo9MdP9x9TuEiWi-QhEU_AtbweCxmNhAls-Z2e-FpH31xctdXBx26Guzw1LTujSWjsbguZv6Duiss4sm-xxpUMC_4rYDF5-BypdifLCz8_SrOPIpxBXollhgTaQLIVctrijOb5aRfGISo0Cyaf_fc630k99HxcC-FxpJF=w876-h657-no?authuser=0\" width=\"876\" height=\"657\" \/><\/a><\/p>\n","protected":false},"excerpt":{"rendered":"<p>Avui els alumnes de P6 hem anat a l\u2019escola bressol a cantar les can\u00e7ons de Nadal. Al principi els nens estaven molt nerviosos i no paraven de plorar, per\u00f2 quan hem comen\u00e7at a cantar s\u2019han relaxat. Hem cantat moltes can\u00e7ons boniques com bressol d\u2019hivern, m\u2019agrada tant fer-te feli\u00e7&#8230; i alguna de tradicional com el fum, [&hellip;]<\/p>\n","protected":false},"author":1,"featured_media":0,"comment_status":"open","ping_status":"closed","sticky":false,"template":"","format":"standard","meta":{"_bbp_topic_count":0,"_bbp_reply_count":0,"_bbp_total_topic_count":0,"_bbp_total_reply_count":0,"_bbp_voice_count":0,"_bbp_anonymous_reply_count":0,"_bbp_topic_count_hidden":0,"_bbp_reply_count_hidden":0,"_bbp_forum_subforum_count":0,"site-sidebar-layout":"default","site-content-layout":"","ast-site-content-layout":"","site-content-style":"default","site-sidebar-style":"default","ast-global-header-display":"","ast-banner-title-visibility":"","ast-main-header-display":"","ast-hfb-above-header-display":"","ast-hfb-below-header-display":"","ast-hfb-mobile-header-display":"","site-post-title":"","ast-breadcrumbs-content":"","ast-featured-img":"","footer-sml-layout":"","theme-transparent-header-meta":"","adv-header-id-meta":"","stick-header-meta":"","header-above-stick-meta":"","header-main-stick-meta":"","header-below-stick-meta":"","astra-migrate-meta-layouts":"default","ast-page-background-enabled":"default","ast-page-background-meta":{"desktop":{"background-color":"var(--ast-global-color-5)","background-image":"","background-repeat":"repeat","background-position":"center center","background-size":"auto","background-attachment":"scroll","background-type":"","background-media":"","overlay-type":"","overlay-color":"","overlay-opacity":"","overlay-gradient":""},"tablet":{"background-color":"","background-image":"","background-repeat":"repeat","background-position":"center center","background-size":"auto","background-attachment":"scroll","background-type":"","background-media":"","overlay-type":"","overlay-color":"","overlay-opacity":"","overlay-gradient":""},"mobile":{"background-color":"","background-image":"","background-repeat":"repeat","background-position":"center center","background-size":"auto","background-attachment":"scroll","background-type":"","background-media":"","overlay-type":"","overlay-color":"","overlay-opacity":"","overlay-gradient":""}},"ast-content-background-meta":{"desktop":{"background-color":"var(--ast-global-color-4)","background-image":"","background-repeat":"repeat","background-position":"center center","background-size":"auto","background-attachment":"scroll","background-type":"","background-media":"","overlay-type":"","overlay-color":"","overlay-opacity":"","overlay-gradient":""},"tablet":{"background-color":"var(--ast-global-color-4)","background-image":"","background-repeat":"repeat","background-position":"center center","background-size":"auto","background-attachment":"scroll","background-type":"","background-media":"","overlay-type":"","overlay-color":"","overlay-opacity":"","overlay-gradient":""},"mobile":{"background-color":"var(--ast-global-color-4)","background-image":"","background-repeat":"repeat","background-position":"center center","background-size":"auto","background-attachment":"scroll","background-type":"","background-media":"","overlay-type":"","overlay-color":"","overlay-opacity":"","overlay-gradient":""}},"footnotes":""},"categories":[5,114,133],"tags":[],"class_list":["post-12537","post","type-post","status-publish","format-standard","hentry","category-superior","category-nadal","category-p6"],"post_mailing_queue_ids":[],"_links":{"self":[{"href":"https:\/\/agora.xtec.cat\/escmarquesdelapobla\/wp-json\/wp\/v2\/posts\/12537","targetHints":{"allow":["GET"]}}],"collection":[{"href":"https:\/\/agora.xtec.cat\/escmarquesdelapobla\/wp-json\/wp\/v2\/posts"}],"about":[{"href":"https:\/\/agora.xtec.cat\/escmarquesdelapobla\/wp-json\/wp\/v2\/types\/post"}],"author":[{"embeddable":true,"href":"https:\/\/agora.xtec.cat\/escmarquesdelapobla\/wp-json\/wp\/v2\/users\/1"}],"replies":[{"embeddable":true,"href":"https:\/\/agora.xtec.cat\/escmarquesdelapobla\/wp-json\/wp\/v2\/comments?post=12537"}],"version-history":[{"count":3,"href":"https:\/\/agora.xtec.cat\/escmarquesdelapobla\/wp-json\/wp\/v2\/posts\/12537\/revisions"}],"predecessor-version":[{"id":12565,"href":"https:\/\/agora.xtec.cat\/escmarquesdelapobla\/wp-json\/wp\/v2\/posts\/12537\/revisions\/12565"}],"wp:attachment":[{"href":"https:\/\/agora.xtec.cat\/escmarquesdelapobla\/wp-json\/wp\/v2\/media?parent=12537"}],"wp:term":[{"taxonomy":"category","embeddable":true,"href":"https:\/\/agora.xtec.cat\/escmarquesdelapobla\/wp-json\/wp\/v2\/categories?post=12537"},{"taxonomy":"post_tag","embeddable":true,"href":"https:\/\/agora.xtec.cat\/escmarquesdelapobla\/wp-json\/wp\/v2\/tags?post=12537"}],"curies":[{"name":"wp","href":"https:\/\/api.w.org\/{rel}","templated":true}]}}