{"id":12524,"date":"2022-12-19T18:03:15","date_gmt":"2022-12-19T17:03:15","guid":{"rendered":"https:\/\/agora.xtec.cat\/escmarquesdelapobla\/?p=12524"},"modified":"2022-12-19T18:03:15","modified_gmt":"2022-12-19T17:03:15","slug":"exposem-els-projectes-del-primer-trimestre","status":"publish","type":"post","link":"https:\/\/agora.xtec.cat\/escmarquesdelapobla\/tauler-principal\/exposem-els-projectes-del-primer-trimestre\/","title":{"rendered":"Exposem els projectes del primer trimestre!"},"content":{"rendered":"<p>Divendres 16 vam estar exposant els projectes que hem anat realitzant al llarg del primer trimestre, i ha sigut una experi\u00e8ncia genial i molt enriquidora.<\/p>\n<p>L&#8217;alumnat de prim\u00e0ria va poder triar de dues franges, un projecte de cada franja per anar a veure i aprendre&#8217;n. A infantil per nivells es van exposar els seus projectes del primer trimestre.<\/p>\n<p>Cada grup de projecte va fer l&#8217;exposici\u00f3 amb els suports que va preferir i de la forma que va creure que seria m\u00e9s adequada.<\/p>\n<p>Ens quedem amb una experi\u00e8ncia fant\u00e0stica, sobretot volem destacar el fet de poder triar de quin projecte en volem aprendre segons els interessos i tamb\u00e9 ens ha agradat molt el fet de poder explicar tot all\u00f2 que hem anat descobrint i que tant ens ha emocionat con\u00e8ixer i investigar.<\/p>\n<p><a href=\"https:\/\/photos.app.goo.gl\/9YYT6vcXwT5rRwvd7\"><img loading=\"lazy\" decoding=\"async\" class=\"aligncenter size-large\" src=\"https:\/\/lh3.googleusercontent.com\/pw\/AL9nZEXv5fIOR8EuQuxyehwtyBiB8GGzafQIy4evbLEjTEOEzajq_kdSFbTn6PIaBczZ2T68mFk_XzphR6vwxkGLTGdKvw8XiiAj2Ay8lerLht-Yg6TOdLLDcQ5zuSzOd15bC0FTbs3r9EoEdZCoTbv7BnAs=w1097-h820-no?authuser=3\" width=\"1096\" height=\"820\" \/><\/a><\/p>\n<p>&nbsp;<\/p>\n","protected":false},"excerpt":{"rendered":"<p>Divendres 16 vam estar exposant els projectes que hem anat realitzant al llarg del primer trimestre, i ha sigut una experi\u00e8ncia genial i molt enriquidora. L&#8217;alumnat de prim\u00e0ria va poder triar de dues franges, un projecte de cada franja per anar a veure i aprendre&#8217;n. A infantil per nivells es van exposar els seus projectes [&hellip;]<\/p>\n","protected":false},"author":45,"featured_media":0,"comment_status":"open","ping_status":"closed","sticky":false,"template":"","format":"standard","meta":{"_bbp_topic_count":0,"_bbp_reply_count":0,"_bbp_total_topic_count":0,"_bbp_total_reply_count":0,"_bbp_voice_count":0,"_bbp_anonymous_reply_count":0,"_bbp_topic_count_hidden":0,"_bbp_reply_count_hidden":0,"_bbp_forum_subforum_count":0,"site-sidebar-layout":"default","site-content-layout":"","ast-site-content-layout":"","site-content-style":"default","site-sidebar-style":"default","ast-global-header-display":"","ast-banner-title-visibility":"","ast-main-header-display":"","ast-hfb-above-header-display":"","ast-hfb-below-header-display":"","ast-hfb-mobile-header-display":"","site-post-title":"","ast-breadcrumbs-content":"","ast-featured-img":"","footer-sml-layout":"","theme-transparent-header-meta":"","adv-header-id-meta":"","stick-header-meta":"","header-above-stick-meta":"","header-main-stick-meta":"","header-below-stick-meta":"","astra-migrate-meta-layouts":"default","ast-page-background-enabled":"default","ast-page-background-meta":{"desktop":{"background-color":"var(--ast-global-color-5)","background-image":"","background-repeat":"repeat","background-position":"center center","background-size":"auto","background-attachment":"scroll","background-type":"","background-media":"","overlay-type":"","overlay-color":"","overlay-opacity":"","overlay-gradient":""},"tablet":{"background-color":"","background-image":"","background-repeat":"repeat","background-position":"center center","background-size":"auto","background-attachment":"scroll","background-type":"","background-media":"","overlay-type":"","overlay-color":"","overlay-opacity":"","overlay-gradient":""},"mobile":{"background-color":"","background-image":"","background-repeat":"repeat","background-position":"center center","background-size":"auto","background-attachment":"scroll","background-type":"","background-media":"","overlay-type":"","overlay-color":"","overlay-opacity":"","overlay-gradient":""}},"ast-content-background-meta":{"desktop":{"background-color":"var(--ast-global-color-4)","background-image":"","background-repeat":"repeat","background-position":"center center","background-size":"auto","background-attachment":"scroll","background-type":"","background-media":"","overlay-type":"","overlay-color":"","overlay-opacity":"","overlay-gradient":""},"tablet":{"background-color":"var(--ast-global-color-4)","background-image":"","background-repeat":"repeat","background-position":"center center","background-size":"auto","background-attachment":"scroll","background-type":"","background-media":"","overlay-type":"","overlay-color":"","overlay-opacity":"","overlay-gradient":""},"mobile":{"background-color":"var(--ast-global-color-4)","background-image":"","background-repeat":"repeat","background-position":"center center","background-size":"auto","background-attachment":"scroll","background-type":"","background-media":"","overlay-type":"","overlay-color":"","overlay-opacity":"","overlay-gradient":""}},"footnotes":""},"categories":[171,274],"tags":[218],"class_list":["post-12524","post","type-post","status-publish","format-standard","hentry","category-tauler-principal","category-projectes","tag-projectes"],"post_mailing_queue_ids":[],"_links":{"self":[{"href":"https:\/\/agora.xtec.cat\/escmarquesdelapobla\/wp-json\/wp\/v2\/posts\/12524","targetHints":{"allow":["GET"]}}],"collection":[{"href":"https:\/\/agora.xtec.cat\/escmarquesdelapobla\/wp-json\/wp\/v2\/posts"}],"about":[{"href":"https:\/\/agora.xtec.cat\/escmarquesdelapobla\/wp-json\/wp\/v2\/types\/post"}],"author":[{"embeddable":true,"href":"https:\/\/agora.xtec.cat\/escmarquesdelapobla\/wp-json\/wp\/v2\/users\/45"}],"replies":[{"embeddable":true,"href":"https:\/\/agora.xtec.cat\/escmarquesdelapobla\/wp-json\/wp\/v2\/comments?post=12524"}],"version-history":[{"count":2,"href":"https:\/\/agora.xtec.cat\/escmarquesdelapobla\/wp-json\/wp\/v2\/posts\/12524\/revisions"}],"predecessor-version":[{"id":12528,"href":"https:\/\/agora.xtec.cat\/escmarquesdelapobla\/wp-json\/wp\/v2\/posts\/12524\/revisions\/12528"}],"wp:attachment":[{"href":"https:\/\/agora.xtec.cat\/escmarquesdelapobla\/wp-json\/wp\/v2\/media?parent=12524"}],"wp:term":[{"taxonomy":"category","embeddable":true,"href":"https:\/\/agora.xtec.cat\/escmarquesdelapobla\/wp-json\/wp\/v2\/categories?post=12524"},{"taxonomy":"post_tag","embeddable":true,"href":"https:\/\/agora.xtec.cat\/escmarquesdelapobla\/wp-json\/wp\/v2\/tags?post=12524"}],"curies":[{"name":"wp","href":"https:\/\/api.w.org\/{rel}","templated":true}]}}