{"id":12456,"date":"2022-11-29T11:30:21","date_gmt":"2022-11-29T10:30:21","guid":{"rendered":"https:\/\/agora.xtec.cat\/escmarquesdelapobla\/?p=12456"},"modified":"2022-11-29T11:30:21","modified_gmt":"2022-11-29T10:30:21","slug":"una-setmana-gaudint-de-la-musica","status":"publish","type":"post","link":"https:\/\/agora.xtec.cat\/escmarquesdelapobla\/celebracions\/una-setmana-gaudint-de-la-musica\/","title":{"rendered":"Una setmana gaudint de la m\u00fasica"},"content":{"rendered":"<p style=\"text-align: justify;\"><span style=\"font-weight: 400;\">Al llarg de la setmana del 21 al 25 de novembre vam poder gaudir d\u2019unes fant\u00e0stiques audicions musicals a c\u00e0rrec d\u2019alumnes, mestres i amics en motiu de la festa de la m\u00fasica que cada any celebrem a l\u2019escola pels voltants de Santa Cec\u00edlia.<\/span><\/p>\n<p style=\"text-align: justify;\"><span style=\"font-weight: 400;\">Cada mat\u00ed i per torns, al vest\u00edbul de l\u2019edifici principal on hi tenim el piano, els m\u00e9s de trenta-cinc artistes ens van anar deleitant de forma individual o en petit grup amb el so de diversos instruments: trompeta,\u00a0 flauta dol\u00e7a i travessera, harm\u00f2nica, piano, bateria, violoncel, guitarra, veu i saxo.\u00a0<\/span><\/p>\n<p style=\"text-align: justify;\"><span style=\"font-weight: 400;\">Ha estat una bonica i entranyable experi\u00e8ncia viscuda per petits i grans. En guardarem un bon record i segur que repetirem en noves ocasions!<\/span><\/p>\n<p style=\"text-align: justify;\"><span style=\"font-weight: 400;\">Realment la m\u00fasica ens emociona i ens acompanya en molts moments de les nostres vides.<\/span><\/p>\n<p style=\"text-align: justify;\"><span style=\"font-weight: 400;\">Per tant diem: Que no pari la m\u00fasica!! \u00a0<\/span><\/p>\n<p><a href=\"https:\/\/photos.app.goo.gl\/EfgD9ZMpxKCi2WbE6\"><img loading=\"lazy\" decoding=\"async\" class=\"alignnone size-large\" src=\"https:\/\/lh3.googleusercontent.com\/pw\/AL9nZEV9rB9g9VMxXe_YauzNXl6Fg9yhrUgTklxzkEDlkoqYf2X4XrnB_017p_r1pER5JRoXr-MQg-w4fJw-LEFaiEpjnhXarguF_rmWe8SrHK6Xazfprri5JGD0jtRMLMak0FdllCYZKiIECVJVHpbkGudn=w1059-h792-no?authuser=2\" width=\"1059\" height=\"792\" \/><\/a><\/p>\n<p>&nbsp;<\/p>\n","protected":false},"excerpt":{"rendered":"<p>Al llarg de la setmana del 21 al 25 de novembre vam poder gaudir d\u2019unes fant\u00e0stiques audicions musicals a c\u00e0rrec d\u2019alumnes, mestres i amics en motiu de la festa de la m\u00fasica que cada any celebrem a l\u2019escola pels voltants de Santa Cec\u00edlia. Cada mat\u00ed i per torns, al vest\u00edbul de l\u2019edifici principal on hi [&hellip;]<\/p>\n","protected":false},"author":45,"featured_media":0,"comment_status":"open","ping_status":"closed","sticky":false,"template":"","format":"standard","meta":{"_bbp_topic_count":0,"_bbp_reply_count":0,"_bbp_total_topic_count":0,"_bbp_total_reply_count":0,"_bbp_voice_count":0,"_bbp_anonymous_reply_count":0,"_bbp_topic_count_hidden":0,"_bbp_reply_count_hidden":0,"_bbp_forum_subforum_count":0,"site-sidebar-layout":"default","site-content-layout":"","ast-site-content-layout":"","site-content-style":"default","site-sidebar-style":"default","ast-global-header-display":"","ast-banner-title-visibility":"","ast-main-header-display":"","ast-hfb-above-header-display":"","ast-hfb-below-header-display":"","ast-hfb-mobile-header-display":"","site-post-title":"","ast-breadcrumbs-content":"","ast-featured-img":"","footer-sml-layout":"","theme-transparent-header-meta":"","adv-header-id-meta":"","stick-header-meta":"","header-above-stick-meta":"","header-main-stick-meta":"","header-below-stick-meta":"","astra-migrate-meta-layouts":"default","ast-page-background-enabled":"default","ast-page-background-meta":{"desktop":{"background-color":"var(--ast-global-color-5)","background-image":"","background-repeat":"repeat","background-position":"center center","background-size":"auto","background-attachment":"scroll","background-type":"","background-media":"","overlay-type":"","overlay-color":"","overlay-opacity":"","overlay-gradient":""},"tablet":{"background-color":"","background-image":"","background-repeat":"repeat","background-position":"center center","background-size":"auto","background-attachment":"scroll","background-type":"","background-media":"","overlay-type":"","overlay-color":"","overlay-opacity":"","overlay-gradient":""},"mobile":{"background-color":"","background-image":"","background-repeat":"repeat","background-position":"center center","background-size":"auto","background-attachment":"scroll","background-type":"","background-media":"","overlay-type":"","overlay-color":"","overlay-opacity":"","overlay-gradient":""}},"ast-content-background-meta":{"desktop":{"background-color":"var(--ast-global-color-4)","background-image":"","background-repeat":"repeat","background-position":"center center","background-size":"auto","background-attachment":"scroll","background-type":"","background-media":"","overlay-type":"","overlay-color":"","overlay-opacity":"","overlay-gradient":""},"tablet":{"background-color":"var(--ast-global-color-4)","background-image":"","background-repeat":"repeat","background-position":"center center","background-size":"auto","background-attachment":"scroll","background-type":"","background-media":"","overlay-type":"","overlay-color":"","overlay-opacity":"","overlay-gradient":""},"mobile":{"background-color":"var(--ast-global-color-4)","background-image":"","background-repeat":"repeat","background-position":"center center","background-size":"auto","background-attachment":"scroll","background-type":"","background-media":"","overlay-type":"","overlay-color":"","overlay-opacity":"","overlay-gradient":""}},"footnotes":""},"categories":[55,126],"tags":[],"class_list":["post-12456","post","type-post","status-publish","format-standard","hentry","category-celebracions","category-musica"],"post_mailing_queue_ids":[],"_links":{"self":[{"href":"https:\/\/agora.xtec.cat\/escmarquesdelapobla\/wp-json\/wp\/v2\/posts\/12456","targetHints":{"allow":["GET"]}}],"collection":[{"href":"https:\/\/agora.xtec.cat\/escmarquesdelapobla\/wp-json\/wp\/v2\/posts"}],"about":[{"href":"https:\/\/agora.xtec.cat\/escmarquesdelapobla\/wp-json\/wp\/v2\/types\/post"}],"author":[{"embeddable":true,"href":"https:\/\/agora.xtec.cat\/escmarquesdelapobla\/wp-json\/wp\/v2\/users\/45"}],"replies":[{"embeddable":true,"href":"https:\/\/agora.xtec.cat\/escmarquesdelapobla\/wp-json\/wp\/v2\/comments?post=12456"}],"version-history":[{"count":1,"href":"https:\/\/agora.xtec.cat\/escmarquesdelapobla\/wp-json\/wp\/v2\/posts\/12456\/revisions"}],"predecessor-version":[{"id":12457,"href":"https:\/\/agora.xtec.cat\/escmarquesdelapobla\/wp-json\/wp\/v2\/posts\/12456\/revisions\/12457"}],"wp:attachment":[{"href":"https:\/\/agora.xtec.cat\/escmarquesdelapobla\/wp-json\/wp\/v2\/media?parent=12456"}],"wp:term":[{"taxonomy":"category","embeddable":true,"href":"https:\/\/agora.xtec.cat\/escmarquesdelapobla\/wp-json\/wp\/v2\/categories?post=12456"},{"taxonomy":"post_tag","embeddable":true,"href":"https:\/\/agora.xtec.cat\/escmarquesdelapobla\/wp-json\/wp\/v2\/tags?post=12456"}],"curies":[{"name":"wp","href":"https:\/\/api.w.org\/{rel}","templated":true}]}}