{"id":12447,"date":"2022-11-28T19:09:35","date_gmt":"2022-11-28T18:09:35","guid":{"rendered":"https:\/\/agora.xtec.cat\/escmarquesdelapobla\/?p=12447"},"modified":"2022-11-29T17:51:37","modified_gmt":"2022-11-29T16:51:37","slug":"el-gran-mercat-dhivern-no-us-el-podeu-perdre","status":"publish","type":"post","link":"https:\/\/agora.xtec.cat\/escmarquesdelapobla\/general\/el-gran-mercat-dhivern-no-us-el-podeu-perdre\/","title":{"rendered":"El gran mercat d&#8217;hivern: No us el podeu perdre!"},"content":{"rendered":"<p>El gran mercat d&#8217;hivern us espera, a continuaci\u00f3 us deixem una mica d&#8217;informaci\u00f3:<\/p>\n<p style=\"text-align: justify;\">Els alumnes de P6 com ja sabeu estem preparant les nostres col\u00f2nies d\u2019aquest curs i hem vist que s\u00f3n una mica cares. Hem creat coses amb material reciclat i els alumnes de P3B, la classe del reciclatge, tamb\u00e9 ens han ajudat. Ho posarem tot a la venda el divendres dia 2 de desembre el gran mercat d\u2019hivern que farem a l\u2019escola. Tamb\u00e9 hi haur\u00e0 un inflable per passar-ho b\u00e9 a un preu simb\u00f2lic. Ens ajudareu?<\/p>\n<p><a href=\"https:\/\/photos.app.goo.gl\/mczdb11msW9jDb1m9\"><img loading=\"lazy\" decoding=\"async\" class=\"aligncenter size-large\" src=\"https:\/\/lh3.googleusercontent.com\/pw\/AL9nZEW5WBoes0Itfk3WL4-4JH4ArpkIhIjFoYofWU-bDgaKoE11ppUKCOVyOa9UroosaCMJQnzPOqbTRYhmCNvp92C-BjSjzuNJ2Fy8Jlt1lRiXdyAqxUS3FZqWpj4Ske58e8nFRRxHA54sPPOXxJTMqkGz=w601-h849-no?authuser=2\" width=\"600\" height=\"849\" \/><\/a><\/p>\n<p style=\"text-align: justify;\">Els alumnes de P4 el divendres 2 de desembre farem paradetes d&#8217;intercanvi per intercanviar objectes que no utilitzeu PER\u00d2 EN BON ESTAT, porteu joguines, cartes\u2026 de casa i intercanvieu. Ho farem a les 16:30 i acabarem a les 17:00 al pati de files.<br \/>\nSi funciona molt b\u00e9 ho farem m\u00e9s divendres. Hi haur\u00e0 un apartat per fer donatius.<\/p>\n<p><a href=\"https:\/\/photos.app.goo.gl\/mczdb11msW9jDb1m9\"><img loading=\"lazy\" decoding=\"async\" class=\"aligncenter size-large\" src=\"https:\/\/lh3.googleusercontent.com\/pw\/AL9nZEWU89Fmy_nxrJbOvN2OOxi7R3oAvq2cXXMLDvNzsYpVFzYP3DFvzWnZCCNQuNKr9FEZoz2KicZ3uxpNelsqjc17ogkVB2yDVa5DzcvwLUCb44xjpZ6waYoUQQMeIBcUZg3wdAgqcvpw4Oi2dUxXuWjK=w1190-h893-no?authuser=4\" width=\"1190\" height=\"892\" \/><\/a><\/p>\n<p style=\"text-align: justify;\">Els alumnes de P3 del grup de projecte del Planeta Terra farem una paradeta amb lamparetes solars, manualitats reciclades i tamb\u00e9 GORRES DE L&#8217;AFANOC del &#8220;Posat la gorra&#8221;!!! Us esperem amb molta il\u00b7lusi\u00f3 perqu\u00e8 entre tots puguem fer una donaci\u00f3 i ajudar als nens i nenes i fam\u00edlies de la Casa dels Xuklis.<\/p>\n<div class=\"ast-oembed-container \" style=\"height: 100%;\"><iframe loading=\"lazy\" title=\"Paradeta per l&#039;AFANOC\" width=\"500\" height=\"281\" src=\"https:\/\/www.youtube.com\/embed\/N0k-BugkHoM?feature=oembed\" frameborder=\"0\" allow=\"accelerometer; autoplay; clipboard-write; encrypted-media; gyroscope; picture-in-picture; web-share\" referrerpolicy=\"strict-origin-when-cross-origin\" allowfullscreen><\/iframe><\/div>\n<p>A m\u00e9s a m\u00e9s, hi haur\u00e0 xocolata calenta per berenar per 1\u20ac a c\u00e0rrec de les fam\u00edlies d&#8217;I5! Porta el teu got o b\u00e9 tamb\u00e9 hi haur\u00e0 gots retornables per 1\u20ac.<\/p>\n<p><a href=\"https:\/\/photos.app.goo.gl\/mczdb11msW9jDb1m9\"><img loading=\"lazy\" decoding=\"async\" class=\"aligncenter \" src=\"https:\/\/lh3.googleusercontent.com\/pw\/AL9nZEWPTYV751Tg0m2Q_9j-q6hQ8HiwLHbLsRBaBGmT6fh0ozGhqH0F7r0F6hpkhwEe_JwPUA1uus4cDuHVTQ4L0xq_5DZP5p6DC5TbO3x_Cl1Y063gTQofOqitdhQZfqwEm0J9KrWLBw_oNO5_sDjBUCc-=w960-h832-no?authuser=0\" width=\"354\" height=\"307\" \/><\/a><\/p>\n","protected":false},"excerpt":{"rendered":"<p>El gran mercat d&#8217;hivern us espera, a continuaci\u00f3 us deixem una mica d&#8217;informaci\u00f3: Els alumnes de P6 com ja sabeu estem preparant les nostres col\u00f2nies d\u2019aquest curs i hem vist que s\u00f3n una mica cares. Hem creat coses amb material reciclat i els alumnes de P3B, la classe del reciclatge, tamb\u00e9 ens han ajudat. Ho [&hellip;]<\/p>\n","protected":false},"author":45,"featured_media":0,"comment_status":"open","ping_status":"closed","sticky":false,"template":"","format":"standard","meta":{"_bbp_topic_count":0,"_bbp_reply_count":0,"_bbp_total_topic_count":0,"_bbp_total_reply_count":0,"_bbp_voice_count":0,"_bbp_anonymous_reply_count":0,"_bbp_topic_count_hidden":0,"_bbp_reply_count_hidden":0,"_bbp_forum_subforum_count":0,"site-sidebar-layout":"default","site-content-layout":"","ast-site-content-layout":"","site-content-style":"default","site-sidebar-style":"default","ast-global-header-display":"","ast-banner-title-visibility":"","ast-main-header-display":"","ast-hfb-above-header-display":"","ast-hfb-below-header-display":"","ast-hfb-mobile-header-display":"","site-post-title":"","ast-breadcrumbs-content":"","ast-featured-img":"","footer-sml-layout":"","theme-transparent-header-meta":"","adv-header-id-meta":"","stick-header-meta":"","header-above-stick-meta":"","header-main-stick-meta":"","header-below-stick-meta":"","astra-migrate-meta-layouts":"default","ast-page-background-enabled":"default","ast-page-background-meta":{"desktop":{"background-color":"var(--ast-global-color-5)","background-image":"","background-repeat":"repeat","background-position":"center center","background-size":"auto","background-attachment":"scroll","background-type":"","background-media":"","overlay-type":"","overlay-color":"","overlay-opacity":"","overlay-gradient":""},"tablet":{"background-color":"","background-image":"","background-repeat":"repeat","background-position":"center center","background-size":"auto","background-attachment":"scroll","background-type":"","background-media":"","overlay-type":"","overlay-color":"","overlay-opacity":"","overlay-gradient":""},"mobile":{"background-color":"","background-image":"","background-repeat":"repeat","background-position":"center center","background-size":"auto","background-attachment":"scroll","background-type":"","background-media":"","overlay-type":"","overlay-color":"","overlay-opacity":"","overlay-gradient":""}},"ast-content-background-meta":{"desktop":{"background-color":"var(--ast-global-color-4)","background-image":"","background-repeat":"repeat","background-position":"center center","background-size":"auto","background-attachment":"scroll","background-type":"","background-media":"","overlay-type":"","overlay-color":"","overlay-opacity":"","overlay-gradient":""},"tablet":{"background-color":"var(--ast-global-color-4)","background-image":"","background-repeat":"repeat","background-position":"center center","background-size":"auto","background-attachment":"scroll","background-type":"","background-media":"","overlay-type":"","overlay-color":"","overlay-opacity":"","overlay-gradient":""},"mobile":{"background-color":"var(--ast-global-color-4)","background-image":"","background-repeat":"repeat","background-position":"center center","background-size":"auto","background-attachment":"scroll","background-type":"","background-media":"","overlay-type":"","overlay-color":"","overlay-opacity":"","overlay-gradient":""}},"footnotes":""},"categories":[1,171],"tags":[],"class_list":["post-12447","post","type-post","status-publish","format-standard","hentry","category-general","category-tauler-principal"],"post_mailing_queue_ids":[],"_links":{"self":[{"href":"https:\/\/agora.xtec.cat\/escmarquesdelapobla\/wp-json\/wp\/v2\/posts\/12447","targetHints":{"allow":["GET"]}}],"collection":[{"href":"https:\/\/agora.xtec.cat\/escmarquesdelapobla\/wp-json\/wp\/v2\/posts"}],"about":[{"href":"https:\/\/agora.xtec.cat\/escmarquesdelapobla\/wp-json\/wp\/v2\/types\/post"}],"author":[{"embeddable":true,"href":"https:\/\/agora.xtec.cat\/escmarquesdelapobla\/wp-json\/wp\/v2\/users\/45"}],"replies":[{"embeddable":true,"href":"https:\/\/agora.xtec.cat\/escmarquesdelapobla\/wp-json\/wp\/v2\/comments?post=12447"}],"version-history":[{"count":3,"href":"https:\/\/agora.xtec.cat\/escmarquesdelapobla\/wp-json\/wp\/v2\/posts\/12447\/revisions"}],"predecessor-version":[{"id":12460,"href":"https:\/\/agora.xtec.cat\/escmarquesdelapobla\/wp-json\/wp\/v2\/posts\/12447\/revisions\/12460"}],"wp:attachment":[{"href":"https:\/\/agora.xtec.cat\/escmarquesdelapobla\/wp-json\/wp\/v2\/media?parent=12447"}],"wp:term":[{"taxonomy":"category","embeddable":true,"href":"https:\/\/agora.xtec.cat\/escmarquesdelapobla\/wp-json\/wp\/v2\/categories?post=12447"},{"taxonomy":"post_tag","embeddable":true,"href":"https:\/\/agora.xtec.cat\/escmarquesdelapobla\/wp-json\/wp\/v2\/tags?post=12447"}],"curies":[{"name":"wp","href":"https:\/\/api.w.org\/{rel}","templated":true}]}}