{"id":12334,"date":"2022-11-10T19:14:13","date_gmt":"2022-11-10T18:14:13","guid":{"rendered":"https:\/\/agora.xtec.cat\/escmarquesdelapobla\/?p=12334"},"modified":"2022-11-10T19:14:13","modified_gmt":"2022-11-10T18:14:13","slug":"fruites-de-tardor","status":"publish","type":"post","link":"https:\/\/agora.xtec.cat\/escmarquesdelapobla\/infantil\/fruites-de-tardor\/","title":{"rendered":"Fruites de tardor"},"content":{"rendered":"<p><span style=\"font-weight: 400;\">Descobrim les fruites de tardor amb els diferents\u00a0 sabors,\u00a0 olors,\u00a0 textures i\u00a0 colors. Ens ha agradat el vermell de la magrana i com han anat saltant els grans quan l\u2019hem picat amb la cullera. L\u2019acidesa de la taronja i la seva olor intensa ha fet que m\u00e9s d\u2019un i una fes ganyotes. La dol\u00e7or del ra\u00efm ha agradat a tothom, encara que potser no tant els seus pinyols. En canvi, la poma ha triomfat pel seu sabor m\u00e9s neutre i conegut per tots i\u00a0 totes.\u00a0<\/span><\/p>\n<p><span style=\"font-weight: 400;\">Despr\u00e9s de degustar les fruites hem fet una activitat pl\u00e0stica. Hem fet unes boletes petites amb paper de seda i despr\u00e9s els hem enganxat sobre una cartolina. Han quedat unes magranes molt xules!<\/span><\/p>\n<p><span style=\"font-weight: 400;\">Us deixem unes imatges.<\/span><\/p>\n<p>&nbsp;<\/p>\n<p><a href=\"https:\/\/photos.app.goo.gl\/vcb38qmrgC7YyY219\"><img loading=\"lazy\" decoding=\"async\" class=\"alignnone size-large\" src=\"http:\/\/lh3.googleusercontent.com\/pw\/AL9nZEU65wjJRsEjtrEuZBEmWTNimwcw4YtnTx9xp3gsCq0bE7i1x66qUQUgWHySbRC4UFYtqsBqV8mLsPE1ubnQZFaChp0Yya-ieYatdiVoLssFXTmRmIeFVtredqnMZpXOgp_ZmMWm7RO2Ds6Q0jx_EsA=w1343-h1007-no?authuser=0\" width=\"1343\" height=\"1007\" \/><\/a><\/p>\n","protected":false},"excerpt":{"rendered":"<p>Descobrim les fruites de tardor amb els diferents\u00a0 sabors,\u00a0 olors,\u00a0 textures i\u00a0 colors. Ens ha agradat el vermell de la magrana i com han anat saltant els grans quan l\u2019hem picat amb la cullera. L\u2019acidesa de la taronja i la seva olor intensa ha fet que m\u00e9s d\u2019un i una fes ganyotes. La dol\u00e7or del [&hellip;]<\/p>\n","protected":false},"author":1,"featured_media":0,"comment_status":"open","ping_status":"closed","sticky":false,"template":"","format":"standard","meta":{"_bbp_topic_count":0,"_bbp_reply_count":0,"_bbp_total_topic_count":0,"_bbp_total_reply_count":0,"_bbp_voice_count":0,"_bbp_anonymous_reply_count":0,"_bbp_topic_count_hidden":0,"_bbp_reply_count_hidden":0,"_bbp_forum_subforum_count":0,"site-sidebar-layout":"default","site-content-layout":"","ast-site-content-layout":"","site-content-style":"default","site-sidebar-style":"default","ast-global-header-display":"","ast-banner-title-visibility":"","ast-main-header-display":"","ast-hfb-above-header-display":"","ast-hfb-below-header-display":"","ast-hfb-mobile-header-display":"","site-post-title":"","ast-breadcrumbs-content":"","ast-featured-img":"","footer-sml-layout":"","theme-transparent-header-meta":"","adv-header-id-meta":"","stick-header-meta":"","header-above-stick-meta":"","header-main-stick-meta":"","header-below-stick-meta":"","astra-migrate-meta-layouts":"default","ast-page-background-enabled":"default","ast-page-background-meta":{"desktop":{"background-color":"var(--ast-global-color-5)","background-image":"","background-repeat":"repeat","background-position":"center center","background-size":"auto","background-attachment":"scroll","background-type":"","background-media":"","overlay-type":"","overlay-color":"","overlay-opacity":"","overlay-gradient":""},"tablet":{"background-color":"","background-image":"","background-repeat":"repeat","background-position":"center center","background-size":"auto","background-attachment":"scroll","background-type":"","background-media":"","overlay-type":"","overlay-color":"","overlay-opacity":"","overlay-gradient":""},"mobile":{"background-color":"","background-image":"","background-repeat":"repeat","background-position":"center center","background-size":"auto","background-attachment":"scroll","background-type":"","background-media":"","overlay-type":"","overlay-color":"","overlay-opacity":"","overlay-gradient":""}},"ast-content-background-meta":{"desktop":{"background-color":"var(--ast-global-color-4)","background-image":"","background-repeat":"repeat","background-position":"center center","background-size":"auto","background-attachment":"scroll","background-type":"","background-media":"","overlay-type":"","overlay-color":"","overlay-opacity":"","overlay-gradient":""},"tablet":{"background-color":"var(--ast-global-color-4)","background-image":"","background-repeat":"repeat","background-position":"center center","background-size":"auto","background-attachment":"scroll","background-type":"","background-media":"","overlay-type":"","overlay-color":"","overlay-opacity":"","overlay-gradient":""},"mobile":{"background-color":"var(--ast-global-color-4)","background-image":"","background-repeat":"repeat","background-position":"center center","background-size":"auto","background-attachment":"scroll","background-type":"","background-media":"","overlay-type":"","overlay-color":"","overlay-opacity":"","overlay-gradient":""}},"footnotes":""},"categories":[3,8,2],"tags":[193,195],"class_list":["post-12334","post","type-post","status-publish","format-standard","hentry","category-i3","category-i4","category-infantil","tag-i3-b","tag-i4-b"],"post_mailing_queue_ids":[],"_links":{"self":[{"href":"https:\/\/agora.xtec.cat\/escmarquesdelapobla\/wp-json\/wp\/v2\/posts\/12334","targetHints":{"allow":["GET"]}}],"collection":[{"href":"https:\/\/agora.xtec.cat\/escmarquesdelapobla\/wp-json\/wp\/v2\/posts"}],"about":[{"href":"https:\/\/agora.xtec.cat\/escmarquesdelapobla\/wp-json\/wp\/v2\/types\/post"}],"author":[{"embeddable":true,"href":"https:\/\/agora.xtec.cat\/escmarquesdelapobla\/wp-json\/wp\/v2\/users\/1"}],"replies":[{"embeddable":true,"href":"https:\/\/agora.xtec.cat\/escmarquesdelapobla\/wp-json\/wp\/v2\/comments?post=12334"}],"version-history":[{"count":2,"href":"https:\/\/agora.xtec.cat\/escmarquesdelapobla\/wp-json\/wp\/v2\/posts\/12334\/revisions"}],"predecessor-version":[{"id":12336,"href":"https:\/\/agora.xtec.cat\/escmarquesdelapobla\/wp-json\/wp\/v2\/posts\/12334\/revisions\/12336"}],"wp:attachment":[{"href":"https:\/\/agora.xtec.cat\/escmarquesdelapobla\/wp-json\/wp\/v2\/media?parent=12334"}],"wp:term":[{"taxonomy":"category","embeddable":true,"href":"https:\/\/agora.xtec.cat\/escmarquesdelapobla\/wp-json\/wp\/v2\/categories?post=12334"},{"taxonomy":"post_tag","embeddable":true,"href":"https:\/\/agora.xtec.cat\/escmarquesdelapobla\/wp-json\/wp\/v2\/tags?post=12334"}],"curies":[{"name":"wp","href":"https:\/\/api.w.org\/{rel}","templated":true}]}}