{"id":1227,"date":"2016-12-14T13:20:58","date_gmt":"2016-12-14T12:20:58","guid":{"rendered":"http:\/\/blocs.xtec.cat\/marquesdelapobla\/?p=1227"},"modified":"2020-11-08T14:25:56","modified_gmt":"2020-11-08T13:25:56","slug":"sala-de-la-calma-a-ei","status":"publish","type":"post","link":"https:\/\/agora.xtec.cat\/escmarquesdelapobla\/infantil\/sala-de-la-calma-a-ei\/","title":{"rendered":"Sala de la calma a EI."},"content":{"rendered":"<p>Recentment a l\u2019edifici d\u2019educaci\u00f3 infantil hem estrenat un noi espai. Es tracta de la sala de la calma o la sala del silenci.<\/p>\n<p>&nbsp;<\/p>\n<p><a href=\"https:\/\/goo.gl\/photos\/WfzzQYR7umPCQe3C7\"><img loading=\"lazy\" decoding=\"async\" class=\"aligncenter size-large wp-image-1228\" src=\"http:\/\/agora.xtec.cat\/escmarquesdelapobla\/wp-content\/uploads\/usu1682\/2016\/12\/DES-Sala-de-la-calma-4-1024x577.jpg\" alt=\"des-sala-de-la-calma-4\" width=\"440\" height=\"248\" srcset=\"https:\/\/agora.xtec.cat\/escmarquesdelapobla\/wp-content\/uploads\/usu1682\/2016\/12\/DES-Sala-de-la-calma-4-1024x577.jpg 1024w, https:\/\/agora.xtec.cat\/escmarquesdelapobla\/wp-content\/uploads\/usu1682\/2016\/12\/DES-Sala-de-la-calma-4-300x169.jpg 300w, https:\/\/agora.xtec.cat\/escmarquesdelapobla\/wp-content\/uploads\/usu1682\/2016\/12\/DES-Sala-de-la-calma-4-768x432.jpg 768w, https:\/\/agora.xtec.cat\/escmarquesdelapobla\/wp-content\/uploads\/usu1682\/2016\/12\/DES-Sala-de-la-calma-4.jpg 1062w\" sizes=\"auto, (max-width: 440px) 100vw, 440px\" \/><\/a><\/p>\n<p>Percebem aquesta sala com un espai de pau, de tranquil\u00b7litat, de descans, de retrobament amb un mateix. Es composa d\u2019una estora gran amb coixins per descansar, estirar-se, escoltar m\u00fasica, mirar<\/p>\n<p><!--more-->contes, pensar&#8230; Hi ha una tarima per a la creaci\u00f3 i construcci\u00f3 amb elements de fusta i un plaf\u00f3 i cartolines per a dibuixar. Nom\u00e9s entrar es percep una pau infinita perqu\u00e8 la llum \u00e9s acollidora i sona una m\u00fasica molt suau, hi ha cortines que ajuden a crear aquest embolcall.<\/p>\n<p>Els infants hi poden accedir lliurement, quan ells ho demanen i l\u2019\u00fanica condici\u00f3 que posem \u00e9s respectar la necessitat de tranquil\u00b7litat pr\u00f2pia i dels companys i anar descal\u00e7.<\/p>\n<p>A l\u2019escola hem cregut en aquest espai com un dret que tenen els infants a relaxar-se f\u00edsicament i mental, en contraposici\u00f3 al m\u00f3n que estan immersos.<\/p>\n<p>Segur que en algun moment ens ha semblat que l\u2019infant que tenim proper t\u00e9 molta activitat, que encadena una acci\u00f3 amb l\u2019altra, que no t\u00e9 espai per a ell i la seva tranquil\u00b7litat; s\u00f3n infants sobreestimulats, nerviosos, ocupats, que sovint se\u2019ls nota tensos en les accions o vocabulari, relacions amb els altres&#8230; necessiten parar per millorar el seu benestar i el seu rendiment.<\/p>\n<p>Els resultats que n\u2019estem obtenint s\u00f3n positius: Els infants assisteixen lliurement a la sala, es nodreixen del seu rec\u00e9s i tornen a l\u2019aula. \u00c9s evident que l\u2019activitat multiproposta que fem a l\u2019aula permet aquest moviment.<\/p>\n","protected":false},"excerpt":{"rendered":"<p>Recentment a l\u2019edifici d\u2019educaci\u00f3 infantil hem estrenat un noi espai. Es tracta de la sala de la calma o la sala del silenci. &nbsp; Percebem aquesta sala com un espai de pau, de tranquil\u00b7litat, de descans, de retrobament amb un mateix. Es composa d\u2019una estora gran amb coixins per descansar, estirar-se, escoltar m\u00fasica, mirar<\/p>\n","protected":false},"author":1,"featured_media":0,"comment_status":"open","ping_status":"closed","sticky":false,"template":"","format":"standard","meta":{"_bbp_topic_count":0,"_bbp_reply_count":0,"_bbp_total_topic_count":0,"_bbp_total_reply_count":0,"_bbp_voice_count":0,"_bbp_anonymous_reply_count":0,"_bbp_topic_count_hidden":0,"_bbp_reply_count_hidden":0,"_bbp_forum_subforum_count":0,"site-sidebar-layout":"default","site-content-layout":"","ast-site-content-layout":"","site-content-style":"default","site-sidebar-style":"default","ast-global-header-display":"","ast-banner-title-visibility":"","ast-main-header-display":"","ast-hfb-above-header-display":"","ast-hfb-below-header-display":"","ast-hfb-mobile-header-display":"","site-post-title":"","ast-breadcrumbs-content":"","ast-featured-img":"","footer-sml-layout":"","theme-transparent-header-meta":"","adv-header-id-meta":"","stick-header-meta":"","header-above-stick-meta":"","header-main-stick-meta":"","header-below-stick-meta":"","astra-migrate-meta-layouts":"default","ast-page-background-enabled":"default","ast-page-background-meta":{"desktop":{"background-color":"var(--ast-global-color-5)","background-image":"","background-repeat":"repeat","background-position":"center center","background-size":"auto","background-attachment":"scroll","background-type":"","background-media":"","overlay-type":"","overlay-color":"","overlay-opacity":"","overlay-gradient":""},"tablet":{"background-color":"","background-image":"","background-repeat":"repeat","background-position":"center center","background-size":"auto","background-attachment":"scroll","background-type":"","background-media":"","overlay-type":"","overlay-color":"","overlay-opacity":"","overlay-gradient":""},"mobile":{"background-color":"","background-image":"","background-repeat":"repeat","background-position":"center center","background-size":"auto","background-attachment":"scroll","background-type":"","background-media":"","overlay-type":"","overlay-color":"","overlay-opacity":"","overlay-gradient":""}},"ast-content-background-meta":{"desktop":{"background-color":"var(--ast-global-color-4)","background-image":"","background-repeat":"repeat","background-position":"center center","background-size":"auto","background-attachment":"scroll","background-type":"","background-media":"","overlay-type":"","overlay-color":"","overlay-opacity":"","overlay-gradient":""},"tablet":{"background-color":"var(--ast-global-color-4)","background-image":"","background-repeat":"repeat","background-position":"center center","background-size":"auto","background-attachment":"scroll","background-type":"","background-media":"","overlay-type":"","overlay-color":"","overlay-opacity":"","overlay-gradient":""},"mobile":{"background-color":"var(--ast-global-color-4)","background-image":"","background-repeat":"repeat","background-position":"center center","background-size":"auto","background-attachment":"scroll","background-type":"","background-media":"","overlay-type":"","overlay-color":"","overlay-opacity":"","overlay-gradient":""}},"footnotes":""},"categories":[224,2],"tags":[],"class_list":["post-1227","post","type-post","status-publish","format-standard","hentry","category-historic","category-infantil"],"post_mailing_queue_ids":[],"_links":{"self":[{"href":"https:\/\/agora.xtec.cat\/escmarquesdelapobla\/wp-json\/wp\/v2\/posts\/1227","targetHints":{"allow":["GET"]}}],"collection":[{"href":"https:\/\/agora.xtec.cat\/escmarquesdelapobla\/wp-json\/wp\/v2\/posts"}],"about":[{"href":"https:\/\/agora.xtec.cat\/escmarquesdelapobla\/wp-json\/wp\/v2\/types\/post"}],"author":[{"embeddable":true,"href":"https:\/\/agora.xtec.cat\/escmarquesdelapobla\/wp-json\/wp\/v2\/users\/1"}],"replies":[{"embeddable":true,"href":"https:\/\/agora.xtec.cat\/escmarquesdelapobla\/wp-json\/wp\/v2\/comments?post=1227"}],"version-history":[{"count":1,"href":"https:\/\/agora.xtec.cat\/escmarquesdelapobla\/wp-json\/wp\/v2\/posts\/1227\/revisions"}],"predecessor-version":[{"id":7809,"href":"https:\/\/agora.xtec.cat\/escmarquesdelapobla\/wp-json\/wp\/v2\/posts\/1227\/revisions\/7809"}],"wp:attachment":[{"href":"https:\/\/agora.xtec.cat\/escmarquesdelapobla\/wp-json\/wp\/v2\/media?parent=1227"}],"wp:term":[{"taxonomy":"category","embeddable":true,"href":"https:\/\/agora.xtec.cat\/escmarquesdelapobla\/wp-json\/wp\/v2\/categories?post=1227"},{"taxonomy":"post_tag","embeddable":true,"href":"https:\/\/agora.xtec.cat\/escmarquesdelapobla\/wp-json\/wp\/v2\/tags?post=1227"}],"curies":[{"name":"wp","href":"https:\/\/api.w.org\/{rel}","templated":true}]}}