{"id":12215,"date":"2022-10-14T17:30:48","date_gmt":"2022-10-14T15:30:48","guid":{"rendered":"https:\/\/agora.xtec.cat\/escmarquesdelapobla\/?p=12215"},"modified":"2022-10-19T15:16:19","modified_gmt":"2022-10-19T13:16:19","slug":"ultim-any-a-lescola","status":"publish","type":"post","link":"https:\/\/agora.xtec.cat\/escmarquesdelapobla\/superior\/ultim-any-a-lescola\/","title":{"rendered":"\u00daltim any a l&#8217;escola"},"content":{"rendered":"<p style=\"text-align: justify;\"><span class=\"hiddenGrammarError\" style=\"padding-bottom: 2px; background-image: url('..\/..\/..\/..\/..\/images\/squiggle.png'); background-repeat: repeat-x; background-position: left bottom; cursor: default; color: #000000; font-family: 'Open Sans', Helvetica, Arial, sans-serif; font-size: 16px; font-style: normal; font-variant-ligatures: normal; font-variant-caps: normal; font-weight: 300; letter-spacing: normal; orphans: 2; text-align: start; text-indent: 0px; text-transform: none; white-space: normal; widows: 2; word-spacing: 0px; -webkit-text-stroke-width: 0px; text-decoration-thickness: initial; text-decoration-style: initial; text-decoration-color: initial;\">Hola<\/span>\u00a0fam\u00edlies, com ja sabeu, aquest nou curs \u00e9s el nostre \u00faltim any a l&#8217;escola.<br \/>\nPer aix\u00f2 hem preguntat als companys i companyes de les tres classes que en pensen d&#8217;aquest darrer curs a l&#8217;escola.<\/p>\n<p>P6 A:<br \/>\nMolts diuen que \u00e9s una mica trist que ja sigui l&#8217;\u00faltim any a l&#8217;escola i a alguns ens agradaria quedar-nos m\u00e9s temps aqu\u00ed. Que estan contents, i tenen esperances que vagi b\u00e9. Tenim moltes ganes de col\u00f2nies. Ens est\u00e0 agradant a tots aquest \u00faltim curs a l&#8217;escola i volem gaudir-ho al m\u00e0xim, l&#8217;hem d&#8217;aprofitar i ha de ser especial.<br \/>\nTot i aix\u00f2, pensem que hi hauria d&#8217;haver menys conflictes, el futbol ens en porta molts.<\/p>\n<p>P6 B:<br \/>\nL&#8217;inici de curs ha sigut tranquil, estem alegres i contents de retrobar-nos amb els companys i companyes.<br \/>\nAquest inici de curs ha sigut diferent perqu\u00e8 no hi ha mesures covid-19, aix\u00ed \u00e9s millor.<br \/>\nA m\u00e9s a m\u00e9s, tamb\u00e9 ha sigut m\u00e9s intens que altres cursos.<br \/>\nLa jornada intensiva ens ha semblat molt bona idea perqu\u00e8 nom\u00e9s an\u00e0vem a l&#8217;escola al mat\u00ed i ten\u00edem tota la resta del dia lliure.<\/p>\n<p>P6 C:<br \/>\nL&#8217;inici\u00a0de curs ha sigut\u00a0bastant\u00a0bo, estem contents\u00a0d&#8217;estar\u00a0un altre cop amb els companys i companyes i sobretot amb la nova mestra que tenim.<br \/>\nAquest inici de curs est\u00e0 sent molt interessant a\u00a0m\u00e9s\u00a0a\u00a0m\u00e9s\u00a0ens\u00a0<span class=\"hiddenGrammarError\" style=\"padding-bottom: 2px; background-image: url('..\/..\/..\/..\/..\/images\/squiggle.png'); background-repeat: repeat-x; background-position: left bottom; cursor: default; color: #000000; font-family: 'Open Sans', Helvetica, Arial, sans-serif; font-size: 16px; font-style: normal; font-variant-ligatures: normal; font-variant-caps: normal; font-weight: 300; letter-spacing: normal; orphans: 2; text-align: start; text-indent: 0px; text-transform: none; white-space: normal; widows: 2; word-spacing: 0px; -webkit-text-stroke-width: 0px; text-decoration-thickness: initial; text-decoration-style: initial; text-decoration-color: initial;\">est\u00e0<\/span>\u00a0agradant molt i ens agradaria tornar a repetir, estem\u00a0molt contents perqu\u00e8 no ens han canviat de grup est\u00e0 sent\u00a0bastant\u00a0satisfactori.<br \/>\nLa jornada intensiva ens ha agradat molt\u00a0perqu\u00e8\u00a0nom\u00e9s\u00a0est\u00e0vem\u00a0al mat\u00ed,\u00a0i\u00a0ara estem\u00a0al mat\u00ed\u00a0i a la\u00a0tarda.<\/p>\n<p>Escrit per l&#8217;alumnat de P6 A,B i C.<\/p>\n<p style=\"text-align: justify;\"><a href=\"https:\/\/photos.app.goo.gl\/FXCCXfhKBfTXGvje7\"><img loading=\"lazy\" decoding=\"async\" class=\"aligncenter size-large\" src=\"https:\/\/lh3.googleusercontent.com\/pw\/AL9nZEUSKyXDQawvL5wWWkdGx6fmpIJJKufIE6UsVtS3jXwAgR4xaGgqAzT1g_DfHTIXQt5zuIorf7Fs9caSqSNy2rC4-DL18RtKliznbWhA2imBmW0mjWOSHJXJoCeFFalj4Zg24-tKP1mkUzMF5QmofNkx=w876-h657-no?authuser=0\" width=\"876\" height=\"657\" \/><\/a><\/p>\n<p style=\"text-align: justify;\">\n","protected":false},"excerpt":{"rendered":"<p>Hola\u00a0fam\u00edlies, com ja sabeu, aquest nou curs \u00e9s el nostre \u00faltim any a l&#8217;escola. Per aix\u00f2 hem preguntat als companys i companyes de les tres classes que en pensen d&#8217;aquest darrer curs a l&#8217;escola. P6 A: Molts diuen que \u00e9s una mica trist que ja sigui l&#8217;\u00faltim any a l&#8217;escola i a alguns ens agradaria [&hellip;]<\/p>\n","protected":false},"author":45,"featured_media":0,"comment_status":"open","ping_status":"closed","sticky":false,"template":"","format":"standard","meta":{"_bbp_topic_count":0,"_bbp_reply_count":0,"_bbp_total_topic_count":0,"_bbp_total_reply_count":0,"_bbp_voice_count":0,"_bbp_anonymous_reply_count":0,"_bbp_topic_count_hidden":0,"_bbp_reply_count_hidden":0,"_bbp_forum_subforum_count":0,"site-sidebar-layout":"default","site-content-layout":"","ast-site-content-layout":"","site-content-style":"default","site-sidebar-style":"default","ast-global-header-display":"","ast-banner-title-visibility":"","ast-main-header-display":"","ast-hfb-above-header-display":"","ast-hfb-below-header-display":"","ast-hfb-mobile-header-display":"","site-post-title":"","ast-breadcrumbs-content":"","ast-featured-img":"","footer-sml-layout":"","theme-transparent-header-meta":"","adv-header-id-meta":"","stick-header-meta":"","header-above-stick-meta":"","header-main-stick-meta":"","header-below-stick-meta":"","astra-migrate-meta-layouts":"default","ast-page-background-enabled":"default","ast-page-background-meta":{"desktop":{"background-color":"var(--ast-global-color-5)","background-image":"","background-repeat":"repeat","background-position":"center center","background-size":"auto","background-attachment":"scroll","background-type":"","background-media":"","overlay-type":"","overlay-color":"","overlay-opacity":"","overlay-gradient":""},"tablet":{"background-color":"","background-image":"","background-repeat":"repeat","background-position":"center center","background-size":"auto","background-attachment":"scroll","background-type":"","background-media":"","overlay-type":"","overlay-color":"","overlay-opacity":"","overlay-gradient":""},"mobile":{"background-color":"","background-image":"","background-repeat":"repeat","background-position":"center center","background-size":"auto","background-attachment":"scroll","background-type":"","background-media":"","overlay-type":"","overlay-color":"","overlay-opacity":"","overlay-gradient":""}},"ast-content-background-meta":{"desktop":{"background-color":"var(--ast-global-color-4)","background-image":"","background-repeat":"repeat","background-position":"center center","background-size":"auto","background-attachment":"scroll","background-type":"","background-media":"","overlay-type":"","overlay-color":"","overlay-opacity":"","overlay-gradient":""},"tablet":{"background-color":"var(--ast-global-color-4)","background-image":"","background-repeat":"repeat","background-position":"center center","background-size":"auto","background-attachment":"scroll","background-type":"","background-media":"","overlay-type":"","overlay-color":"","overlay-opacity":"","overlay-gradient":""},"mobile":{"background-color":"var(--ast-global-color-4)","background-image":"","background-repeat":"repeat","background-position":"center center","background-size":"auto","background-attachment":"scroll","background-type":"","background-media":"","overlay-type":"","overlay-color":"","overlay-opacity":"","overlay-gradient":""}},"footnotes":""},"categories":[5,133],"tags":[211,212,262],"class_list":["post-12215","post","type-post","status-publish","format-standard","hentry","category-superior","category-p6","tag-p6a","tag-p6b","tag-p6c"],"post_mailing_queue_ids":[],"_links":{"self":[{"href":"https:\/\/agora.xtec.cat\/escmarquesdelapobla\/wp-json\/wp\/v2\/posts\/12215","targetHints":{"allow":["GET"]}}],"collection":[{"href":"https:\/\/agora.xtec.cat\/escmarquesdelapobla\/wp-json\/wp\/v2\/posts"}],"about":[{"href":"https:\/\/agora.xtec.cat\/escmarquesdelapobla\/wp-json\/wp\/v2\/types\/post"}],"author":[{"embeddable":true,"href":"https:\/\/agora.xtec.cat\/escmarquesdelapobla\/wp-json\/wp\/v2\/users\/45"}],"replies":[{"embeddable":true,"href":"https:\/\/agora.xtec.cat\/escmarquesdelapobla\/wp-json\/wp\/v2\/comments?post=12215"}],"version-history":[{"count":3,"href":"https:\/\/agora.xtec.cat\/escmarquesdelapobla\/wp-json\/wp\/v2\/posts\/12215\/revisions"}],"predecessor-version":[{"id":12232,"href":"https:\/\/agora.xtec.cat\/escmarquesdelapobla\/wp-json\/wp\/v2\/posts\/12215\/revisions\/12232"}],"wp:attachment":[{"href":"https:\/\/agora.xtec.cat\/escmarquesdelapobla\/wp-json\/wp\/v2\/media?parent=12215"}],"wp:term":[{"taxonomy":"category","embeddable":true,"href":"https:\/\/agora.xtec.cat\/escmarquesdelapobla\/wp-json\/wp\/v2\/categories?post=12215"},{"taxonomy":"post_tag","embeddable":true,"href":"https:\/\/agora.xtec.cat\/escmarquesdelapobla\/wp-json\/wp\/v2\/tags?post=12215"}],"curies":[{"name":"wp","href":"https:\/\/api.w.org\/{rel}","templated":true}]}}