{"id":12153,"date":"2022-10-07T17:00:41","date_gmt":"2022-10-07T15:00:41","guid":{"rendered":"https:\/\/agora.xtec.cat\/escmarquesdelapobla\/?p=12153"},"modified":"2022-10-07T16:19:03","modified_gmt":"2022-10-07T14:19:03","slug":"no-al-bullying","status":"publish","type":"post","link":"https:\/\/agora.xtec.cat\/escmarquesdelapobla\/superior\/no-al-bullying\/","title":{"rendered":"NO AL BULLYING"},"content":{"rendered":"<p style=\"text-align: justify;\">L&#8217;alumnat de Cicle Superior, al llarg d&#8217;aquesta setmana, ha comen\u00e7at a treballar el tema del <span class=\"hiddenGreenError\" style=\"padding-bottom: 2px; background-image: url('..\/..\/..\/..\/..\/images\/squiggle_green.png'); background-repeat: repeat-x; background-position: left bottom; cursor: default; color: #000000; font-family: 'Open Sans', Helvetica, Arial, sans-serif; font-size: 16px; font-style: normal; font-variant-ligatures: normal; font-variant-caps: normal; font-weight: 300; letter-spacing: normal; orphans: 2; text-align: start; text-indent: 0px; text-transform: none; white-space: normal; widows: 2; word-spacing: 0px; -webkit-text-stroke-width: 0px; text-decoration-thickness: initial; text-decoration-style: initial; text-decoration-color: initial;\">bullying<\/span> visualitzant un curtmetratge que s&#8217;ha fet viral. De manera un\u00e0nime i general tots i totes s&#8217;han mostrat en contra d&#8217;aquesta pr\u00e0ctica. Des de l&#8217;escola creiem que \u00e9s molt important que els nostres infants siguin conscients de la realitat que viuen molts infants i de la que ells mateixos poden ser v\u00edctimes. Que aprenguin a dir NO davant de situacions desagradables, que aprenguin a no callar quan veuen que li fan a una altra persona, que entenguin la magnitud del que sent qui ho pateix&#8230; Per aix\u00f2, despr\u00e9s de parlar-ho molt, cada grup ha creat el seu propi esl\u00f2gan:<\/p>\n<p style=\"text-align: justify;\">P5 A: &#8220;No facis als altres el que no t&#8217;agradaria que et fessin a tu&#8221;.<\/p>\n<p style=\"text-align: justify;\">P5 B: &#8221; Tots i totes som \u00fanics i especials. La viol\u00e8ncia no \u00e9s la resposta, perqu\u00e8 ning\u00fa \u00e9s millor que ning\u00fa! No al\u00a0<span class=\"hiddenGreenError\" style=\"padding-bottom: 2px; background-image: url('..\/..\/..\/..\/..\/images\/squiggle_green.png'); background-repeat: repeat-x; background-position: left bottom; cursor: default; color: #000000; font-family: 'Open Sans', Helvetica, Arial, sans-serif; font-size: 16px; font-style: normal; font-variant-ligatures: normal; font-variant-caps: normal; font-weight: 300; letter-spacing: normal; orphans: 2; text-align: start; text-indent: 0px; text-transform: none; white-space: normal; widows: 2; word-spacing: 0px; -webkit-text-stroke-width: 0px; text-decoration-thickness: initial; text-decoration-style: initial; text-decoration-color: initial;\">bullying<\/span>! I recorda&#8230;jo puc, jo en s\u00e9, jo vull&#8221;.<\/p>\n<p style=\"text-align: justify;\">P6 A: &#8220;No deixis que els altres et facin sentir inferior&#8221;.<\/p>\n<p style=\"text-align: justify;\">P6 B: &#8220;La viol\u00e8ncia no \u00e9s cap resposta&#8221;.<\/p>\n<p style=\"text-align: justify;\"><span class=\"hiddenSpellError\" style=\"padding-bottom: 2px; background-image: url('..\/..\/..\/..\/..\/images\/squiggle_red.png'); background-repeat: repeat-x; background-position: left bottom; cursor: default; color: #000000; font-family: 'Open Sans', Helvetica, Arial, sans-serif; font-size: 16px; font-style: normal; font-variant-ligatures: normal; font-variant-caps: normal; font-weight: 300; letter-spacing: normal; orphans: 2; text-align: start; text-indent: 0px; text-transform: none; white-space: normal; widows: 2; word-spacing: 0px; -webkit-text-stroke-width: 0px; text-decoration-thickness: initial; text-decoration-style: initial; text-decoration-color: initial;\">P6 C<\/span>: &#8220;No apaguis la llum dels altres per fer brillar la teva&#8221;.<\/p>\n<p style=\"text-align: justify;\">Entre tots ho aconseguirem:\u00a0<span class=\"hiddenGrammarError\">NO M\u00c9S<\/span>\u00a0<span class=\"hiddenGreenError\" style=\"padding-bottom: 2px; background-image: url('..\/..\/..\/..\/..\/images\/squiggle_green.png'); background-repeat: repeat-x; background-position: left bottom; cursor: default; color: #000000; font-family: 'Open Sans', Helvetica, Arial, sans-serif; font-size: 16px; font-style: normal; font-variant-ligatures: normal; font-variant-caps: normal; font-weight: 300; letter-spacing: normal; orphans: 2; text-align: start; text-indent: 0px; text-transform: none; white-space: normal; widows: 2; word-spacing: 0px; -webkit-text-stroke-width: 0px; text-decoration-thickness: initial; text-decoration-style: initial; text-decoration-color: initial;\">BULLYING<\/span>!<\/p>\n<p><a href=\"https:\/\/photos.app.goo.gl\/HXXoaPcs5kn5mjiK8\"><img loading=\"lazy\" decoding=\"async\" class=\"aligncenter size-large\" src=\"https:\/\/lh3.googleusercontent.com\/rY6EgywR_eKB6anwXM5AVzRo55bLlbt93LoW2CS-YnKhRWxZH2uiwKh6a7OEk9YQAPjK0qIErePfTWZog_WM0Lr9jdm4knrBZsJBnudQRti3VG2Mtf5U36p0THePJt6CxpJQSECwFnyhr_VeAyNHB4jqr6cy7rG21Au1QD7kvtbQYAo2Li3voRHaoXKDeq--oRdit8iQouDdt2blqg6msa5Tv_zICWvJIliQ83Dt5tqqQjRjtJPJAABelm-Nk7aMu0H-2dHJ1AmvAD9mecE2G4qxCKiXDNyebgSPiqlbJP-3iXB9b-cbATLAZcaA2KHajvxT7XjbsG6CG9LI4biDIImqdaR94A3BrO512K9MqbjAFXk93GmUv8XUiXWM1WCb2Iyi3CZEj-RNY7dFsnV2_9tMLd13f7BRr3srdPMgMkEnYT4DwlT8dOmFFOFmC_kF9srhoIJG-8CWZ4rT044SYjUQ3pOkZiaWfKsdCEp33tqI6Zs5u78HK7x3MqZtscv1c-DGZ30JEfpVK33gEo2s60Ls_0yimF2t-76bk6FWAosUqxkNbdMByVaTuSkry2wM3js70e0RfDw5IfP46TZ5IEp5JZrI3xOz4YjKejvhwgLiQkR4V3T01JMg9l4-uCO2nyUMhpeOwVJ01PNgSWmAw4qsRbjHGbQE10SeurA1AJnLCCk-kbjskZ33FoRd-csXa45n_nyUM7KHvzMlpsBXa_PBzfK_pFu87Nahb8tp6jILbHP7Hz_RSPrt1TWsSWQQ4DRu56-uW9sjE0Obcu8fV1RWBv61DGqx6F777x39Vx-EKkN_RUh-saYzcBueZeG0-OE9xlHqwhMmg2cCAUx2ZcOK5sl8CocjqzgGwgGyfS1msOWzsoKdFX0Df5hi1PyIVq8lHvsSqImyt5A4xFy0WkDyJkvSPoVcKjA5ckc7=s657-no?authuser=0\" width=\"657\" height=\"657\" \/><\/a><\/p>\n","protected":false},"excerpt":{"rendered":"<p>L&#8217;alumnat de Cicle Superior, al llarg d&#8217;aquesta setmana, ha comen\u00e7at a treballar el tema del bullying visualitzant un curtmetratge que s&#8217;ha fet viral. De manera un\u00e0nime i general tots i totes s&#8217;han mostrat en contra d&#8217;aquesta pr\u00e0ctica. Des de l&#8217;escola creiem que \u00e9s molt important que els nostres infants siguin conscients de la realitat que [&hellip;]<\/p>\n","protected":false},"author":45,"featured_media":0,"comment_status":"open","ping_status":"closed","sticky":false,"template":"","format":"standard","meta":{"_bbp_topic_count":0,"_bbp_reply_count":0,"_bbp_total_topic_count":0,"_bbp_total_reply_count":0,"_bbp_voice_count":0,"_bbp_anonymous_reply_count":0,"_bbp_topic_count_hidden":0,"_bbp_reply_count_hidden":0,"_bbp_forum_subforum_count":0,"site-sidebar-layout":"default","site-content-layout":"","ast-site-content-layout":"","site-content-style":"default","site-sidebar-style":"default","ast-global-header-display":"","ast-banner-title-visibility":"","ast-main-header-display":"","ast-hfb-above-header-display":"","ast-hfb-below-header-display":"","ast-hfb-mobile-header-display":"","site-post-title":"","ast-breadcrumbs-content":"","ast-featured-img":"","footer-sml-layout":"","theme-transparent-header-meta":"","adv-header-id-meta":"","stick-header-meta":"","header-above-stick-meta":"","header-main-stick-meta":"","header-below-stick-meta":"","astra-migrate-meta-layouts":"default","ast-page-background-enabled":"default","ast-page-background-meta":{"desktop":{"background-color":"var(--ast-global-color-5)","background-image":"","background-repeat":"repeat","background-position":"center center","background-size":"auto","background-attachment":"scroll","background-type":"","background-media":"","overlay-type":"","overlay-color":"","overlay-opacity":"","overlay-gradient":""},"tablet":{"background-color":"","background-image":"","background-repeat":"repeat","background-position":"center center","background-size":"auto","background-attachment":"scroll","background-type":"","background-media":"","overlay-type":"","overlay-color":"","overlay-opacity":"","overlay-gradient":""},"mobile":{"background-color":"","background-image":"","background-repeat":"repeat","background-position":"center center","background-size":"auto","background-attachment":"scroll","background-type":"","background-media":"","overlay-type":"","overlay-color":"","overlay-opacity":"","overlay-gradient":""}},"ast-content-background-meta":{"desktop":{"background-color":"var(--ast-global-color-4)","background-image":"","background-repeat":"repeat","background-position":"center center","background-size":"auto","background-attachment":"scroll","background-type":"","background-media":"","overlay-type":"","overlay-color":"","overlay-opacity":"","overlay-gradient":""},"tablet":{"background-color":"var(--ast-global-color-4)","background-image":"","background-repeat":"repeat","background-position":"center center","background-size":"auto","background-attachment":"scroll","background-type":"","background-media":"","overlay-type":"","overlay-color":"","overlay-opacity":"","overlay-gradient":""},"mobile":{"background-color":"var(--ast-global-color-4)","background-image":"","background-repeat":"repeat","background-position":"center center","background-size":"auto","background-attachment":"scroll","background-type":"","background-media":"","overlay-type":"","overlay-color":"","overlay-opacity":"","overlay-gradient":""}},"footnotes":""},"categories":[5,14,133],"tags":[219],"class_list":["post-12153","post","type-post","status-publish","format-standard","hentry","category-superior","category-p5","category-p6","tag-activitats"],"post_mailing_queue_ids":[],"_links":{"self":[{"href":"https:\/\/agora.xtec.cat\/escmarquesdelapobla\/wp-json\/wp\/v2\/posts\/12153","targetHints":{"allow":["GET"]}}],"collection":[{"href":"https:\/\/agora.xtec.cat\/escmarquesdelapobla\/wp-json\/wp\/v2\/posts"}],"about":[{"href":"https:\/\/agora.xtec.cat\/escmarquesdelapobla\/wp-json\/wp\/v2\/types\/post"}],"author":[{"embeddable":true,"href":"https:\/\/agora.xtec.cat\/escmarquesdelapobla\/wp-json\/wp\/v2\/users\/45"}],"replies":[{"embeddable":true,"href":"https:\/\/agora.xtec.cat\/escmarquesdelapobla\/wp-json\/wp\/v2\/comments?post=12153"}],"version-history":[{"count":3,"href":"https:\/\/agora.xtec.cat\/escmarquesdelapobla\/wp-json\/wp\/v2\/posts\/12153\/revisions"}],"predecessor-version":[{"id":12167,"href":"https:\/\/agora.xtec.cat\/escmarquesdelapobla\/wp-json\/wp\/v2\/posts\/12153\/revisions\/12167"}],"wp:attachment":[{"href":"https:\/\/agora.xtec.cat\/escmarquesdelapobla\/wp-json\/wp\/v2\/media?parent=12153"}],"wp:term":[{"taxonomy":"category","embeddable":true,"href":"https:\/\/agora.xtec.cat\/escmarquesdelapobla\/wp-json\/wp\/v2\/categories?post=12153"},{"taxonomy":"post_tag","embeddable":true,"href":"https:\/\/agora.xtec.cat\/escmarquesdelapobla\/wp-json\/wp\/v2\/tags?post=12153"}],"curies":[{"name":"wp","href":"https:\/\/api.w.org\/{rel}","templated":true}]}}