{"id":12078,"date":"2022-09-09T18:35:33","date_gmt":"2022-09-09T16:35:33","guid":{"rendered":"https:\/\/agora.xtec.cat\/escmarquesdelapobla\/?p=12078"},"modified":"2022-09-09T18:35:33","modified_gmt":"2022-09-09T16:35:33","slug":"tornem-a-lescola","status":"publish","type":"post","link":"https:\/\/agora.xtec.cat\/escmarquesdelapobla\/general\/tornem-a-lescola\/","title":{"rendered":"Tornem a l&#8217;escola!"},"content":{"rendered":"<p style=\"text-align: justify;\">Ja hem tornat a l&#8217;escola i despr\u00e9s dels dies de vacances ens hem retrobat.<\/p>\n<p style=\"text-align: justify;\"><span style=\"font-weight: 400;\">Ha passat la primera setmana, envoltada d\u2019emocions, neguits, retrobaments, noves amistats\u2026 <\/span>Hem estat fent din\u00e0miques de coneixen\u00e7a, activitats per parlar de l&#8217;estiu i compartir tots aquells moments especials que hem viscut, hem descobert les noves classes on estarem i tamb\u00e9 mestres que no hav\u00edem tingut encara i una pila de coses m\u00e9s que ens han fet iniciar aquest curs amb molta il\u00b7lusi\u00f3.<\/p>\n<p style=\"text-align: justify;\">Ha sigut una setmana genial i \u00fanica! Tenim moltes ganes de continuar endavant amb el curs i viure totes les noves aventures i aprenentatges que ens esperen. <span style=\"font-weight: 400;\">Ens agradar\u00e0 molt compartir-ho amb tots vosaltres!<\/span>\ud83d\ude03<\/p>\n<p><a href=\"https:\/\/photos.app.goo.gl\/4Jfo7L42p3dFfGW27\"><img loading=\"lazy\" decoding=\"async\" class=\"aligncenter size-large\" src=\"https:\/\/lh3.googleusercontent.com\/pw\/AL9nZEUqJ92k6b0oFCHsXyKOiK-BgbwEMxM-SP7aYhgrKm8nLv52QY56ShXhOybDV8zIMW9CEntqXfAfERTyF2VHRZUjL54NoLmVmhuxTzmBhGxEw4C2tOPIlJMszfq-JmVI0tG87nZug-HwVMuMJKGn1yUG=w979-h820-no?authuser=2\" width=\"978\" height=\"820\" \/><\/a><\/p>\n","protected":false},"excerpt":{"rendered":"<p>Ja hem tornat a l&#8217;escola i despr\u00e9s dels dies de vacances ens hem retrobat. Ha passat la primera setmana, envoltada d\u2019emocions, neguits, retrobaments, noves amistats\u2026 Hem estat fent din\u00e0miques de coneixen\u00e7a, activitats per parlar de l&#8217;estiu i compartir tots aquells moments especials que hem viscut, hem descobert les noves classes on estarem i tamb\u00e9 mestres [&hellip;]<\/p>\n","protected":false},"author":45,"featured_media":0,"comment_status":"open","ping_status":"closed","sticky":false,"template":"","format":"standard","meta":{"_bbp_topic_count":0,"_bbp_reply_count":0,"_bbp_total_topic_count":0,"_bbp_total_reply_count":0,"_bbp_voice_count":0,"_bbp_anonymous_reply_count":0,"_bbp_topic_count_hidden":0,"_bbp_reply_count_hidden":0,"_bbp_forum_subforum_count":0,"site-sidebar-layout":"default","site-content-layout":"","ast-site-content-layout":"","site-content-style":"default","site-sidebar-style":"default","ast-global-header-display":"","ast-banner-title-visibility":"","ast-main-header-display":"","ast-hfb-above-header-display":"","ast-hfb-below-header-display":"","ast-hfb-mobile-header-display":"","site-post-title":"","ast-breadcrumbs-content":"","ast-featured-img":"","footer-sml-layout":"","theme-transparent-header-meta":"","adv-header-id-meta":"","stick-header-meta":"","header-above-stick-meta":"","header-main-stick-meta":"","header-below-stick-meta":"","astra-migrate-meta-layouts":"default","ast-page-background-enabled":"default","ast-page-background-meta":{"desktop":{"background-color":"var(--ast-global-color-5)","background-image":"","background-repeat":"repeat","background-position":"center center","background-size":"auto","background-attachment":"scroll","background-type":"","background-media":"","overlay-type":"","overlay-color":"","overlay-opacity":"","overlay-gradient":""},"tablet":{"background-color":"","background-image":"","background-repeat":"repeat","background-position":"center center","background-size":"auto","background-attachment":"scroll","background-type":"","background-media":"","overlay-type":"","overlay-color":"","overlay-opacity":"","overlay-gradient":""},"mobile":{"background-color":"","background-image":"","background-repeat":"repeat","background-position":"center center","background-size":"auto","background-attachment":"scroll","background-type":"","background-media":"","overlay-type":"","overlay-color":"","overlay-opacity":"","overlay-gradient":""}},"ast-content-background-meta":{"desktop":{"background-color":"var(--ast-global-color-4)","background-image":"","background-repeat":"repeat","background-position":"center center","background-size":"auto","background-attachment":"scroll","background-type":"","background-media":"","overlay-type":"","overlay-color":"","overlay-opacity":"","overlay-gradient":""},"tablet":{"background-color":"var(--ast-global-color-4)","background-image":"","background-repeat":"repeat","background-position":"center center","background-size":"auto","background-attachment":"scroll","background-type":"","background-media":"","overlay-type":"","overlay-color":"","overlay-opacity":"","overlay-gradient":""},"mobile":{"background-color":"var(--ast-global-color-4)","background-image":"","background-repeat":"repeat","background-position":"center center","background-size":"auto","background-attachment":"scroll","background-type":"","background-media":"","overlay-type":"","overlay-color":"","overlay-opacity":"","overlay-gradient":""}},"footnotes":""},"categories":[1,171],"tags":[],"class_list":["post-12078","post","type-post","status-publish","format-standard","hentry","category-general","category-tauler-principal"],"post_mailing_queue_ids":[],"_links":{"self":[{"href":"https:\/\/agora.xtec.cat\/escmarquesdelapobla\/wp-json\/wp\/v2\/posts\/12078","targetHints":{"allow":["GET"]}}],"collection":[{"href":"https:\/\/agora.xtec.cat\/escmarquesdelapobla\/wp-json\/wp\/v2\/posts"}],"about":[{"href":"https:\/\/agora.xtec.cat\/escmarquesdelapobla\/wp-json\/wp\/v2\/types\/post"}],"author":[{"embeddable":true,"href":"https:\/\/agora.xtec.cat\/escmarquesdelapobla\/wp-json\/wp\/v2\/users\/45"}],"replies":[{"embeddable":true,"href":"https:\/\/agora.xtec.cat\/escmarquesdelapobla\/wp-json\/wp\/v2\/comments?post=12078"}],"version-history":[{"count":3,"href":"https:\/\/agora.xtec.cat\/escmarquesdelapobla\/wp-json\/wp\/v2\/posts\/12078\/revisions"}],"predecessor-version":[{"id":12081,"href":"https:\/\/agora.xtec.cat\/escmarquesdelapobla\/wp-json\/wp\/v2\/posts\/12078\/revisions\/12081"}],"wp:attachment":[{"href":"https:\/\/agora.xtec.cat\/escmarquesdelapobla\/wp-json\/wp\/v2\/media?parent=12078"}],"wp:term":[{"taxonomy":"category","embeddable":true,"href":"https:\/\/agora.xtec.cat\/escmarquesdelapobla\/wp-json\/wp\/v2\/categories?post=12078"},{"taxonomy":"post_tag","embeddable":true,"href":"https:\/\/agora.xtec.cat\/escmarquesdelapobla\/wp-json\/wp\/v2\/tags?post=12078"}],"curies":[{"name":"wp","href":"https:\/\/api.w.org\/{rel}","templated":true}]}}