{"id":12023,"date":"2022-06-20T09:00:22","date_gmt":"2022-06-20T07:00:22","guid":{"rendered":"https:\/\/agora.xtec.cat\/escmarquesdelapobla\/?p=12023"},"modified":"2022-06-19T12:57:22","modified_gmt":"2022-06-19T10:57:22","slug":"un-viatge-salvatge-1r","status":"publish","type":"post","link":"https:\/\/agora.xtec.cat\/escmarquesdelapobla\/inicial\/un-viatge-salvatge-1r\/","title":{"rendered":"Un viatge salvatge de 1r"},"content":{"rendered":"<p style=\"text-align: justify;\"><span style=\"font-weight: 400;\">Els alumnes de primer, al llarg del segon trimestre van estar investigant sobre com eren els espectacles quan els avis tenien la seva edat. Abans de comen\u00e7ar el tercer trimestre els vam preguntar quin projecte volien fer en tornar de les festes de Nadal i van dir: &#8211;<\/span><i><span style=\"font-weight: 400;\">Crear un espectacle i que les fam\u00edlies ens puguin venir a veure<\/span><\/i><span style=\"font-weight: 400;\">. Dit i fet, es va posar fil a l\u2019agulla i va comen\u00e7ar a rodar la maquin\u00e0ria per crear un espectacle\u2026no va ser pas f\u00e0cil. Van veure que es necessitaven moltes coses: fer decorats, fer de figurinistes i fer-se el vestuari, pensar i decidir els personatges, la hist\u00f2ria, els di\u00e0legs\u2026 i moltes altres coses que no s\u2019ho pensaven i van anar descobrint de mica en mica. Com a resultat d\u2019aquest proc\u00e9s, el divendres 17 de juny, amb moooooltes pessigolles a la panxa, i les emocions a flor de pell, va ser l\u2019estrena d\u2019aquest \u201cGRAN ESPECTACLE\u201d anomenat &#8220;Un viatge salvatge&#8221; que tenia com a fil conductor els animals i es va dividir en tres escenes: Llum negra (animals aqu\u00e0tics), musical (animals terrestres) i\u00a0 de por (animals voladors).\u00a0<\/span><\/p>\n<p style=\"text-align: justify;\"><span style=\"font-weight: 400;\">Va ser molt emocionant veure com els alumnes gaudien interpretant els personatges i les cares de felicitat que tenien en fer-ho. Han apr\u00e8s molt\u00edssimes coses i sobretot el valor de compartir i de l\u2019amistat i que junts poden fer coses molt grans.<\/span><\/p>\n<p style=\"text-align: justify;\"><span style=\"font-weight: 400;\"><a href=\"https:\/\/photos.app.goo.gl\/fVFFk22uP7JygUsu6\"><img loading=\"lazy\" decoding=\"async\" class=\"aligncenter size-large\" src=\"https:\/\/lh3.googleusercontent.com\/-cpw4qlq9x8nWyNog-FkV1FGtqb3vjoH7LrwIdHG3Ny6-xkQ3gmpES30_GkdDljbo8sC6XJQHvxcqM9LkNavZpLarJfyeY1IhoMPfXojmDHKK57Yi5LRPtQVZ1az1vwxsA5zQlzALjsX3tkC94OqOT4g6iTbtE1oSP5XE3ZVPAUUBC-jGuViUZgE98Qt40rNxdvHGiWc2Bs6b2b6mDTuARyfeUSAOx-fVIDbqvaVb1D4TTLUMdgK1Wo3FfzHcCBH_O3h---eT9BI1XNrNR7SdobHvUeJbTgjrMiNKVMpQzhIYpdhN9qXrEl9arBv0EzvQbghFWzoblEuQyunJMRl1-18tl2Ep2RqiLXwgt7EFoU3yE5e6N7BYkuJS_K0N4Q9p4U6bx-eb6x14SBGycdYNdkyq0fJ9YP5swAl876Pxds2eCHjwza4k71yDJiL2RGSc9pU6fz1_EVmgqAfcO_N5wVgBiIPhLHWC9bwfKbf6awo4hWm6-NqPh52bprk-w4StU1PvCBXjQ5iFALlJWtdxveQKEN4H36P1Xm0L6XmG3Q8j6sHW1IUWfSXmCibUhVtUdJ0tuPZ4OKRJ03jNANduMCKav4RFdRUmg8LJpBzkdI59EydwqnovvfIfZvYlqw5tXvbZAu226tBwiUmW2hl1HNeLjb3PXTFpNcE67NSPfowdO6Trx64vjV5TsproQKarQaBJ1GO7lkJC5ySG43553tdWqtCUwahBmEleYWtOqGt4g-2qAhDjJ-0gX-3IsDCLTT8f0J0BWwbHWOixN6qKaX42_WvonBItmh8JDAGv75_UmpCcoq-SH-ztnNssM_ikatl0leEgo9s-PadsVSsZbeEgnGCnk67_9qlWOU=w1692-h951-no?authuser=3\" width=\"1692\" height=\"951\" \/><\/a><\/span><\/p>\n<p><!--more--><\/p>\n<p style=\"text-align: justify;\"><span style=\"font-weight: 400;\">Hem d\u2019agrair a totes les persones que ens van ajudar a fer-ho possible i poder-ho representar al teatre de la Lliga de Capellades. El Pep com a narrador, el Bernat com a t\u00e8cnic de so i il\u00b7luminaci\u00f3, a l\u2019Ajuntament per deixar-nos el teatre, a la Carme per ajudar-nos amb la t\u00e8cnica de la llum negra, al Xavi i als companys de sis\u00e8 per ajudar-nos amb els decorats i en la gravaci\u00f3 de l\u2019espectacle, a les companyes de cicle,\u00a0 i tamb\u00e9 a les fam\u00edlies per ajudar-los en la memoritzaci\u00f3 dels papers.\u00a0<\/span><\/p>\n<p style=\"text-align: justify;\"><span style=\"font-weight: 400;\">GR\u00c0CIES DIMONIS, GR\u00c0CIES M\u00daSICS.<\/span><b> Sou molt grans.<\/b><\/p>\n<p style=\"text-align: justify;\">\n","protected":false},"excerpt":{"rendered":"<p>Els alumnes de primer, al llarg del segon trimestre van estar investigant sobre com eren els espectacles quan els avis tenien la seva edat. Abans de comen\u00e7ar el tercer trimestre els vam preguntar quin projecte volien fer en tornar de les festes de Nadal i van dir: &#8211;Crear un espectacle i que les fam\u00edlies ens [&hellip;]<\/p>\n","protected":false},"author":45,"featured_media":0,"comment_status":"open","ping_status":"closed","sticky":false,"template":"","format":"standard","meta":{"_bbp_topic_count":0,"_bbp_reply_count":0,"_bbp_total_topic_count":0,"_bbp_total_reply_count":0,"_bbp_voice_count":0,"_bbp_anonymous_reply_count":0,"_bbp_topic_count_hidden":0,"_bbp_reply_count_hidden":0,"_bbp_forum_subforum_count":0,"site-sidebar-layout":"default","site-content-layout":"","ast-site-content-layout":"","site-content-style":"default","site-sidebar-style":"default","ast-global-header-display":"","ast-banner-title-visibility":"","ast-main-header-display":"","ast-hfb-above-header-display":"","ast-hfb-below-header-display":"","ast-hfb-mobile-header-display":"","site-post-title":"","ast-breadcrumbs-content":"","ast-featured-img":"","footer-sml-layout":"","theme-transparent-header-meta":"","adv-header-id-meta":"","stick-header-meta":"","header-above-stick-meta":"","header-main-stick-meta":"","header-below-stick-meta":"","astra-migrate-meta-layouts":"default","ast-page-background-enabled":"default","ast-page-background-meta":{"desktop":{"background-color":"var(--ast-global-color-5)","background-image":"","background-repeat":"repeat","background-position":"center center","background-size":"auto","background-attachment":"scroll","background-type":"","background-media":"","overlay-type":"","overlay-color":"","overlay-opacity":"","overlay-gradient":""},"tablet":{"background-color":"","background-image":"","background-repeat":"repeat","background-position":"center center","background-size":"auto","background-attachment":"scroll","background-type":"","background-media":"","overlay-type":"","overlay-color":"","overlay-opacity":"","overlay-gradient":""},"mobile":{"background-color":"","background-image":"","background-repeat":"repeat","background-position":"center center","background-size":"auto","background-attachment":"scroll","background-type":"","background-media":"","overlay-type":"","overlay-color":"","overlay-opacity":"","overlay-gradient":""}},"ast-content-background-meta":{"desktop":{"background-color":"var(--ast-global-color-4)","background-image":"","background-repeat":"repeat","background-position":"center center","background-size":"auto","background-attachment":"scroll","background-type":"","background-media":"","overlay-type":"","overlay-color":"","overlay-opacity":"","overlay-gradient":""},"tablet":{"background-color":"var(--ast-global-color-4)","background-image":"","background-repeat":"repeat","background-position":"center center","background-size":"auto","background-attachment":"scroll","background-type":"","background-media":"","overlay-type":"","overlay-color":"","overlay-opacity":"","overlay-gradient":""},"mobile":{"background-color":"var(--ast-global-color-4)","background-image":"","background-repeat":"repeat","background-position":"center center","background-size":"auto","background-attachment":"scroll","background-type":"","background-media":"","overlay-type":"","overlay-color":"","overlay-opacity":"","overlay-gradient":""}},"footnotes":""},"categories":[64,141],"tags":[181,182],"class_list":["post-12023","post","type-post","status-publish","format-standard","hentry","category-inicial","category-p1","tag-p1a","tag-p1b"],"post_mailing_queue_ids":[],"_links":{"self":[{"href":"https:\/\/agora.xtec.cat\/escmarquesdelapobla\/wp-json\/wp\/v2\/posts\/12023","targetHints":{"allow":["GET"]}}],"collection":[{"href":"https:\/\/agora.xtec.cat\/escmarquesdelapobla\/wp-json\/wp\/v2\/posts"}],"about":[{"href":"https:\/\/agora.xtec.cat\/escmarquesdelapobla\/wp-json\/wp\/v2\/types\/post"}],"author":[{"embeddable":true,"href":"https:\/\/agora.xtec.cat\/escmarquesdelapobla\/wp-json\/wp\/v2\/users\/45"}],"replies":[{"embeddable":true,"href":"https:\/\/agora.xtec.cat\/escmarquesdelapobla\/wp-json\/wp\/v2\/comments?post=12023"}],"version-history":[{"count":3,"href":"https:\/\/agora.xtec.cat\/escmarquesdelapobla\/wp-json\/wp\/v2\/posts\/12023\/revisions"}],"predecessor-version":[{"id":12027,"href":"https:\/\/agora.xtec.cat\/escmarquesdelapobla\/wp-json\/wp\/v2\/posts\/12023\/revisions\/12027"}],"wp:attachment":[{"href":"https:\/\/agora.xtec.cat\/escmarquesdelapobla\/wp-json\/wp\/v2\/media?parent=12023"}],"wp:term":[{"taxonomy":"category","embeddable":true,"href":"https:\/\/agora.xtec.cat\/escmarquesdelapobla\/wp-json\/wp\/v2\/categories?post=12023"},{"taxonomy":"post_tag","embeddable":true,"href":"https:\/\/agora.xtec.cat\/escmarquesdelapobla\/wp-json\/wp\/v2\/tags?post=12023"}],"curies":[{"name":"wp","href":"https:\/\/api.w.org\/{rel}","templated":true}]}}