{"id":12001,"date":"2022-06-16T14:11:11","date_gmt":"2022-06-16T12:11:11","guid":{"rendered":"https:\/\/agora.xtec.cat\/escmarquesdelapobla\/?p=12001"},"modified":"2022-06-16T14:12:13","modified_gmt":"2022-06-16T12:12:13","slug":"6e-a-entrevista-a-lalcalde-de-capellades","status":"publish","type":"post","link":"https:\/\/agora.xtec.cat\/escmarquesdelapobla\/superior\/6e-a-entrevista-a-lalcalde-de-capellades\/","title":{"rendered":"6\u00e8 A entrevista a l&#8217;alcalde de Capellades"},"content":{"rendered":"<p style=\"text-align: justify;\"><span style=\"font-weight: 400;\">Avui, dijous 16 de juny hem anat a fer-li una entrevista a l\u2019alcalde de Capellades, el senyor Salvador Vives.<\/span><\/p>\n<p style=\"text-align: justify;\"><span style=\"font-weight: 400;\">Nosaltres, la classe de 6\u00e8A, hem treballat els ODS (Objectius de Desenvolupament Sostenible) i ens van sorgir preguntes sobre els tema de l\u2019energia, el canvi clim\u00e0tic i els ODS en general. Llavors vam decidir anar a fer-li una entrevista a l\u2019alcalde.<\/span><\/p>\n<p><a href=\"https:\/\/photos.app.goo.gl\/TnRGkn3ork41HRVA9\"><img loading=\"lazy\" decoding=\"async\" class=\"aligncenter size-large\" src=\"https:\/\/lh3.googleusercontent.com\/t94lx-UsqwQgn5LOegOfwT7c1kDyK9xqnMdj4cmSFEr1DeNv8JouRUt_Fa-UsHKAj2K0gnPCGZVlwOvq8VKP8ZpmYtg_kF4K9ddrYc48K9Ek9O16U0LwGA6llosLCWtgqqwiMAoRThjsWtfjUTtlb0DgGpdXAHAnNKwFMrJqH61d20BtmbV2pMn041o-zyo_Pc0WcXvIhIE5qxl-XkA723UUreM8ovCpVo5H346azJyq-wYpUFusFMrqrMwOS7av0TdwpIbn-RrSaKcfEHGSr3hIlNzWMyEMWfE4CWY3OaTaynqDVrqwBHzTZD9kw6Gc20Q-6CuXetFRCrTPhJsjk0y1adoldQixVGTX0NlI4p4q8bVHVh4a7NdIqrHsXU5PZ1Z6ZBhcDSIZ1x6FVTPFj6PH_HKom-MfmAHBTAshcrgF3q0HK_6hH3y8pt5FlceMouQDcDiqjIBz-hvvjPs3_dQcLSDs-TD-AU8APLUpWpXwEPSVEtTI3i8oorW8xVDEPXq_b8jXmur2QUTRoRlWJfSnlMq_BWPlQJp-ytKKRYRA_2T6ZfKmBzrNtpOcCgMCd0S5kbwhuch9JquOJrjtSLPEWB5uQXtKqwY0Pk0Fv4Wbw0-cBjOz97G7RXE4AFyLv0R4NMF6sFIom77bA9ylM64INda-Z99BzUlh8TUa_JOrAiBynEgJDMjyw0zmL_9-mkfCzAziQy63cb6bRdcq09icofaWI7obMgnV9WZwzr8D4oFGNj5wJjoHI7ob8YRX0an0ba1Dci6Tk05G5tCOYGut6wiAd5uKjw=w1024-h768-no?authuser=0\" width=\"1024\" height=\"768\" \/><\/a><\/p>\n<p style=\"text-align: justify;\"><span style=\"font-weight: 400;\">Li hem fet preguntes de diferents temes: Ucra\u00efna, energia, sequera&#8230; i altres temes sobre el municipi.<\/span><\/p>\n<p style=\"text-align: justify;\"><span style=\"font-weight: 400;\">Li hem preguntat en quines companyies d\u2019energia estem i, si aquestes s\u00f3n renovables o no. Ens ha resp\u00f2s que l\u2019escola, tal i com les altres equipacions municipals, est\u00e0 a la companyia el\u00e8ctrica d\u2019<\/span><i><span style=\"font-weight: 400;\">Endesa<\/span><\/i><span style=\"font-weight: 400;\"> (que \u00e9s renovable) i el gas estem a la companyia de <\/span><i><span style=\"font-weight: 400;\">Naturgy <\/span><\/i><span style=\"font-weight: 400;\">(que no \u00e9s renovable).<\/span><\/p>\n<p style=\"text-align: justify;\"><span style=\"font-weight: 400;\">Despr\u00e9s tamb\u00e9 li hem preguntat si ficaran plaques solars a l\u2019escola i si han notat un canvi en la pujada de preus de les companyies el\u00e8ctriques. Ens han dit que tenen diferents projectes per posar plaques solars i que no han notat la pujada perqu\u00e8 els preus de l\u2019electricitat s\u00f3n fixos.<\/span><\/p>\n<p style=\"text-align: justify;\"><span style=\"font-weight: 400;\">Despr\u00e9s hem passat a les preguntes sobre la guerra d\u2019Ucra\u00efna. Sobre aquest tema li hem preguntat si han fet alguna cosa per ajudar al pa\u00eds i qu\u00e8 creu que necessiten m\u00e9s. Ens han contestat que el que m\u00e9s necessiten s\u00f3n diners i que no han fet recollida perqu\u00e8 no \u00e9s la seva compet\u00e8ncia, per\u00f2 ens ha explicat com es pot fer.<\/span><\/p>\n<p style=\"text-align: justify;\"><span style=\"font-weight: 400;\">Despr\u00e9s hem passat a les preguntes sobre el municipi i temes variats. Li hem preguntat quan s\u2019obrir\u00e0 el local pels joves i qu\u00e8 hi haur\u00e0. Ens ha dit que en principi a l\u2019estiu i es faran diferents activitats. Tamb\u00e9 li hem preguntat sobre temes de sequera ja que la Bassa est\u00e0 molt buida, i ens ha dit que \u00e9s perqu\u00e8 actualment en fan \u00fas m\u00e9s de 100.000 persones i ens ha donat consells per gastar menys aigua.<\/span><\/p>\n<p style=\"text-align: justify;\"><span style=\"font-weight: 400;\">Ha sigut molt interessant i ens ha agradat molt.<\/span><\/p>\n<p style=\"text-align: justify;\"><span style=\"font-weight: 400;\">Gr\u00e0cies senyor alcalde!<\/span><\/p>\n<p style=\"text-align: justify;\"><i><span style=\"font-weight: 400;\">Helena Pal\u00e0 (6\u00e8A)<\/span><\/i><\/p>\n","protected":false},"excerpt":{"rendered":"<p>Avui, dijous 16 de juny hem anat a fer-li una entrevista a l\u2019alcalde de Capellades, el senyor Salvador Vives. Nosaltres, la classe de 6\u00e8A, hem treballat els ODS (Objectius de Desenvolupament Sostenible) i ens van sorgir preguntes sobre els tema de l\u2019energia, el canvi clim\u00e0tic i els ODS en general. Llavors vam decidir anar a [&hellip;]<\/p>\n","protected":false},"author":2,"featured_media":0,"comment_status":"open","ping_status":"closed","sticky":false,"template":"","format":"standard","meta":{"_bbp_topic_count":0,"_bbp_reply_count":0,"_bbp_total_topic_count":0,"_bbp_total_reply_count":0,"_bbp_voice_count":0,"_bbp_anonymous_reply_count":0,"_bbp_topic_count_hidden":0,"_bbp_reply_count_hidden":0,"_bbp_forum_subforum_count":0,"site-sidebar-layout":"default","site-content-layout":"","ast-site-content-layout":"","site-content-style":"default","site-sidebar-style":"default","ast-global-header-display":"","ast-banner-title-visibility":"","ast-main-header-display":"","ast-hfb-above-header-display":"","ast-hfb-below-header-display":"","ast-hfb-mobile-header-display":"","site-post-title":"","ast-breadcrumbs-content":"","ast-featured-img":"","footer-sml-layout":"","theme-transparent-header-meta":"","adv-header-id-meta":"","stick-header-meta":"","header-above-stick-meta":"","header-main-stick-meta":"","header-below-stick-meta":"","astra-migrate-meta-layouts":"default","ast-page-background-enabled":"default","ast-page-background-meta":{"desktop":{"background-color":"var(--ast-global-color-5)","background-image":"","background-repeat":"repeat","background-position":"center center","background-size":"auto","background-attachment":"scroll","background-type":"","background-media":"","overlay-type":"","overlay-color":"","overlay-opacity":"","overlay-gradient":""},"tablet":{"background-color":"","background-image":"","background-repeat":"repeat","background-position":"center center","background-size":"auto","background-attachment":"scroll","background-type":"","background-media":"","overlay-type":"","overlay-color":"","overlay-opacity":"","overlay-gradient":""},"mobile":{"background-color":"","background-image":"","background-repeat":"repeat","background-position":"center center","background-size":"auto","background-attachment":"scroll","background-type":"","background-media":"","overlay-type":"","overlay-color":"","overlay-opacity":"","overlay-gradient":""}},"ast-content-background-meta":{"desktop":{"background-color":"var(--ast-global-color-4)","background-image":"","background-repeat":"repeat","background-position":"center center","background-size":"auto","background-attachment":"scroll","background-type":"","background-media":"","overlay-type":"","overlay-color":"","overlay-opacity":"","overlay-gradient":""},"tablet":{"background-color":"var(--ast-global-color-4)","background-image":"","background-repeat":"repeat","background-position":"center center","background-size":"auto","background-attachment":"scroll","background-type":"","background-media":"","overlay-type":"","overlay-color":"","overlay-opacity":"","overlay-gradient":""},"mobile":{"background-color":"var(--ast-global-color-4)","background-image":"","background-repeat":"repeat","background-position":"center center","background-size":"auto","background-attachment":"scroll","background-type":"","background-media":"","overlay-type":"","overlay-color":"","overlay-opacity":"","overlay-gradient":""}},"footnotes":""},"categories":[5,133],"tags":[211],"class_list":["post-12001","post","type-post","status-publish","format-standard","hentry","category-superior","category-p6","tag-p6a"],"post_mailing_queue_ids":[],"_links":{"self":[{"href":"https:\/\/agora.xtec.cat\/escmarquesdelapobla\/wp-json\/wp\/v2\/posts\/12001","targetHints":{"allow":["GET"]}}],"collection":[{"href":"https:\/\/agora.xtec.cat\/escmarquesdelapobla\/wp-json\/wp\/v2\/posts"}],"about":[{"href":"https:\/\/agora.xtec.cat\/escmarquesdelapobla\/wp-json\/wp\/v2\/types\/post"}],"author":[{"embeddable":true,"href":"https:\/\/agora.xtec.cat\/escmarquesdelapobla\/wp-json\/wp\/v2\/users\/2"}],"replies":[{"embeddable":true,"href":"https:\/\/agora.xtec.cat\/escmarquesdelapobla\/wp-json\/wp\/v2\/comments?post=12001"}],"version-history":[{"count":3,"href":"https:\/\/agora.xtec.cat\/escmarquesdelapobla\/wp-json\/wp\/v2\/posts\/12001\/revisions"}],"predecessor-version":[{"id":12004,"href":"https:\/\/agora.xtec.cat\/escmarquesdelapobla\/wp-json\/wp\/v2\/posts\/12001\/revisions\/12004"}],"wp:attachment":[{"href":"https:\/\/agora.xtec.cat\/escmarquesdelapobla\/wp-json\/wp\/v2\/media?parent=12001"}],"wp:term":[{"taxonomy":"category","embeddable":true,"href":"https:\/\/agora.xtec.cat\/escmarquesdelapobla\/wp-json\/wp\/v2\/categories?post=12001"},{"taxonomy":"post_tag","embeddable":true,"href":"https:\/\/agora.xtec.cat\/escmarquesdelapobla\/wp-json\/wp\/v2\/tags?post=12001"}],"curies":[{"name":"wp","href":"https:\/\/api.w.org\/{rel}","templated":true}]}}