{"id":11977,"date":"2022-06-14T10:41:28","date_gmt":"2022-06-14T08:41:28","guid":{"rendered":"https:\/\/agora.xtec.cat\/escmarquesdelapobla\/?p=11977"},"modified":"2022-06-14T20:11:27","modified_gmt":"2022-06-14T18:11:27","slug":"diversitat-musical-2022","status":"publish","type":"post","link":"https:\/\/agora.xtec.cat\/escmarquesdelapobla\/escola\/diversitat-musical-2022\/","title":{"rendered":"Diversitat musical 2022"},"content":{"rendered":"<p style=\"text-align: justify;\">El passat divendres 10 de juny, l\u2019alumnat de sis\u00e8 va oferir al teatre de la Lliga la seva representaci\u00f3 de la<strong> Diversitat Musical<\/strong>.<\/p>\n<p><a href=\"https:\/\/photos.app.goo.gl\/siwYzmKz1S8XyRcB6\"><img loading=\"lazy\" decoding=\"async\" class=\"size-full wp-image-11978 aligncenter\" src=\"https:\/\/agora.xtec.cat\/escmarquesdelapobla\/wp-content\/uploads\/usu1682\/2022\/06\/Logo-Diversitat-Musical-2022.png\" alt=\"\" width=\"1920\" height=\"1080\" srcset=\"https:\/\/agora.xtec.cat\/escmarquesdelapobla\/wp-content\/uploads\/usu1682\/2022\/06\/Logo-Diversitat-Musical-2022.png 1920w, https:\/\/agora.xtec.cat\/escmarquesdelapobla\/wp-content\/uploads\/usu1682\/2022\/06\/Logo-Diversitat-Musical-2022-300x169.png 300w, https:\/\/agora.xtec.cat\/escmarquesdelapobla\/wp-content\/uploads\/usu1682\/2022\/06\/Logo-Diversitat-Musical-2022-1024x576.png 1024w, https:\/\/agora.xtec.cat\/escmarquesdelapobla\/wp-content\/uploads\/usu1682\/2022\/06\/Logo-Diversitat-Musical-2022-768x432.png 768w, https:\/\/agora.xtec.cat\/escmarquesdelapobla\/wp-content\/uploads\/usu1682\/2022\/06\/Logo-Diversitat-Musical-2022-1536x864.png 1536w\" sizes=\"auto, (max-width: 1920px) 100vw, 1920px\" \/><\/a><\/p>\n<p style=\"text-align: justify;\">Durant dues sessions al mat\u00ed, amb tot l&#8217;alumnat de l&#8217;escola i mestres com a p\u00fablic, els nois i noies de sis\u00e8 van anar explicant el seu pas per l&#8217;escola al llarg d&#8217;aquests nou anys tot cantant i tocant unes can\u00e7ons molt divertides i emotives. Molts ens vam emocionar!<\/p>\n<p style=\"text-align: justify;\">Al vespre, amb les fam\u00edlies com a p\u00fablic i amb la Lliga ben plena, van tornar a reproduir l&#8217;obra deixant-nos bocabadats. A continuaci\u00f3 es va portar a terme la graduaci\u00f3 de sis\u00e8. Va ser una tarda plena de sorpreses i emocions molt fortes. Tot plegat va ser una jornada que de ben segur cadascun dels alumnes de sis\u00e8 guardar\u00e0 per sempre dins el seu cor.<\/p>\n<p style=\"text-align: justify;\">Felicitats als Artistes, Humoristes i Hip-hopers! Us desitgem molta sort en la nova etapa que comen\u00e7areu a l&#8217;institut el proper curs.<\/p>\n<p style=\"text-align: justify;\">Sempre ens podreu venir a veure a l&#8217;Escola Marqu\u00e8s de la Pobla!<\/p>\n","protected":false},"excerpt":{"rendered":"<p>El passat divendres 10 de juny, l\u2019alumnat de sis\u00e8 va oferir al teatre de la Lliga la seva representaci\u00f3 de la Diversitat Musical. Durant dues sessions al mat\u00ed, amb tot l&#8217;alumnat de l&#8217;escola i mestres com a p\u00fablic, els nois i noies de sis\u00e8 van anar explicant el seu pas per l&#8217;escola al llarg d&#8217;aquests [&hellip;]<\/p>\n","protected":false},"author":2,"featured_media":0,"comment_status":"open","ping_status":"closed","sticky":false,"template":"","format":"standard","meta":{"_bbp_topic_count":0,"_bbp_reply_count":0,"_bbp_total_topic_count":0,"_bbp_total_reply_count":0,"_bbp_voice_count":0,"_bbp_anonymous_reply_count":0,"_bbp_topic_count_hidden":0,"_bbp_reply_count_hidden":0,"_bbp_forum_subforum_count":0,"site-sidebar-layout":"default","site-content-layout":"","ast-site-content-layout":"","site-content-style":"default","site-sidebar-style":"default","ast-global-header-display":"","ast-banner-title-visibility":"","ast-main-header-display":"","ast-hfb-above-header-display":"","ast-hfb-below-header-display":"","ast-hfb-mobile-header-display":"","site-post-title":"","ast-breadcrumbs-content":"","ast-featured-img":"","footer-sml-layout":"","theme-transparent-header-meta":"","adv-header-id-meta":"","stick-header-meta":"","header-above-stick-meta":"","header-main-stick-meta":"","header-below-stick-meta":"","astra-migrate-meta-layouts":"default","ast-page-background-enabled":"default","ast-page-background-meta":{"desktop":{"background-color":"var(--ast-global-color-5)","background-image":"","background-repeat":"repeat","background-position":"center center","background-size":"auto","background-attachment":"scroll","background-type":"","background-media":"","overlay-type":"","overlay-color":"","overlay-opacity":"","overlay-gradient":""},"tablet":{"background-color":"","background-image":"","background-repeat":"repeat","background-position":"center center","background-size":"auto","background-attachment":"scroll","background-type":"","background-media":"","overlay-type":"","overlay-color":"","overlay-opacity":"","overlay-gradient":""},"mobile":{"background-color":"","background-image":"","background-repeat":"repeat","background-position":"center center","background-size":"auto","background-attachment":"scroll","background-type":"","background-media":"","overlay-type":"","overlay-color":"","overlay-opacity":"","overlay-gradient":""}},"ast-content-background-meta":{"desktop":{"background-color":"var(--ast-global-color-4)","background-image":"","background-repeat":"repeat","background-position":"center center","background-size":"auto","background-attachment":"scroll","background-type":"","background-media":"","overlay-type":"","overlay-color":"","overlay-opacity":"","overlay-gradient":""},"tablet":{"background-color":"var(--ast-global-color-4)","background-image":"","background-repeat":"repeat","background-position":"center center","background-size":"auto","background-attachment":"scroll","background-type":"","background-media":"","overlay-type":"","overlay-color":"","overlay-opacity":"","overlay-gradient":""},"mobile":{"background-color":"var(--ast-global-color-4)","background-image":"","background-repeat":"repeat","background-position":"center center","background-size":"auto","background-attachment":"scroll","background-type":"","background-media":"","overlay-type":"","overlay-color":"","overlay-opacity":"","overlay-gradient":""}},"footnotes":""},"categories":[80,126,171],"tags":[223,207],"class_list":["post-11977","post","type-post","status-publish","format-standard","hentry","category-escola","category-musica","category-tauler-principal","tag-lescola","tag-musica"],"post_mailing_queue_ids":[],"_links":{"self":[{"href":"https:\/\/agora.xtec.cat\/escmarquesdelapobla\/wp-json\/wp\/v2\/posts\/11977","targetHints":{"allow":["GET"]}}],"collection":[{"href":"https:\/\/agora.xtec.cat\/escmarquesdelapobla\/wp-json\/wp\/v2\/posts"}],"about":[{"href":"https:\/\/agora.xtec.cat\/escmarquesdelapobla\/wp-json\/wp\/v2\/types\/post"}],"author":[{"embeddable":true,"href":"https:\/\/agora.xtec.cat\/escmarquesdelapobla\/wp-json\/wp\/v2\/users\/2"}],"replies":[{"embeddable":true,"href":"https:\/\/agora.xtec.cat\/escmarquesdelapobla\/wp-json\/wp\/v2\/comments?post=11977"}],"version-history":[{"count":3,"href":"https:\/\/agora.xtec.cat\/escmarquesdelapobla\/wp-json\/wp\/v2\/posts\/11977\/revisions"}],"predecessor-version":[{"id":11998,"href":"https:\/\/agora.xtec.cat\/escmarquesdelapobla\/wp-json\/wp\/v2\/posts\/11977\/revisions\/11998"}],"wp:attachment":[{"href":"https:\/\/agora.xtec.cat\/escmarquesdelapobla\/wp-json\/wp\/v2\/media?parent=11977"}],"wp:term":[{"taxonomy":"category","embeddable":true,"href":"https:\/\/agora.xtec.cat\/escmarquesdelapobla\/wp-json\/wp\/v2\/categories?post=11977"},{"taxonomy":"post_tag","embeddable":true,"href":"https:\/\/agora.xtec.cat\/escmarquesdelapobla\/wp-json\/wp\/v2\/tags?post=11977"}],"curies":[{"name":"wp","href":"https:\/\/api.w.org\/{rel}","templated":true}]}}