{"id":11946,"date":"2022-06-01T20:30:26","date_gmt":"2022-06-01T18:30:26","guid":{"rendered":"https:\/\/agora.xtec.cat\/escmarquesdelapobla\/?p=11946"},"modified":"2022-06-01T20:31:08","modified_gmt":"2022-06-01T18:31:08","slug":"quart-amb-la-clika","status":"publish","type":"post","link":"https:\/\/agora.xtec.cat\/escmarquesdelapobla\/mitja\/quart-amb-la-clika\/","title":{"rendered":"Quart amb la Clika"},"content":{"rendered":"<p style=\"text-align: justify;\"><span style=\"font-weight: 400;\">El dimarts 24 de maig les classes de 4t vam anar al teatre l\u2019Atl\u00e0ntida de Vic a participar a la trobada de corals de Prim\u00e0ria amb les can\u00e7ons d\u2019una bonica cantata: <\/span><i><span style=\"font-weight: 400;\">La Clika.<\/span><\/i><\/p>\n<p><a href=\"https:\/\/photos.app.goo.gl\/CuTGvW7nvVhzh36H7\"><img loading=\"lazy\" decoding=\"async\" class=\"aligncenter size-large\" src=\"https:\/\/lh3.googleusercontent.com\/LQXjk97BVhDl4q8gXf6cKOysvTub5RMJsBp2d30ycsD_cNm8KS-lBLEMYMR2G45wt__eo9KWSuCrDfQaU3wZ6tggi0vRrb-IiAoB-XLTRaTZAcQMbxIRspyVeYmy-VJYAHSPQ5zuskA-_UwmC_m2Tf8APFqswCR1HGn46Vrbn30L-puxbp8RcBI4XRiK_Az5jBDYtBH0qB_UOHeAN6dOtmZG7tEvPihrt7j_whDK54GogrlbxTx4IhtPQBAbxkTcYlQjA6UGpY_aqSneGT0N_nnxTndr0VIFbGrrCdC-nzR2LbFKkqqmFIPI9YDYBJ3FfBxOy-3cq-19aD9effIj4Aig5kpX-h7eHlgPHQdz8d6HOLhZroqxHqF1JX1PasoXlWVphvsMyfz_WFVtdouXuqiLAMmgrbt4pVLyuP2aVwjI97YROC6W-b0kWu-7cNDLLryMvDg9ORHg2eFMZf2aPZveMTrBJgZTHJbaPw7UNv8rmii2Q4EcHDBWi-ZDTfxxmj7gFFtnQQpqB1ceK_GKF08mfSkqTeeiI1lSf91KTUPRZ86GZizgU4Ux7_qx-k309mv1yiOm5-U4Lmg8Li9DLYrFT7P8sWkYyNRqSaOogRYhS12ainxcejm5yPcbXGbRDtpwDusB4wsgblDaVO44yXjpUEZUbI5Rtflw8zXGOS9f795iU377dnxBD5yhAuK8qF7Y2nbVI_7QGtI9MgRS9WcuQP8fX0l93bdim4BtuOTvg3QwrT4PUhJTGP300ym6r_I5MBb9Am3K68Lpw9fPTac3uVYE04NqVg=w1087-h816-no?authuser=0\" width=\"1087\" height=\"815\" \/><\/a><\/p>\n<p style=\"text-align: justify;\"><span style=\"font-weight: 400;\">Vam anar amb autob\u00fas i ens van acompanyar el Jaume, l\u2019Aina i la Laura. All\u00e0 ens vam trobar amb nou altres escoles. Aproximadament \u00e9rem uns 500 nens i nenes i vam cantar 11 can\u00e7ons, per\u00f2 nom\u00e9s vam cantar l\u2019\u00faltima can\u00e7\u00f3 tots junts, la de la <\/span><i><span style=\"font-weight: 400;\">Clika<\/span><\/i><span style=\"font-weight: 400;\">. A nosaltres ens va tocar cantar la can\u00e7\u00f3 <\/span><i><span style=\"font-weight: 400;\">Jo vull jugar!<\/span><\/i><span style=\"font-weight: 400;\"> Est\u00e0vem molt nerviosos dalt de l\u2019escenari amb els m\u00fasics,\u00a0 per\u00f2 ens va sortir molt b\u00e9!<\/span><\/p>\n<p style=\"text-align: justify;\"><span style=\"font-weight: 400;\">Aquesta sortida ha sigut molt divertida, l\u2019\u00fanic que vam haver de tornar abans perqu\u00e8 plovia.<\/span><\/p>\n<p style=\"text-align: justify;\"><em><span style=\"font-weight: 400;\">Alumnes de 4t<\/span><\/em><\/p>\n","protected":false},"excerpt":{"rendered":"<p>El dimarts 24 de maig les classes de 4t vam anar al teatre l\u2019Atl\u00e0ntida de Vic a participar a la trobada de corals de Prim\u00e0ria amb les can\u00e7ons d\u2019una bonica cantata: La Clika. Vam anar amb autob\u00fas i ens van acompanyar el Jaume, l\u2019Aina i la Laura. All\u00e0 ens vam trobar amb nou altres escoles. [&hellip;]<\/p>\n","protected":false},"author":2,"featured_media":0,"comment_status":"open","ping_status":"closed","sticky":false,"template":"","format":"standard","meta":{"_bbp_topic_count":0,"_bbp_reply_count":0,"_bbp_total_topic_count":0,"_bbp_total_reply_count":0,"_bbp_voice_count":0,"_bbp_anonymous_reply_count":0,"_bbp_topic_count_hidden":0,"_bbp_reply_count_hidden":0,"_bbp_forum_subforum_count":0,"site-sidebar-layout":"default","site-content-layout":"","ast-site-content-layout":"","site-content-style":"default","site-sidebar-style":"default","ast-global-header-display":"","ast-banner-title-visibility":"","ast-main-header-display":"","ast-hfb-above-header-display":"","ast-hfb-below-header-display":"","ast-hfb-mobile-header-display":"","site-post-title":"","ast-breadcrumbs-content":"","ast-featured-img":"","footer-sml-layout":"","theme-transparent-header-meta":"","adv-header-id-meta":"","stick-header-meta":"","header-above-stick-meta":"","header-main-stick-meta":"","header-below-stick-meta":"","astra-migrate-meta-layouts":"default","ast-page-background-enabled":"default","ast-page-background-meta":{"desktop":{"background-color":"var(--ast-global-color-5)","background-image":"","background-repeat":"repeat","background-position":"center center","background-size":"auto","background-attachment":"scroll","background-type":"","background-media":"","overlay-type":"","overlay-color":"","overlay-opacity":"","overlay-gradient":""},"tablet":{"background-color":"","background-image":"","background-repeat":"repeat","background-position":"center center","background-size":"auto","background-attachment":"scroll","background-type":"","background-media":"","overlay-type":"","overlay-color":"","overlay-opacity":"","overlay-gradient":""},"mobile":{"background-color":"","background-image":"","background-repeat":"repeat","background-position":"center center","background-size":"auto","background-attachment":"scroll","background-type":"","background-media":"","overlay-type":"","overlay-color":"","overlay-opacity":"","overlay-gradient":""}},"ast-content-background-meta":{"desktop":{"background-color":"var(--ast-global-color-4)","background-image":"","background-repeat":"repeat","background-position":"center center","background-size":"auto","background-attachment":"scroll","background-type":"","background-media":"","overlay-type":"","overlay-color":"","overlay-opacity":"","overlay-gradient":""},"tablet":{"background-color":"var(--ast-global-color-4)","background-image":"","background-repeat":"repeat","background-position":"center center","background-size":"auto","background-attachment":"scroll","background-type":"","background-media":"","overlay-type":"","overlay-color":"","overlay-opacity":"","overlay-gradient":""},"mobile":{"background-color":"var(--ast-global-color-4)","background-image":"","background-repeat":"repeat","background-position":"center center","background-size":"auto","background-attachment":"scroll","background-type":"","background-media":"","overlay-type":"","overlay-color":"","overlay-opacity":"","overlay-gradient":""}},"footnotes":""},"categories":[65,139,74],"tags":[187,188],"class_list":["post-11946","post","type-post","status-publish","format-standard","hentry","category-mitja","category-p4","category-sortides","tag-p4a","tag-p4b"],"post_mailing_queue_ids":[],"_links":{"self":[{"href":"https:\/\/agora.xtec.cat\/escmarquesdelapobla\/wp-json\/wp\/v2\/posts\/11946","targetHints":{"allow":["GET"]}}],"collection":[{"href":"https:\/\/agora.xtec.cat\/escmarquesdelapobla\/wp-json\/wp\/v2\/posts"}],"about":[{"href":"https:\/\/agora.xtec.cat\/escmarquesdelapobla\/wp-json\/wp\/v2\/types\/post"}],"author":[{"embeddable":true,"href":"https:\/\/agora.xtec.cat\/escmarquesdelapobla\/wp-json\/wp\/v2\/users\/2"}],"replies":[{"embeddable":true,"href":"https:\/\/agora.xtec.cat\/escmarquesdelapobla\/wp-json\/wp\/v2\/comments?post=11946"}],"version-history":[{"count":3,"href":"https:\/\/agora.xtec.cat\/escmarquesdelapobla\/wp-json\/wp\/v2\/posts\/11946\/revisions"}],"predecessor-version":[{"id":11949,"href":"https:\/\/agora.xtec.cat\/escmarquesdelapobla\/wp-json\/wp\/v2\/posts\/11946\/revisions\/11949"}],"wp:attachment":[{"href":"https:\/\/agora.xtec.cat\/escmarquesdelapobla\/wp-json\/wp\/v2\/media?parent=11946"}],"wp:term":[{"taxonomy":"category","embeddable":true,"href":"https:\/\/agora.xtec.cat\/escmarquesdelapobla\/wp-json\/wp\/v2\/categories?post=11946"},{"taxonomy":"post_tag","embeddable":true,"href":"https:\/\/agora.xtec.cat\/escmarquesdelapobla\/wp-json\/wp\/v2\/tags?post=11946"}],"curies":[{"name":"wp","href":"https:\/\/api.w.org\/{rel}","templated":true}]}}