{"id":11791,"date":"2022-04-29T16:48:52","date_gmt":"2022-04-29T14:48:52","guid":{"rendered":"https:\/\/agora.xtec.cat\/escmarquesdelapobla\/?p=11791"},"modified":"2022-04-29T16:48:52","modified_gmt":"2022-04-29T14:48:52","slug":"cicle-superior-va-a-la-lliga","status":"publish","type":"post","link":"https:\/\/agora.xtec.cat\/escmarquesdelapobla\/general\/cicle-superior-va-a-la-lliga\/","title":{"rendered":"Cicle Superior va a la Lliga"},"content":{"rendered":"<p style=\"text-align: justify;\">Avui a la tarda els nens i les nenes de cicle superior hem anat al teatre de La Lliga a veure l&#8217;obra\u00a0<em>Transmissions,<\/em> una confer\u00e8ncia il\u00b7lustrada sobre danses urbanes amb els ballarins Guille Vidal-Ribas i Javier Casado. Aquesta \u00e9s una confer\u00e8ncia ballada que combina m\u00fasica, audiovisuals, paraula i moviment en viu per explicar les danses urbanes en totes les seves dimensions.<\/p>\n<p><a href=\"https:\/\/photos.app.goo.gl\/2rg4medVb4hTyufi9\"><img loading=\"lazy\" decoding=\"async\" class=\"aligncenter\" src=\"https:\/\/lh3.googleusercontent.com\/Kw8RN_PRxpvo_8Ll6eGH-dNBZZhmtMQk7bykeWqh_lX_rCdph9vVkfNrGc6wbPYcEy5fqnjcDeEYLPFsr7sh675ecYlXhY50mt9lTh2xsvYIJH1bCYsSql_U31JauY7IKEzwyVk3hb-Hr2jBkzXa8tik8IEUH5Qh7bbNIO7vZ_3JrK2LeyYLuL7zpqMmSnWtG88SP_AFCdAwPOzestKpljtsNo8xmvbupewUJeMIZAlb_rxnIhwJuexmHiBu8yc7QWdYcuGcSoKkul6zPvZpnoxJ1BU5-VR95tdsZxmXeMvvjK3VVSd4xZV9-cX1tfHVhH6yGWM3lxnwR7s0cvrdjzycZWkIYr5wjV5aVsVFB9yDokaz5iyF0HHHxVbQsWZLhtMa-DO2IPWl-ahooRSwtYM8dxCfaj9nnwrREdhJ7iVWGsOb1AgUmbBTwNMfmaWgDUvfdp6JwkhdGzr4OaQCTtL0Uyygr7ScUqf-8OWhIj1MGFDickap1ZDSgnnh95a1r4YmP0SJm2k_Ad3jJajsOzn1hDNIXY3Cjh2TM6mk8YVZkTqj9Tv6rZzkZsoukhVE4iE2IdkBDCAR16EwvzFztEcgqEgIQqOAqNevdqc2Q6L9rY13E5mqhublFjSpFyK_jx_J7hTv4ygD7bgMZQ3o5Pbe9Yg4tn6Os_LXEZ-BF45HFv2sEvWnrwecmPWlzKarKudHi3b5l9jBGfLmyuMyqu4o5S3qwTGfTBEp299WJ6jXeP8gq69CgYWIqd_bag=w1280-h720-no?authuser=0\" width=\"435\" height=\"245\" \/><\/a><\/p>\n<p>Ha sigut una obra molt original i divertida!\ud83d\ude0a<\/p>\n","protected":false},"excerpt":{"rendered":"<p>Avui a la tarda els nens i les nenes de cicle superior hem anat al teatre de La Lliga a veure l&#8217;obra\u00a0Transmissions, una confer\u00e8ncia il\u00b7lustrada sobre danses urbanes amb els ballarins Guille Vidal-Ribas i Javier Casado. Aquesta \u00e9s una confer\u00e8ncia ballada que combina m\u00fasica, audiovisuals, paraula i moviment en viu per explicar les danses urbanes [&hellip;]<\/p>\n","protected":false},"author":2,"featured_media":0,"comment_status":"open","ping_status":"closed","sticky":false,"template":"","format":"standard","meta":{"_bbp_topic_count":0,"_bbp_reply_count":0,"_bbp_total_topic_count":0,"_bbp_total_reply_count":0,"_bbp_voice_count":0,"_bbp_anonymous_reply_count":0,"_bbp_topic_count_hidden":0,"_bbp_reply_count_hidden":0,"_bbp_forum_subforum_count":0,"site-sidebar-layout":"default","site-content-layout":"","ast-site-content-layout":"","site-content-style":"default","site-sidebar-style":"default","ast-global-header-display":"","ast-banner-title-visibility":"","ast-main-header-display":"","ast-hfb-above-header-display":"","ast-hfb-below-header-display":"","ast-hfb-mobile-header-display":"","site-post-title":"","ast-breadcrumbs-content":"","ast-featured-img":"","footer-sml-layout":"","theme-transparent-header-meta":"","adv-header-id-meta":"","stick-header-meta":"","header-above-stick-meta":"","header-main-stick-meta":"","header-below-stick-meta":"","astra-migrate-meta-layouts":"default","ast-page-background-enabled":"default","ast-page-background-meta":{"desktop":{"background-color":"var(--ast-global-color-5)","background-image":"","background-repeat":"repeat","background-position":"center center","background-size":"auto","background-attachment":"scroll","background-type":"","background-media":"","overlay-type":"","overlay-color":"","overlay-opacity":"","overlay-gradient":""},"tablet":{"background-color":"","background-image":"","background-repeat":"repeat","background-position":"center center","background-size":"auto","background-attachment":"scroll","background-type":"","background-media":"","overlay-type":"","overlay-color":"","overlay-opacity":"","overlay-gradient":""},"mobile":{"background-color":"","background-image":"","background-repeat":"repeat","background-position":"center center","background-size":"auto","background-attachment":"scroll","background-type":"","background-media":"","overlay-type":"","overlay-color":"","overlay-opacity":"","overlay-gradient":""}},"ast-content-background-meta":{"desktop":{"background-color":"var(--ast-global-color-4)","background-image":"","background-repeat":"repeat","background-position":"center center","background-size":"auto","background-attachment":"scroll","background-type":"","background-media":"","overlay-type":"","overlay-color":"","overlay-opacity":"","overlay-gradient":""},"tablet":{"background-color":"var(--ast-global-color-4)","background-image":"","background-repeat":"repeat","background-position":"center center","background-size":"auto","background-attachment":"scroll","background-type":"","background-media":"","overlay-type":"","overlay-color":"","overlay-opacity":"","overlay-gradient":""},"mobile":{"background-color":"var(--ast-global-color-4)","background-image":"","background-repeat":"repeat","background-position":"center center","background-size":"auto","background-attachment":"scroll","background-type":"","background-media":"","overlay-type":"","overlay-color":"","overlay-opacity":"","overlay-gradient":""}},"footnotes":""},"categories":[5,1,14,133,74],"tags":[242,190,191,211,212,262],"class_list":["post-11791","post","type-post","status-publish","format-standard","hentry","category-superior","category-general","category-p5","category-p6","category-sortides","tag-5e-c","tag-p5a","tag-p5b","tag-p6a","tag-p6b","tag-p6c"],"post_mailing_queue_ids":[],"_links":{"self":[{"href":"https:\/\/agora.xtec.cat\/escmarquesdelapobla\/wp-json\/wp\/v2\/posts\/11791","targetHints":{"allow":["GET"]}}],"collection":[{"href":"https:\/\/agora.xtec.cat\/escmarquesdelapobla\/wp-json\/wp\/v2\/posts"}],"about":[{"href":"https:\/\/agora.xtec.cat\/escmarquesdelapobla\/wp-json\/wp\/v2\/types\/post"}],"author":[{"embeddable":true,"href":"https:\/\/agora.xtec.cat\/escmarquesdelapobla\/wp-json\/wp\/v2\/users\/2"}],"replies":[{"embeddable":true,"href":"https:\/\/agora.xtec.cat\/escmarquesdelapobla\/wp-json\/wp\/v2\/comments?post=11791"}],"version-history":[{"count":3,"href":"https:\/\/agora.xtec.cat\/escmarquesdelapobla\/wp-json\/wp\/v2\/posts\/11791\/revisions"}],"predecessor-version":[{"id":11795,"href":"https:\/\/agora.xtec.cat\/escmarquesdelapobla\/wp-json\/wp\/v2\/posts\/11791\/revisions\/11795"}],"wp:attachment":[{"href":"https:\/\/agora.xtec.cat\/escmarquesdelapobla\/wp-json\/wp\/v2\/media?parent=11791"}],"wp:term":[{"taxonomy":"category","embeddable":true,"href":"https:\/\/agora.xtec.cat\/escmarquesdelapobla\/wp-json\/wp\/v2\/categories?post=11791"},{"taxonomy":"post_tag","embeddable":true,"href":"https:\/\/agora.xtec.cat\/escmarquesdelapobla\/wp-json\/wp\/v2\/tags?post=11791"}],"curies":[{"name":"wp","href":"https:\/\/api.w.org\/{rel}","templated":true}]}}