{"id":1177,"date":"2016-11-25T15:25:35","date_gmt":"2016-11-25T14:25:35","guid":{"rendered":"http:\/\/blocs.xtec.cat\/marquesdelapobla\/?p=1177"},"modified":"2020-11-08T14:27:41","modified_gmt":"2020-11-08T13:27:41","slug":"resultat-dels-tallers-a-ei","status":"publish","type":"post","link":"https:\/\/agora.xtec.cat\/escmarquesdelapobla\/infantil\/resultat-dels-tallers-a-ei\/","title":{"rendered":"Resultat dels tallers a EI"},"content":{"rendered":"<p><strong>Viatge al m\u00f3n dels contes<\/strong><\/p>\n<p>Els passadissos de l\u2019edifici d\u2019educaci\u00f3 infantil estan d\u2019estrena. I aquest trimestre l\u2019ornamentaci\u00f3 se centra en el m\u00f3n dels contes.<\/p>\n<p>Rel de la visita de les MARC (mestres, \u00e0vies, recitadores de contes) vam parlar amb els infants on se situen els contes. Va sortir la idea del cel, del mar, als boscos de fades, als castells, a cases de por&#8230; i despr\u00e9s<a href=\"https:\/\/goo.gl\/photos\/hAP2JmEhUhjvv7Jq8\"><img loading=\"lazy\" decoding=\"async\" class=\"aligncenter size-large wp-image-1179\" src=\"http:\/\/agora.xtec.cat\/escmarquesdelapobla\/wp-content\/uploads\/usu1682\/2016\/11\/P1070411-1024x768.jpg\" alt=\"p1070411\" width=\"440\" height=\"330\" srcset=\"https:\/\/agora.xtec.cat\/escmarquesdelapobla\/wp-content\/uploads\/usu1682\/2016\/11\/P1070411-1024x768.jpg 1024w, https:\/\/agora.xtec.cat\/escmarquesdelapobla\/wp-content\/uploads\/usu1682\/2016\/11\/P1070411-300x225.jpg 300w, https:\/\/agora.xtec.cat\/escmarquesdelapobla\/wp-content\/uploads\/usu1682\/2016\/11\/P1070411-768x576.jpg 768w, https:\/\/agora.xtec.cat\/escmarquesdelapobla\/wp-content\/uploads\/usu1682\/2016\/11\/P1070411-200x150.jpg 200w, https:\/\/agora.xtec.cat\/escmarquesdelapobla\/wp-content\/uploads\/usu1682\/2016\/11\/P1070411.jpg 1280w\" sizes=\"auto, (max-width: 440px) 100vw, 440px\" \/><\/a>\u00a0vam pensar com haur\u00edem d\u2019ambientar els passadissos perqu\u00e8 sembl\u00e9s l\u2019escenari del conte.<!--more--><\/p>\n<p>Per grups d\u2019edats barrejades (P3, P4 i P5) van anar exposant qu\u00e8 havien de fer al passad\u00eds que havien escollit, com ho farien, quins materials necessitar\u00edem&#8230; i vam dedicar-hi tota una jornada, intensa i molt emotiva.<\/p>\n<p>El toc final ha estat la col\u00b7laboraci\u00f3 de les fam\u00edlies, que ens han deixat els protagonistes dels contes: fades, peixos, ocells, bruixes i mussols&#8230;<\/p>\n<p>Esteu tots convidats a visitar l\u2019edifici d\u2019educaci\u00f3 infantil.<\/p>\n<p>&nbsp;<\/p>\n","protected":false},"excerpt":{"rendered":"<p>Viatge al m\u00f3n dels contes Els passadissos de l\u2019edifici d\u2019educaci\u00f3 infantil estan d\u2019estrena. I aquest trimestre l\u2019ornamentaci\u00f3 se centra en el m\u00f3n dels contes. Rel de la visita de les MARC (mestres, \u00e0vies, recitadores de contes) vam parlar amb els infants on se situen els contes. Va sortir la idea del cel, del mar, als [&hellip;]<\/p>\n","protected":false},"author":1,"featured_media":0,"comment_status":"open","ping_status":"closed","sticky":false,"template":"","format":"standard","meta":{"_bbp_topic_count":0,"_bbp_reply_count":0,"_bbp_total_topic_count":0,"_bbp_total_reply_count":0,"_bbp_voice_count":0,"_bbp_anonymous_reply_count":0,"_bbp_topic_count_hidden":0,"_bbp_reply_count_hidden":0,"_bbp_forum_subforum_count":0,"site-sidebar-layout":"default","site-content-layout":"","ast-site-content-layout":"","site-content-style":"default","site-sidebar-style":"default","ast-global-header-display":"","ast-banner-title-visibility":"","ast-main-header-display":"","ast-hfb-above-header-display":"","ast-hfb-below-header-display":"","ast-hfb-mobile-header-display":"","site-post-title":"","ast-breadcrumbs-content":"","ast-featured-img":"","footer-sml-layout":"","theme-transparent-header-meta":"","adv-header-id-meta":"","stick-header-meta":"","header-above-stick-meta":"","header-main-stick-meta":"","header-below-stick-meta":"","astra-migrate-meta-layouts":"default","ast-page-background-enabled":"default","ast-page-background-meta":{"desktop":{"background-color":"var(--ast-global-color-5)","background-image":"","background-repeat":"repeat","background-position":"center center","background-size":"auto","background-attachment":"scroll","background-type":"","background-media":"","overlay-type":"","overlay-color":"","overlay-opacity":"","overlay-gradient":""},"tablet":{"background-color":"","background-image":"","background-repeat":"repeat","background-position":"center center","background-size":"auto","background-attachment":"scroll","background-type":"","background-media":"","overlay-type":"","overlay-color":"","overlay-opacity":"","overlay-gradient":""},"mobile":{"background-color":"","background-image":"","background-repeat":"repeat","background-position":"center center","background-size":"auto","background-attachment":"scroll","background-type":"","background-media":"","overlay-type":"","overlay-color":"","overlay-opacity":"","overlay-gradient":""}},"ast-content-background-meta":{"desktop":{"background-color":"var(--ast-global-color-4)","background-image":"","background-repeat":"repeat","background-position":"center center","background-size":"auto","background-attachment":"scroll","background-type":"","background-media":"","overlay-type":"","overlay-color":"","overlay-opacity":"","overlay-gradient":""},"tablet":{"background-color":"var(--ast-global-color-4)","background-image":"","background-repeat":"repeat","background-position":"center center","background-size":"auto","background-attachment":"scroll","background-type":"","background-media":"","overlay-type":"","overlay-color":"","overlay-opacity":"","overlay-gradient":""},"mobile":{"background-color":"var(--ast-global-color-4)","background-image":"","background-repeat":"repeat","background-position":"center center","background-size":"auto","background-attachment":"scroll","background-type":"","background-media":"","overlay-type":"","overlay-color":"","overlay-opacity":"","overlay-gradient":""}},"footnotes":""},"categories":[224,2],"tags":[],"class_list":["post-1177","post","type-post","status-publish","format-standard","hentry","category-historic","category-infantil"],"post_mailing_queue_ids":[],"_links":{"self":[{"href":"https:\/\/agora.xtec.cat\/escmarquesdelapobla\/wp-json\/wp\/v2\/posts\/1177","targetHints":{"allow":["GET"]}}],"collection":[{"href":"https:\/\/agora.xtec.cat\/escmarquesdelapobla\/wp-json\/wp\/v2\/posts"}],"about":[{"href":"https:\/\/agora.xtec.cat\/escmarquesdelapobla\/wp-json\/wp\/v2\/types\/post"}],"author":[{"embeddable":true,"href":"https:\/\/agora.xtec.cat\/escmarquesdelapobla\/wp-json\/wp\/v2\/users\/1"}],"replies":[{"embeddable":true,"href":"https:\/\/agora.xtec.cat\/escmarquesdelapobla\/wp-json\/wp\/v2\/comments?post=1177"}],"version-history":[{"count":1,"href":"https:\/\/agora.xtec.cat\/escmarquesdelapobla\/wp-json\/wp\/v2\/posts\/1177\/revisions"}],"predecessor-version":[{"id":7817,"href":"https:\/\/agora.xtec.cat\/escmarquesdelapobla\/wp-json\/wp\/v2\/posts\/1177\/revisions\/7817"}],"wp:attachment":[{"href":"https:\/\/agora.xtec.cat\/escmarquesdelapobla\/wp-json\/wp\/v2\/media?parent=1177"}],"wp:term":[{"taxonomy":"category","embeddable":true,"href":"https:\/\/agora.xtec.cat\/escmarquesdelapobla\/wp-json\/wp\/v2\/categories?post=1177"},{"taxonomy":"post_tag","embeddable":true,"href":"https:\/\/agora.xtec.cat\/escmarquesdelapobla\/wp-json\/wp\/v2\/tags?post=1177"}],"curies":[{"name":"wp","href":"https:\/\/api.w.org\/{rel}","templated":true}]}}