{"id":11689,"date":"2022-04-08T15:41:17","date_gmt":"2022-04-08T13:41:17","guid":{"rendered":"https:\/\/agora.xtec.cat\/escmarquesdelapobla\/?p=11689"},"modified":"2022-04-08T15:41:17","modified_gmt":"2022-04-08T13:41:17","slug":"la-pasqua-a-3r","status":"publish","type":"post","link":"https:\/\/agora.xtec.cat\/escmarquesdelapobla\/general\/la-pasqua-a-3r\/","title":{"rendered":"La pasqua a 3r"},"content":{"rendered":"<p><b>La pasqua a 3r<\/b><\/p>\n<p>&nbsp;<\/p>\n<p><span style=\"font-weight: 400;\">Aquests dies celebrem l\u2019arribada de la primavera, hem fet diferents activitats, per exemple fem servir la pinya com a element decoratiu de la mona, la tradici\u00f3 m\u00e9s arrelada \u00e9s l\u2019ou de pasqua, el principal element decoratiu d\u2019aquesta i s\u00edmbol de la vida i la fertilitat.<\/span><\/p>\n<p><a href=\"https:\/\/photos.app.goo.gl\/aTChvJmt9xyjf6rg7\"><img loading=\"lazy\" decoding=\"async\" class=\"aligncenter  wp-image-11691\" src=\"https:\/\/agora.xtec.cat\/escmarquesdelapobla\/wp-content\/uploads\/usu1682\/2022\/04\/8e945ddb-05cb-40c0-924a-c11776207bc0-1024x760.jpg\" alt=\"\" width=\"586\" height=\"435\" srcset=\"https:\/\/agora.xtec.cat\/escmarquesdelapobla\/wp-content\/uploads\/usu1682\/2022\/04\/8e945ddb-05cb-40c0-924a-c11776207bc0-1024x760.jpg 1024w, https:\/\/agora.xtec.cat\/escmarquesdelapobla\/wp-content\/uploads\/usu1682\/2022\/04\/8e945ddb-05cb-40c0-924a-c11776207bc0-300x223.jpg 300w, https:\/\/agora.xtec.cat\/escmarquesdelapobla\/wp-content\/uploads\/usu1682\/2022\/04\/8e945ddb-05cb-40c0-924a-c11776207bc0-768x570.jpg 768w, https:\/\/agora.xtec.cat\/escmarquesdelapobla\/wp-content\/uploads\/usu1682\/2022\/04\/8e945ddb-05cb-40c0-924a-c11776207bc0-1536x1139.jpg 1536w, https:\/\/agora.xtec.cat\/escmarquesdelapobla\/wp-content\/uploads\/usu1682\/2022\/04\/8e945ddb-05cb-40c0-924a-c11776207bc0.jpg 1599w\" sizes=\"auto, (max-width: 586px) 100vw, 586px\" \/><\/a><\/p>\n<p><span style=\"font-weight: 400;\">Les paraules al carrer ens han acompanyat en aquest cam\u00ed recitant poesies!<\/span><\/p>\n<p>&nbsp;<\/p>\n<p><span style=\"font-weight: 400;\">Tamb\u00e9 aprofitem per fer les confer\u00e8ncies del nostre projecte!<\/span><\/p>\n<p><span style=\"font-weight: 400;\">Moltes gr\u00e0cies pel suport.<\/span><\/p>\n","protected":false},"excerpt":{"rendered":"<p>La pasqua a 3r &nbsp; Aquests dies celebrem l\u2019arribada de la primavera, hem fet diferents activitats, per exemple fem servir la pinya com a element decoratiu de la mona, la tradici\u00f3 m\u00e9s arrelada \u00e9s l\u2019ou de pasqua, el principal element decoratiu d\u2019aquesta i s\u00edmbol de la vida i la fertilitat. Les paraules al carrer ens [&hellip;]<\/p>\n","protected":false},"author":1,"featured_media":0,"comment_status":"open","ping_status":"closed","sticky":false,"template":"","format":"standard","meta":{"_bbp_topic_count":0,"_bbp_reply_count":0,"_bbp_total_topic_count":0,"_bbp_total_reply_count":0,"_bbp_voice_count":0,"_bbp_anonymous_reply_count":0,"_bbp_topic_count_hidden":0,"_bbp_reply_count_hidden":0,"_bbp_forum_subforum_count":0,"site-sidebar-layout":"default","site-content-layout":"","ast-site-content-layout":"","site-content-style":"default","site-sidebar-style":"default","ast-global-header-display":"","ast-banner-title-visibility":"","ast-main-header-display":"","ast-hfb-above-header-display":"","ast-hfb-below-header-display":"","ast-hfb-mobile-header-display":"","site-post-title":"","ast-breadcrumbs-content":"","ast-featured-img":"","footer-sml-layout":"","theme-transparent-header-meta":"","adv-header-id-meta":"","stick-header-meta":"","header-above-stick-meta":"","header-main-stick-meta":"","header-below-stick-meta":"","astra-migrate-meta-layouts":"default","ast-page-background-enabled":"default","ast-page-background-meta":{"desktop":{"background-color":"var(--ast-global-color-5)","background-image":"","background-repeat":"repeat","background-position":"center center","background-size":"auto","background-attachment":"scroll","background-type":"","background-media":"","overlay-type":"","overlay-color":"","overlay-opacity":"","overlay-gradient":""},"tablet":{"background-color":"","background-image":"","background-repeat":"repeat","background-position":"center center","background-size":"auto","background-attachment":"scroll","background-type":"","background-media":"","overlay-type":"","overlay-color":"","overlay-opacity":"","overlay-gradient":""},"mobile":{"background-color":"","background-image":"","background-repeat":"repeat","background-position":"center center","background-size":"auto","background-attachment":"scroll","background-type":"","background-media":"","overlay-type":"","overlay-color":"","overlay-opacity":"","overlay-gradient":""}},"ast-content-background-meta":{"desktop":{"background-color":"var(--ast-global-color-4)","background-image":"","background-repeat":"repeat","background-position":"center center","background-size":"auto","background-attachment":"scroll","background-type":"","background-media":"","overlay-type":"","overlay-color":"","overlay-opacity":"","overlay-gradient":""},"tablet":{"background-color":"var(--ast-global-color-4)","background-image":"","background-repeat":"repeat","background-position":"center center","background-size":"auto","background-attachment":"scroll","background-type":"","background-media":"","overlay-type":"","overlay-color":"","overlay-opacity":"","overlay-gradient":""},"mobile":{"background-color":"var(--ast-global-color-4)","background-image":"","background-repeat":"repeat","background-position":"center center","background-size":"auto","background-attachment":"scroll","background-type":"","background-media":"","overlay-type":"","overlay-color":"","overlay-opacity":"","overlay-gradient":""}},"footnotes":""},"categories":[1,140],"tags":[185,186],"class_list":["post-11689","post","type-post","status-publish","format-standard","hentry","category-general","category-p3","tag-p3a","tag-p3b"],"post_mailing_queue_ids":[],"_links":{"self":[{"href":"https:\/\/agora.xtec.cat\/escmarquesdelapobla\/wp-json\/wp\/v2\/posts\/11689","targetHints":{"allow":["GET"]}}],"collection":[{"href":"https:\/\/agora.xtec.cat\/escmarquesdelapobla\/wp-json\/wp\/v2\/posts"}],"about":[{"href":"https:\/\/agora.xtec.cat\/escmarquesdelapobla\/wp-json\/wp\/v2\/types\/post"}],"author":[{"embeddable":true,"href":"https:\/\/agora.xtec.cat\/escmarquesdelapobla\/wp-json\/wp\/v2\/users\/1"}],"replies":[{"embeddable":true,"href":"https:\/\/agora.xtec.cat\/escmarquesdelapobla\/wp-json\/wp\/v2\/comments?post=11689"}],"version-history":[{"count":1,"href":"https:\/\/agora.xtec.cat\/escmarquesdelapobla\/wp-json\/wp\/v2\/posts\/11689\/revisions"}],"predecessor-version":[{"id":11692,"href":"https:\/\/agora.xtec.cat\/escmarquesdelapobla\/wp-json\/wp\/v2\/posts\/11689\/revisions\/11692"}],"wp:attachment":[{"href":"https:\/\/agora.xtec.cat\/escmarquesdelapobla\/wp-json\/wp\/v2\/media?parent=11689"}],"wp:term":[{"taxonomy":"category","embeddable":true,"href":"https:\/\/agora.xtec.cat\/escmarquesdelapobla\/wp-json\/wp\/v2\/categories?post=11689"},{"taxonomy":"post_tag","embeddable":true,"href":"https:\/\/agora.xtec.cat\/escmarquesdelapobla\/wp-json\/wp\/v2\/tags?post=11689"}],"curies":[{"name":"wp","href":"https:\/\/api.w.org\/{rel}","templated":true}]}}