{"id":11671,"date":"2022-04-22T16:08:17","date_gmt":"2022-04-22T14:08:17","guid":{"rendered":"https:\/\/agora.xtec.cat\/escmarquesdelapobla\/?p=11671"},"modified":"2022-04-22T16:08:17","modified_gmt":"2022-04-22T14:08:17","slug":"on-va-aquesta-senyora","status":"publish","type":"post","link":"https:\/\/agora.xtec.cat\/escmarquesdelapobla\/infantil\/on-va-aquesta-senyora\/","title":{"rendered":"On va aquesta senyora?"},"content":{"rendered":"<p>Darrere la cinquena i \u00faltima cama que li vam treure a la vella Quaresma, una fotografia del Daniel Martin Carpio ens vam trobar. Qui deu ser la senyora gran?\ud83d\udcf8 \ud83d\udc75<\/p>\n<p><a href=\"https:\/\/agora.xtec.cat\/escmarquesdelapobla\/wp-content\/uploads\/usu1682\/2022\/04\/WhatsApp-Image-2022-04-07-at-3.25.41-PM.jpeg\"><img loading=\"lazy\" decoding=\"async\" class=\" wp-image-11703 aligncenter\" src=\"https:\/\/agora.xtec.cat\/escmarquesdelapobla\/wp-content\/uploads\/usu1682\/2022\/04\/WhatsApp-Image-2022-04-07-at-3.25.41-PM-1024x516.jpeg\" alt=\"\" width=\"302\" height=\"152\" srcset=\"https:\/\/agora.xtec.cat\/escmarquesdelapobla\/wp-content\/uploads\/usu1682\/2022\/04\/WhatsApp-Image-2022-04-07-at-3.25.41-PM-1024x516.jpeg 1024w, https:\/\/agora.xtec.cat\/escmarquesdelapobla\/wp-content\/uploads\/usu1682\/2022\/04\/WhatsApp-Image-2022-04-07-at-3.25.41-PM-300x151.jpeg 300w, https:\/\/agora.xtec.cat\/escmarquesdelapobla\/wp-content\/uploads\/usu1682\/2022\/04\/WhatsApp-Image-2022-04-07-at-3.25.41-PM-768x387.jpeg 768w, https:\/\/agora.xtec.cat\/escmarquesdelapobla\/wp-content\/uploads\/usu1682\/2022\/04\/WhatsApp-Image-2022-04-07-at-3.25.41-PM-1536x775.jpeg 1536w, https:\/\/agora.xtec.cat\/escmarquesdelapobla\/wp-content\/uploads\/usu1682\/2022\/04\/WhatsApp-Image-2022-04-07-at-3.25.41-PM.jpeg 1824w\" sizes=\"auto, (max-width: 302px) 100vw, 302px\" \/><\/a><\/p>\n<p><a href=\"https:\/\/agora.xtec.cat\/escmarquesdelapobla\/wp-content\/uploads\/usu1682\/2022\/04\/WhatsApp-Image-2022-04-08-at-4.46.09-PM.jpeg\"><img loading=\"lazy\" decoding=\"async\" class=\" wp-image-11751 aligncenter\" src=\"https:\/\/agora.xtec.cat\/escmarquesdelapobla\/wp-content\/uploads\/usu1682\/2022\/04\/WhatsApp-Image-2022-04-08-at-4.46.09-PM.jpeg\" alt=\"\" width=\"412\" height=\"354\" srcset=\"https:\/\/agora.xtec.cat\/escmarquesdelapobla\/wp-content\/uploads\/usu1682\/2022\/04\/WhatsApp-Image-2022-04-08-at-4.46.09-PM.jpeg 639w, https:\/\/agora.xtec.cat\/escmarquesdelapobla\/wp-content\/uploads\/usu1682\/2022\/04\/WhatsApp-Image-2022-04-08-at-4.46.09-PM-300x257.jpeg 300w\" sizes=\"auto, (max-width: 412px) 100vw, 412px\" \/><\/a><\/p>\n<p>&nbsp;<\/p>\n<p>La pregunta formulada aquesta setmana ha estat\u00a0<em>On va aquesta senyora?<\/em><\/p>\n<p><!--more--><\/p>\n<p>Els infants de I3 van dir:<\/p>\n<p>&#8211; Va al bosc a buscar menjar. &#8211; Si!!!, buscar menjar pels ocellets!<\/p>\n<p>&#8211; Ha de vigilar perqu\u00e8&#8230; no vingui el llop dolent i no se la mengi!!! &#8211; Clar perqu\u00e8 el llop sempre t\u00e9 molta gana.<\/p>\n<p>&#8211; Porta pals perqu\u00e8 vol fer foc a la seva casa. &#8211; Vol fer foc perqu\u00e8 t\u00e9 fred i feina.<\/p>\n<p>&#8211; Viu amb una avi molt guapo que li agrada el foc. &#8211; Clar, li agrada el foc perqu\u00e8 sempre li fa patates i l&#8217;avi se les menja totes!!!<\/p>\n<p>&nbsp;<\/p>\n<p>Els nens i les nenes de I4 van opinar que:<\/p>\n<p>&#8211; Ve del bosc, &#8211; i va cap a casa seva, amb els pals encendra el foc i far\u00e0 una barbacoa i far\u00e0 pollastre, botifarra&#8230;<\/p>\n<p>&#8211; Est\u00e0 recollint plantes per plantar.<\/p>\n<p>&#8211; Va a Fran\u00e7a. &#8211; A Australia. &#8211; Al Castell de la Pobla. &#8211; A Ucra\u00efna. &#8211; A R\u00fassia. &#8211; A Igualada. &#8211; A fer una casa.<\/p>\n<p>&#8211; Va a l&#8217;hort a posar els pals a les tomaqueres.<\/p>\n<p>&nbsp;<\/p>\n<p>Els alumnes de I5 van comentar que:<\/p>\n<p>&#8211; Potser ha anat a buscar pals a la muntanya per fer-se una caseta de fusta, perqu\u00e8 t\u00e9 gos i llavors ha anat a buscar pals per fer una caseta de fusta al gos.<\/p>\n<p>&#8211; Va a buscar pals per fer foguera per estar calentona.<\/p>\n","protected":false},"excerpt":{"rendered":"<p>Darrere la cinquena i \u00faltima cama que li vam treure a la vella Quaresma, una fotografia del Daniel Martin Carpio ens vam trobar. Qui deu ser la senyora gran?\ud83d\udcf8 \ud83d\udc75 &nbsp; La pregunta formulada aquesta setmana ha estat\u00a0On va aquesta senyora?<\/p>\n","protected":false},"author":1,"featured_media":0,"comment_status":"open","ping_status":"closed","sticky":false,"template":"","format":"standard","meta":{"_bbp_topic_count":0,"_bbp_reply_count":0,"_bbp_total_topic_count":0,"_bbp_total_reply_count":0,"_bbp_voice_count":0,"_bbp_anonymous_reply_count":0,"_bbp_topic_count_hidden":0,"_bbp_reply_count_hidden":0,"_bbp_forum_subforum_count":0,"site-sidebar-layout":"default","site-content-layout":"","ast-site-content-layout":"","site-content-style":"default","site-sidebar-style":"default","ast-global-header-display":"","ast-banner-title-visibility":"","ast-main-header-display":"","ast-hfb-above-header-display":"","ast-hfb-below-header-display":"","ast-hfb-mobile-header-display":"","site-post-title":"","ast-breadcrumbs-content":"","ast-featured-img":"","footer-sml-layout":"","theme-transparent-header-meta":"","adv-header-id-meta":"","stick-header-meta":"","header-above-stick-meta":"","header-main-stick-meta":"","header-below-stick-meta":"","astra-migrate-meta-layouts":"default","ast-page-background-enabled":"default","ast-page-background-meta":{"desktop":{"background-color":"var(--ast-global-color-5)","background-image":"","background-repeat":"repeat","background-position":"center center","background-size":"auto","background-attachment":"scroll","background-type":"","background-media":"","overlay-type":"","overlay-color":"","overlay-opacity":"","overlay-gradient":""},"tablet":{"background-color":"","background-image":"","background-repeat":"repeat","background-position":"center center","background-size":"auto","background-attachment":"scroll","background-type":"","background-media":"","overlay-type":"","overlay-color":"","overlay-opacity":"","overlay-gradient":""},"mobile":{"background-color":"","background-image":"","background-repeat":"repeat","background-position":"center center","background-size":"auto","background-attachment":"scroll","background-type":"","background-media":"","overlay-type":"","overlay-color":"","overlay-opacity":"","overlay-gradient":""}},"ast-content-background-meta":{"desktop":{"background-color":"var(--ast-global-color-4)","background-image":"","background-repeat":"repeat","background-position":"center center","background-size":"auto","background-attachment":"scroll","background-type":"","background-media":"","overlay-type":"","overlay-color":"","overlay-opacity":"","overlay-gradient":""},"tablet":{"background-color":"var(--ast-global-color-4)","background-image":"","background-repeat":"repeat","background-position":"center center","background-size":"auto","background-attachment":"scroll","background-type":"","background-media":"","overlay-type":"","overlay-color":"","overlay-opacity":"","overlay-gradient":""},"mobile":{"background-color":"var(--ast-global-color-4)","background-image":"","background-repeat":"repeat","background-position":"center center","background-size":"auto","background-attachment":"scroll","background-type":"","background-media":"","overlay-type":"","overlay-color":"","overlay-opacity":"","overlay-gradient":""}},"footnotes":""},"categories":[3,8,9,2],"tags":[192,193,194,195,197,198],"class_list":["post-11671","post","type-post","status-publish","format-standard","hentry","category-i3","category-i4","category-i5","category-infantil","tag-p3-a","tag-i3-b","tag-i4-a","tag-i4-b","tag-i5-a","tag-i5-b"],"post_mailing_queue_ids":[],"_links":{"self":[{"href":"https:\/\/agora.xtec.cat\/escmarquesdelapobla\/wp-json\/wp\/v2\/posts\/11671","targetHints":{"allow":["GET"]}}],"collection":[{"href":"https:\/\/agora.xtec.cat\/escmarquesdelapobla\/wp-json\/wp\/v2\/posts"}],"about":[{"href":"https:\/\/agora.xtec.cat\/escmarquesdelapobla\/wp-json\/wp\/v2\/types\/post"}],"author":[{"embeddable":true,"href":"https:\/\/agora.xtec.cat\/escmarquesdelapobla\/wp-json\/wp\/v2\/users\/1"}],"replies":[{"embeddable":true,"href":"https:\/\/agora.xtec.cat\/escmarquesdelapobla\/wp-json\/wp\/v2\/comments?post=11671"}],"version-history":[{"count":3,"href":"https:\/\/agora.xtec.cat\/escmarquesdelapobla\/wp-json\/wp\/v2\/posts\/11671\/revisions"}],"predecessor-version":[{"id":11752,"href":"https:\/\/agora.xtec.cat\/escmarquesdelapobla\/wp-json\/wp\/v2\/posts\/11671\/revisions\/11752"}],"wp:attachment":[{"href":"https:\/\/agora.xtec.cat\/escmarquesdelapobla\/wp-json\/wp\/v2\/media?parent=11671"}],"wp:term":[{"taxonomy":"category","embeddable":true,"href":"https:\/\/agora.xtec.cat\/escmarquesdelapobla\/wp-json\/wp\/v2\/categories?post=11671"},{"taxonomy":"post_tag","embeddable":true,"href":"https:\/\/agora.xtec.cat\/escmarquesdelapobla\/wp-json\/wp\/v2\/tags?post=11671"}],"curies":[{"name":"wp","href":"https:\/\/api.w.org\/{rel}","templated":true}]}}