{"id":11655,"date":"2022-04-06T19:02:31","date_gmt":"2022-04-06T17:02:31","guid":{"rendered":"https:\/\/agora.xtec.cat\/escmarquesdelapobla\/?p=11655"},"modified":"2022-04-06T19:08:17","modified_gmt":"2022-04-06T17:08:17","slug":"entrevistem-a-en-joan-valenti-a-ci","status":"publish","type":"post","link":"https:\/\/agora.xtec.cat\/escmarquesdelapobla\/inicial\/entrevistem-a-en-joan-valenti-a-ci\/","title":{"rendered":"Entrevistem a en Joan Valent\u00ed a CI"},"content":{"rendered":"<p>Aquesta setmana la dediquem a fer activitats relacionades amb la cultura, ja que \u00e9s la Setmana Cultural a l&#8217;escola i hem tingut la sort que ens ha visitat l&#8217;actor Joan Valent\u00ed, que molts infants el coneixen com a en Pau del Super3. Ens ha fet riure molt\u00edssim amb el seu talent per l&#8217;espectacle i per l&#8217;actuaci\u00f3.<\/p>\n<p><a href=\"https:\/\/photos.app.goo.gl\/FfrMfvG28hputtGp8\"><img loading=\"lazy\" decoding=\"async\" class=\"aligncenter size-large\" src=\"https:\/\/lh3.googleusercontent.com\/UZNzUOjsDz3s0YMsAZyrArGgTFTvSZRRebi9B9QPebK6fVVRtaDYo3bNPsJdtVZpPXg0pzASpXy4NfNpnRydkJMnEvIW-nriaod3I6EFNbzzcV1uIsphxQDdDct8qnBiPvidfZVbkFYqHcf-i3TlXeX0x8R7XoUU7DwN7xfw3fLpU4KcypJThEE4cZSrOA6rwm044yikHynKWKH4XsSSz5XA_jwaieTTAjibMC3Aa2i4JjFrUwVEKPP9LXyK89KF_8hEBg-ulZrLPPBr_4IdMQTrLUvOxXxw6JkIFUV6_6uLs5i7vgLYfR7PLWVNeGNmKRt7jZvz5UqbnDrkapgpnEcX18kDBkpXhkvR5UxZaRTyoN3VFDlqkrRkGT4cdBkvdIW6ZooKuoRBfK_Da8dcmH7dbKTY7m6rgdMU0N0s2xY4arjZuqBONyCzGAZ6vdtF8DdKY6WCcqp5DbmgxUNDh4ZzpDGzy_F-QoW1_jd2GBNqcC0q-Ayc1IjtijBgokyaWoXM5yh1ewousoz8KnA__RxtMMV27B4MmgUaV1I1MTnato92enWhWzAPWd3KPodBHWntQld8i1KyIlrolH0fDAB99d7vfYWl1mwVTLnw-LNgEOJOeL-jwU8WM9VJANVvvcuzG4032SC4lFX2OcjvvgCjsnK78tTEyibfcBqFytaMKmkiHZ65b3XsyA3GaVqbM7Y0DTn-l1TppS_4UmTERYS3rBdbfig-yNffz7a9cicXDoO0iHtXDogIpIFUqyUxv_5zvu7iVtRderH2KN-oETHUJzKHSp5zJ2RcO6jBC8liMHalIMl5oNgXeO0gTMV9NyFitcP2piLNC2HSg592fVWxIvLTYzA7tnCEinKRVWZAFFrTZCHXBciGGJE_wYrWHClSmR7Qww=w1530-h862-no?authuser=4\" width=\"1530\" height=\"861\" \/><\/a><\/p>\n<p>A les classes, pr\u00e8viament vam estar informant-nos sobre ell, i a partir d&#8217;aqu\u00ed vam estar pensant algunes preguntes que ens agradaria fer-li i de la forma m\u00e9s alegre i divertida ens les ha anat contestant. Ha sigut una entrevista d&#8217;all\u00f2 m\u00e9s original!<\/p>\n","protected":false},"excerpt":{"rendered":"<p>Aquesta setmana la dediquem a fer activitats relacionades amb la cultura, ja que \u00e9s la Setmana Cultural a l&#8217;escola i hem tingut la sort que ens ha visitat l&#8217;actor Joan Valent\u00ed, que molts infants el coneixen com a en Pau del Super3. Ens ha fet riure molt\u00edssim amb el seu talent per l&#8217;espectacle i per [&hellip;]<\/p>\n","protected":false},"author":45,"featured_media":0,"comment_status":"open","ping_status":"closed","sticky":false,"template":"","format":"standard","meta":{"_bbp_topic_count":0,"_bbp_reply_count":0,"_bbp_total_topic_count":0,"_bbp_total_reply_count":0,"_bbp_voice_count":0,"_bbp_anonymous_reply_count":0,"_bbp_topic_count_hidden":0,"_bbp_reply_count_hidden":0,"_bbp_forum_subforum_count":0,"site-sidebar-layout":"default","site-content-layout":"","ast-site-content-layout":"","site-content-style":"default","site-sidebar-style":"default","ast-global-header-display":"","ast-banner-title-visibility":"","ast-main-header-display":"","ast-hfb-above-header-display":"","ast-hfb-below-header-display":"","ast-hfb-mobile-header-display":"","site-post-title":"","ast-breadcrumbs-content":"","ast-featured-img":"","footer-sml-layout":"","theme-transparent-header-meta":"","adv-header-id-meta":"","stick-header-meta":"","header-above-stick-meta":"","header-main-stick-meta":"","header-below-stick-meta":"","astra-migrate-meta-layouts":"default","ast-page-background-enabled":"default","ast-page-background-meta":{"desktop":{"background-color":"var(--ast-global-color-5)","background-image":"","background-repeat":"repeat","background-position":"center center","background-size":"auto","background-attachment":"scroll","background-type":"","background-media":"","overlay-type":"","overlay-color":"","overlay-opacity":"","overlay-gradient":""},"tablet":{"background-color":"","background-image":"","background-repeat":"repeat","background-position":"center center","background-size":"auto","background-attachment":"scroll","background-type":"","background-media":"","overlay-type":"","overlay-color":"","overlay-opacity":"","overlay-gradient":""},"mobile":{"background-color":"","background-image":"","background-repeat":"repeat","background-position":"center center","background-size":"auto","background-attachment":"scroll","background-type":"","background-media":"","overlay-type":"","overlay-color":"","overlay-opacity":"","overlay-gradient":""}},"ast-content-background-meta":{"desktop":{"background-color":"var(--ast-global-color-4)","background-image":"","background-repeat":"repeat","background-position":"center center","background-size":"auto","background-attachment":"scroll","background-type":"","background-media":"","overlay-type":"","overlay-color":"","overlay-opacity":"","overlay-gradient":""},"tablet":{"background-color":"var(--ast-global-color-4)","background-image":"","background-repeat":"repeat","background-position":"center center","background-size":"auto","background-attachment":"scroll","background-type":"","background-media":"","overlay-type":"","overlay-color":"","overlay-opacity":"","overlay-gradient":""},"mobile":{"background-color":"var(--ast-global-color-4)","background-image":"","background-repeat":"repeat","background-position":"center center","background-size":"auto","background-attachment":"scroll","background-type":"","background-media":"","overlay-type":"","overlay-color":"","overlay-opacity":"","overlay-gradient":""}},"footnotes":""},"categories":[64,141,142],"tags":[181,182,183,184],"class_list":["post-11655","post","type-post","status-publish","format-standard","hentry","category-inicial","category-p1","category-p2","tag-p1a","tag-p1b","tag-p2a","tag-p2b"],"post_mailing_queue_ids":[],"_links":{"self":[{"href":"https:\/\/agora.xtec.cat\/escmarquesdelapobla\/wp-json\/wp\/v2\/posts\/11655","targetHints":{"allow":["GET"]}}],"collection":[{"href":"https:\/\/agora.xtec.cat\/escmarquesdelapobla\/wp-json\/wp\/v2\/posts"}],"about":[{"href":"https:\/\/agora.xtec.cat\/escmarquesdelapobla\/wp-json\/wp\/v2\/types\/post"}],"author":[{"embeddable":true,"href":"https:\/\/agora.xtec.cat\/escmarquesdelapobla\/wp-json\/wp\/v2\/users\/45"}],"replies":[{"embeddable":true,"href":"https:\/\/agora.xtec.cat\/escmarquesdelapobla\/wp-json\/wp\/v2\/comments?post=11655"}],"version-history":[{"count":2,"href":"https:\/\/agora.xtec.cat\/escmarquesdelapobla\/wp-json\/wp\/v2\/posts\/11655\/revisions"}],"predecessor-version":[{"id":11657,"href":"https:\/\/agora.xtec.cat\/escmarquesdelapobla\/wp-json\/wp\/v2\/posts\/11655\/revisions\/11657"}],"wp:attachment":[{"href":"https:\/\/agora.xtec.cat\/escmarquesdelapobla\/wp-json\/wp\/v2\/media?parent=11655"}],"wp:term":[{"taxonomy":"category","embeddable":true,"href":"https:\/\/agora.xtec.cat\/escmarquesdelapobla\/wp-json\/wp\/v2\/categories?post=11655"},{"taxonomy":"post_tag","embeddable":true,"href":"https:\/\/agora.xtec.cat\/escmarquesdelapobla\/wp-json\/wp\/v2\/tags?post=11655"}],"curies":[{"name":"wp","href":"https:\/\/api.w.org\/{rel}","templated":true}]}}