{"id":11648,"date":"2022-04-05T15:00:11","date_gmt":"2022-04-05T13:00:11","guid":{"rendered":"https:\/\/agora.xtec.cat\/escmarquesdelapobla\/?p=11648"},"modified":"2022-04-07T22:41:30","modified_gmt":"2022-04-07T20:41:30","slug":"comenca-la-setmana-cultural","status":"publish","type":"post","link":"https:\/\/agora.xtec.cat\/escmarquesdelapobla\/superior\/comenca-la-setmana-cultural\/","title":{"rendered":"Comen\u00e7a la Setmana Cultural!"},"content":{"rendered":"<p>Aquesta setmana ha comen\u00e7at la Setmana Cultural a l&#8217;escola. Cada dia farem diferents activitats relacionades amb l&#8217;art, l&#8217;esport&#8230; Avui durant el mat\u00ed els nens i les nenes de cicle superior hem anat a llocs culturals del poble a fer dibuix al natural. Cada nen i nena ha pogut triar un lloc per poder fer el dibuix: la Casa Bas, la fa\u00e7ana del teatre de La Lliga o el drac de Capellades. De tots els dibuixos n&#8217;han sortit tres guanyadors.<\/p>\n<p>M\u00e9s tard, ens hem trobat tots i totes a Font Cuitora. Hem esmorzat i jugant tot gaudint de l&#8217;entorn. Al final, hem anunciat els guanyadors i cada guanyador\/a ha obtingut ous de Pasqua. Enhorabona al Joan de 5\u00e8 C, a la Paula de 6\u00e8 A i al Salvador de 5\u00e8 B. Tots els dibuixos resultants estaven molt ben fets!<\/p>\n<p>Us deixem algunes imatges del dia d&#8217;avui.\ud83d\udcf7\ud83d\ude09<\/p>\n<p><a href=\"https:\/\/photos.app.goo.gl\/7XBFg4GKVGjoVpTJ9\"><img loading=\"lazy\" decoding=\"async\" class=\"alignnone size-large\" src=\"https:\/\/lh3.googleusercontent.com\/pw\/AM-JKLXrsBjSuHHfGbrUdMaCaIBPepRJ9XdZtRkb6BHmEtNzzp8t6g9-tivM374u6q9vo1u27qUNC9phxF42QT0_a1m0T5mMTZYnhVHv3Asl3NI9ddPe6zbsZXgSha8FOE5-DejEB5X2YB9vqEjaxnC-tAhQ=w1024-h576-no?authuser=0\" width=\"1024\" height=\"576\" \/><\/a><\/p>\n","protected":false},"excerpt":{"rendered":"<p>Aquesta setmana ha comen\u00e7at la Setmana Cultural a l&#8217;escola. Cada dia farem diferents activitats relacionades amb l&#8217;art, l&#8217;esport&#8230; Avui durant el mat\u00ed els nens i les nenes de cicle superior hem anat a llocs culturals del poble a fer dibuix al natural. Cada nen i nena ha pogut triar un lloc per poder fer el [&hellip;]<\/p>\n","protected":false},"author":2,"featured_media":0,"comment_status":"open","ping_status":"closed","sticky":false,"template":"","format":"standard","meta":{"_bbp_topic_count":0,"_bbp_reply_count":0,"_bbp_total_topic_count":0,"_bbp_total_reply_count":0,"_bbp_voice_count":0,"_bbp_anonymous_reply_count":0,"_bbp_topic_count_hidden":0,"_bbp_reply_count_hidden":0,"_bbp_forum_subforum_count":0,"site-sidebar-layout":"default","site-content-layout":"","ast-site-content-layout":"","site-content-style":"default","site-sidebar-style":"default","ast-global-header-display":"","ast-banner-title-visibility":"","ast-main-header-display":"","ast-hfb-above-header-display":"","ast-hfb-below-header-display":"","ast-hfb-mobile-header-display":"","site-post-title":"","ast-breadcrumbs-content":"","ast-featured-img":"","footer-sml-layout":"","theme-transparent-header-meta":"","adv-header-id-meta":"","stick-header-meta":"","header-above-stick-meta":"","header-main-stick-meta":"","header-below-stick-meta":"","astra-migrate-meta-layouts":"default","ast-page-background-enabled":"default","ast-page-background-meta":{"desktop":{"background-color":"var(--ast-global-color-5)","background-image":"","background-repeat":"repeat","background-position":"center center","background-size":"auto","background-attachment":"scroll","background-type":"","background-media":"","overlay-type":"","overlay-color":"","overlay-opacity":"","overlay-gradient":""},"tablet":{"background-color":"","background-image":"","background-repeat":"repeat","background-position":"center center","background-size":"auto","background-attachment":"scroll","background-type":"","background-media":"","overlay-type":"","overlay-color":"","overlay-opacity":"","overlay-gradient":""},"mobile":{"background-color":"","background-image":"","background-repeat":"repeat","background-position":"center center","background-size":"auto","background-attachment":"scroll","background-type":"","background-media":"","overlay-type":"","overlay-color":"","overlay-opacity":"","overlay-gradient":""}},"ast-content-background-meta":{"desktop":{"background-color":"var(--ast-global-color-4)","background-image":"","background-repeat":"repeat","background-position":"center center","background-size":"auto","background-attachment":"scroll","background-type":"","background-media":"","overlay-type":"","overlay-color":"","overlay-opacity":"","overlay-gradient":""},"tablet":{"background-color":"var(--ast-global-color-4)","background-image":"","background-repeat":"repeat","background-position":"center center","background-size":"auto","background-attachment":"scroll","background-type":"","background-media":"","overlay-type":"","overlay-color":"","overlay-opacity":"","overlay-gradient":""},"mobile":{"background-color":"var(--ast-global-color-4)","background-image":"","background-repeat":"repeat","background-position":"center center","background-size":"auto","background-attachment":"scroll","background-type":"","background-media":"","overlay-type":"","overlay-color":"","overlay-opacity":"","overlay-gradient":""}},"footnotes":""},"categories":[5,14,133,82],"tags":[242,190,191,211,212,262],"class_list":["post-11648","post","type-post","status-publish","format-standard","hentry","category-superior","category-p5","category-p6","category-cultural","tag-5e-c","tag-p5a","tag-p5b","tag-p6a","tag-p6b","tag-p6c"],"post_mailing_queue_ids":[],"_links":{"self":[{"href":"https:\/\/agora.xtec.cat\/escmarquesdelapobla\/wp-json\/wp\/v2\/posts\/11648","targetHints":{"allow":["GET"]}}],"collection":[{"href":"https:\/\/agora.xtec.cat\/escmarquesdelapobla\/wp-json\/wp\/v2\/posts"}],"about":[{"href":"https:\/\/agora.xtec.cat\/escmarquesdelapobla\/wp-json\/wp\/v2\/types\/post"}],"author":[{"embeddable":true,"href":"https:\/\/agora.xtec.cat\/escmarquesdelapobla\/wp-json\/wp\/v2\/users\/2"}],"replies":[{"embeddable":true,"href":"https:\/\/agora.xtec.cat\/escmarquesdelapobla\/wp-json\/wp\/v2\/comments?post=11648"}],"version-history":[{"count":3,"href":"https:\/\/agora.xtec.cat\/escmarquesdelapobla\/wp-json\/wp\/v2\/posts\/11648\/revisions"}],"predecessor-version":[{"id":11653,"href":"https:\/\/agora.xtec.cat\/escmarquesdelapobla\/wp-json\/wp\/v2\/posts\/11648\/revisions\/11653"}],"wp:attachment":[{"href":"https:\/\/agora.xtec.cat\/escmarquesdelapobla\/wp-json\/wp\/v2\/media?parent=11648"}],"wp:term":[{"taxonomy":"category","embeddable":true,"href":"https:\/\/agora.xtec.cat\/escmarquesdelapobla\/wp-json\/wp\/v2\/categories?post=11648"},{"taxonomy":"post_tag","embeddable":true,"href":"https:\/\/agora.xtec.cat\/escmarquesdelapobla\/wp-json\/wp\/v2\/tags?post=11648"}],"curies":[{"name":"wp","href":"https:\/\/api.w.org\/{rel}","templated":true}]}}