{"id":11607,"date":"2022-03-31T11:26:37","date_gmt":"2022-03-31T09:26:37","guid":{"rendered":"https:\/\/agora.xtec.cat\/escmarquesdelapobla\/?p=11607"},"modified":"2022-03-31T11:26:37","modified_gmt":"2022-03-31T09:26:37","slug":"com-es-aquesta-nena-gran-o-petita","status":"publish","type":"post","link":"https:\/\/agora.xtec.cat\/escmarquesdelapobla\/infantil\/com-es-aquesta-nena-gran-o-petita\/","title":{"rendered":"Com \u00e9s aquesta nena? Gran o petita?"},"content":{"rendered":"<p>Darrera la tercera cama de la vella Quaresma ens hem trobat una fotografia on apareix una obra d&#8217;art ubicada a Pol\u00f2nia de l&#8217;artista Natalia Rak, pintora i il\u00b7lustradora.\ud83d\uddbc \ud83d\udd8c<\/p>\n<p><a href=\"https:\/\/agora.xtec.cat\/escmarquesdelapobla\/wp-content\/uploads\/usu1682\/2022\/03\/WhatsApp-Image-2022-03-28-at-9.29.54-AM.jpeg\"><img loading=\"lazy\" decoding=\"async\" class=\" wp-image-11619 aligncenter\" src=\"https:\/\/agora.xtec.cat\/escmarquesdelapobla\/wp-content\/uploads\/usu1682\/2022\/03\/WhatsApp-Image-2022-03-28-at-9.29.54-AM-1024x365.jpeg\" alt=\"\" width=\"426\" height=\"152\" srcset=\"https:\/\/agora.xtec.cat\/escmarquesdelapobla\/wp-content\/uploads\/usu1682\/2022\/03\/WhatsApp-Image-2022-03-28-at-9.29.54-AM-1024x365.jpeg 1024w, https:\/\/agora.xtec.cat\/escmarquesdelapobla\/wp-content\/uploads\/usu1682\/2022\/03\/WhatsApp-Image-2022-03-28-at-9.29.54-AM-300x107.jpeg 300w, https:\/\/agora.xtec.cat\/escmarquesdelapobla\/wp-content\/uploads\/usu1682\/2022\/03\/WhatsApp-Image-2022-03-28-at-9.29.54-AM-768x274.jpeg 768w, https:\/\/agora.xtec.cat\/escmarquesdelapobla\/wp-content\/uploads\/usu1682\/2022\/03\/WhatsApp-Image-2022-03-28-at-9.29.54-AM-1536x548.jpeg 1536w, https:\/\/agora.xtec.cat\/escmarquesdelapobla\/wp-content\/uploads\/usu1682\/2022\/03\/WhatsApp-Image-2022-03-28-at-9.29.54-AM.jpeg 1770w\" sizes=\"auto, (max-width: 426px) 100vw, 426px\" \/><\/a><\/p>\n<p><em><a href=\"https:\/\/agora.xtec.cat\/escmarquesdelapobla\/wp-content\/uploads\/usu1682\/2022\/03\/streetartnews_natalia_rak_poland-6.jpg\"><img loading=\"lazy\" decoding=\"async\" class=\"size-full wp-image-11618 aligncenter\" src=\"https:\/\/agora.xtec.cat\/escmarquesdelapobla\/wp-content\/uploads\/usu1682\/2022\/03\/streetartnews_natalia_rak_poland-6.jpg\" alt=\"\" width=\"640\" height=\"427\" srcset=\"https:\/\/agora.xtec.cat\/escmarquesdelapobla\/wp-content\/uploads\/usu1682\/2022\/03\/streetartnews_natalia_rak_poland-6.jpg 640w, https:\/\/agora.xtec.cat\/escmarquesdelapobla\/wp-content\/uploads\/usu1682\/2022\/03\/streetartnews_natalia_rak_poland-6-300x200.jpg 300w\" sizes=\"auto, (max-width: 640px) 100vw, 640px\" \/><\/a> <\/em><\/p>\n<p><em>Hem iniciat la conversa amb la pregunta\u00a0Com\u00e9s aquesta nena? Gran o petita?<\/em><\/p>\n<p><!--more--><\/p>\n<p>Les aportacions de I3 han estat:<\/p>\n<p>&#8211; <em>\u00e9s una nena gran que est\u00e0 volant,<\/em><\/p>\n<p>&#8211; <em>\u00e9s una geganta!!! i est\u00e0 regant aquest arbre!, clar perqu\u00e8 fa dies que no fa!,<\/em><\/p>\n<p>&#8211; <em>est\u00e0 pintada a un edifici de tres pisos,<\/em><\/p>\n<p>&#8211; <em>no hi cap en cap cotxe perqu\u00e8 \u00e9s supergran! ni tampoc en cap casa! sii, pot entrar per la xemeneia!<\/em><\/p>\n<p>&nbsp;<\/p>\n<p>Les nenes i els nens de I4 han dit:<\/p>\n<p>&#8211;\u00a0<em>Jo la veig gran!, \u00e9s molt gran!,<\/em><\/p>\n<p>&#8211;\u00a0 <em>com est\u00e0 pintat en una casa dic que \u00e9s molt gran,<\/em><\/p>\n<p>&#8211; <em>\u00e9s una nena gran, potser \u00e9s un gegant, rega una olivera que \u00e9s petita amb una regadora,<\/em><\/p>\n<p>&#8211; <em>l&#8217;han pintat amb pintura, \u00e9s d&#8217;un conte; a Capellades no \u00e9s, est\u00e0 en una ciutat molt lluny.<\/em><\/p>\n<p>&nbsp;<\/p>\n<p>Els infants de I5 han opinat que:<\/p>\n<p>&#8211; <em>\u00e9s gran i t\u00e9 una regadora, i rega l&#8217;arbre perqu\u00e8 es pensa que \u00e9s una flor,<\/em><\/p>\n<p>&#8211; <em>jo penso que \u00e9s mitjana perqu\u00e8 \u00e9s com nosaltres, t\u00e9 5 o 6 anys,<\/em><\/p>\n<p>&#8211; <em>una nena mitjana, t\u00e9 12 anys<\/em>,<\/p>\n<p>&#8211; <em>nosaltres la veiem gran per\u00f2 en veritat \u00e9s petita.<\/em><\/p>\n","protected":false},"excerpt":{"rendered":"<p>Darrera la tercera cama de la vella Quaresma ens hem trobat una fotografia on apareix una obra d&#8217;art ubicada a Pol\u00f2nia de l&#8217;artista Natalia Rak, pintora i il\u00b7lustradora.\ud83d\uddbc \ud83d\udd8c Hem iniciat la conversa amb la pregunta\u00a0Com\u00e9s aquesta nena? Gran o petita?<\/p>\n","protected":false},"author":1,"featured_media":0,"comment_status":"open","ping_status":"closed","sticky":false,"template":"","format":"standard","meta":{"_bbp_topic_count":0,"_bbp_reply_count":0,"_bbp_total_topic_count":0,"_bbp_total_reply_count":0,"_bbp_voice_count":0,"_bbp_anonymous_reply_count":0,"_bbp_topic_count_hidden":0,"_bbp_reply_count_hidden":0,"_bbp_forum_subforum_count":0,"site-sidebar-layout":"default","site-content-layout":"","ast-site-content-layout":"","site-content-style":"default","site-sidebar-style":"default","ast-global-header-display":"","ast-banner-title-visibility":"","ast-main-header-display":"","ast-hfb-above-header-display":"","ast-hfb-below-header-display":"","ast-hfb-mobile-header-display":"","site-post-title":"","ast-breadcrumbs-content":"","ast-featured-img":"","footer-sml-layout":"","theme-transparent-header-meta":"","adv-header-id-meta":"","stick-header-meta":"","header-above-stick-meta":"","header-main-stick-meta":"","header-below-stick-meta":"","astra-migrate-meta-layouts":"default","ast-page-background-enabled":"default","ast-page-background-meta":{"desktop":{"background-color":"var(--ast-global-color-5)","background-image":"","background-repeat":"repeat","background-position":"center center","background-size":"auto","background-attachment":"scroll","background-type":"","background-media":"","overlay-type":"","overlay-color":"","overlay-opacity":"","overlay-gradient":""},"tablet":{"background-color":"","background-image":"","background-repeat":"repeat","background-position":"center center","background-size":"auto","background-attachment":"scroll","background-type":"","background-media":"","overlay-type":"","overlay-color":"","overlay-opacity":"","overlay-gradient":""},"mobile":{"background-color":"","background-image":"","background-repeat":"repeat","background-position":"center center","background-size":"auto","background-attachment":"scroll","background-type":"","background-media":"","overlay-type":"","overlay-color":"","overlay-opacity":"","overlay-gradient":""}},"ast-content-background-meta":{"desktop":{"background-color":"var(--ast-global-color-4)","background-image":"","background-repeat":"repeat","background-position":"center center","background-size":"auto","background-attachment":"scroll","background-type":"","background-media":"","overlay-type":"","overlay-color":"","overlay-opacity":"","overlay-gradient":""},"tablet":{"background-color":"var(--ast-global-color-4)","background-image":"","background-repeat":"repeat","background-position":"center center","background-size":"auto","background-attachment":"scroll","background-type":"","background-media":"","overlay-type":"","overlay-color":"","overlay-opacity":"","overlay-gradient":""},"mobile":{"background-color":"var(--ast-global-color-4)","background-image":"","background-repeat":"repeat","background-position":"center center","background-size":"auto","background-attachment":"scroll","background-type":"","background-media":"","overlay-type":"","overlay-color":"","overlay-opacity":"","overlay-gradient":""}},"footnotes":""},"categories":[3,8,9,2],"tags":[192,193,194,195,197,198],"class_list":["post-11607","post","type-post","status-publish","format-standard","hentry","category-i3","category-i4","category-i5","category-infantil","tag-p3-a","tag-i3-b","tag-i4-a","tag-i4-b","tag-i5-a","tag-i5-b"],"post_mailing_queue_ids":[],"_links":{"self":[{"href":"https:\/\/agora.xtec.cat\/escmarquesdelapobla\/wp-json\/wp\/v2\/posts\/11607","targetHints":{"allow":["GET"]}}],"collection":[{"href":"https:\/\/agora.xtec.cat\/escmarquesdelapobla\/wp-json\/wp\/v2\/posts"}],"about":[{"href":"https:\/\/agora.xtec.cat\/escmarquesdelapobla\/wp-json\/wp\/v2\/types\/post"}],"author":[{"embeddable":true,"href":"https:\/\/agora.xtec.cat\/escmarquesdelapobla\/wp-json\/wp\/v2\/users\/1"}],"replies":[{"embeddable":true,"href":"https:\/\/agora.xtec.cat\/escmarquesdelapobla\/wp-json\/wp\/v2\/comments?post=11607"}],"version-history":[{"count":3,"href":"https:\/\/agora.xtec.cat\/escmarquesdelapobla\/wp-json\/wp\/v2\/posts\/11607\/revisions"}],"predecessor-version":[{"id":11629,"href":"https:\/\/agora.xtec.cat\/escmarquesdelapobla\/wp-json\/wp\/v2\/posts\/11607\/revisions\/11629"}],"wp:attachment":[{"href":"https:\/\/agora.xtec.cat\/escmarquesdelapobla\/wp-json\/wp\/v2\/media?parent=11607"}],"wp:term":[{"taxonomy":"category","embeddable":true,"href":"https:\/\/agora.xtec.cat\/escmarquesdelapobla\/wp-json\/wp\/v2\/categories?post=11607"},{"taxonomy":"post_tag","embeddable":true,"href":"https:\/\/agora.xtec.cat\/escmarquesdelapobla\/wp-json\/wp\/v2\/tags?post=11607"}],"curies":[{"name":"wp","href":"https:\/\/api.w.org\/{rel}","templated":true}]}}