{"id":11547,"date":"2022-03-23T14:50:19","date_gmt":"2022-03-23T13:50:19","guid":{"rendered":"https:\/\/agora.xtec.cat\/escmarquesdelapobla\/?p=11547"},"modified":"2022-03-23T15:24:10","modified_gmt":"2022-03-23T14:24:10","slug":"reflexionem-sobre-la-pau","status":"publish","type":"post","link":"https:\/\/agora.xtec.cat\/escmarquesdelapobla\/tauler-principal\/reflexionem-sobre-la-pau\/","title":{"rendered":"Reflexionem sobre la pau"},"content":{"rendered":"<p style=\"text-align: justify;\">Aquests dies hem estat reflexionant sobre la pau i els conflictes b\u00e8l\u00b7lics al m\u00f3n. Cada Cicle ha fet propostes per veure la import\u00e0ncia del di\u00e0leg i del respecte entre els uns i els altres.<\/p>\n<p><a href=\"https:\/\/photos.app.goo.gl\/yfQQF6dgnKABQntD9\"><img loading=\"lazy\" decoding=\"async\" class=\"aligncenter size-large\" src=\"https:\/\/lh3.googleusercontent.com\/Fb8MOwWFyJP0uVnua-IOBFniV-mfQ2UjQGZCC08fv8CXUixlEJUrdD0b806zwu1cgaDJ7xOspYAJ4ZA4Gf3z2oXKAfvBOzgvBUmZwz4lpf62SjmVjJdLFs4W8NZutRxyhtSKccirZVGdBW00KhfWBe_6FXaw5860FWNbfDMEhelzO1U9NfasK-t_xMhirg89UQ0Kd1lcd2zLQ3tA82ugn4viTjwtIcX221rqEY5o7fYPyn-uE0VNG05M94Gcf_X_lFBTh5UBC0GrQ6PjmLJIGZC1hg-K8hlCGz26axUDqId-dshBuEZNDUUtUcZ4mkDaPv5BP9zWcjx3Ly5bsqph_8_HhHeACrXXg9WUBk3KOn-RPedUuFiyXEBGswFY8wirH0hFxJx5MZRZDPwF3iDHHoEumJLLFAuW4lnfmrBVyApd9cEmQ_zqUmgaVAtwS-z4HW-1uGA1tW9qoraQBsxIeMF1K8F1R_e0ZYzMtD_9eZ-92oJ_qD30HL0fBVt9HZU8VMEgNdQbpa2Bl3_w8LJ2IGdVVlhBLPWkyVi141weYaQ6tC4_SXz9opAxqupxN3ZqlpgEbnPKrhCRVobDNZVJng_rPqhDgOHXC3NrEmi-a5A4RzVZP1so5IE8XWcuitO6JZaT608cYB1tQlm5XQEdR920nEgtaUuIRD6rpIn9n_UOyMSaB-sQ0XLtOoOIpGUsPzdM7DNoHclp9lKHeQCmdNJ7s-glRVuN5GbS_IT-G-gJjOkRRIx4GghvbmsbSFK10ec2rY1CgkXYEaZXqCAOXafviU9PwCoxiQ=w642-h856-no?authuser=1\" width=\"642\" height=\"856\" \/><\/a><\/p>\n<p style=\"text-align: justify;\">A CI a partir de la imatge de l&#8217;escultura &#8220;Nen&#8221; de l&#8217;autor Efra\u00efm Rodr\u00edguez, l&#8217;hem observat i els hem estat reflexionant sobre qu\u00e8 els transmet i hem vist com parlant i escoltant-nos el m\u00f3n \u00e9s un lloc millor.<\/p>\n<p style=\"text-align: justify;\">A CM hem vist v\u00eddeos sobre els conflictes actuals i s&#8217;han fet alguns debats que han servit per aprofundir m\u00e9s amb la tem\u00e0tica i sobretot per reflexionar entre tots i totes.<\/p>\n<p style=\"text-align: justify;\">A CS hem llegit not\u00edcies i mirat alguns v\u00eddeos que ens han servit per reflexionar i prendre&#8217;n consci\u00e8ncia. Finalment amb samarretes grogues i blaves hem fet un lla\u00e7 hum\u00e0 representant els colors d&#8217;Ucra\u00efna.<\/p>\n","protected":false},"excerpt":{"rendered":"<p>Aquests dies hem estat reflexionant sobre la pau i els conflictes b\u00e8l\u00b7lics al m\u00f3n. Cada Cicle ha fet propostes per veure la import\u00e0ncia del di\u00e0leg i del respecte entre els uns i els altres. A CI a partir de la imatge de l&#8217;escultura &#8220;Nen&#8221; de l&#8217;autor Efra\u00efm Rodr\u00edguez, l&#8217;hem observat i els hem estat reflexionant [&hellip;]<\/p>\n","protected":false},"author":45,"featured_media":0,"comment_status":"open","ping_status":"closed","sticky":false,"template":"","format":"standard","meta":{"_bbp_topic_count":0,"_bbp_reply_count":0,"_bbp_total_topic_count":0,"_bbp_total_reply_count":0,"_bbp_voice_count":0,"_bbp_anonymous_reply_count":0,"_bbp_topic_count_hidden":0,"_bbp_reply_count_hidden":0,"_bbp_forum_subforum_count":0,"site-sidebar-layout":"default","site-content-layout":"","ast-site-content-layout":"","site-content-style":"default","site-sidebar-style":"default","ast-global-header-display":"","ast-banner-title-visibility":"","ast-main-header-display":"","ast-hfb-above-header-display":"","ast-hfb-below-header-display":"","ast-hfb-mobile-header-display":"","site-post-title":"","ast-breadcrumbs-content":"","ast-featured-img":"","footer-sml-layout":"","theme-transparent-header-meta":"","adv-header-id-meta":"","stick-header-meta":"","header-above-stick-meta":"","header-main-stick-meta":"","header-below-stick-meta":"","astra-migrate-meta-layouts":"default","ast-page-background-enabled":"default","ast-page-background-meta":{"desktop":{"background-color":"var(--ast-global-color-5)","background-image":"","background-repeat":"repeat","background-position":"center center","background-size":"auto","background-attachment":"scroll","background-type":"","background-media":"","overlay-type":"","overlay-color":"","overlay-opacity":"","overlay-gradient":""},"tablet":{"background-color":"","background-image":"","background-repeat":"repeat","background-position":"center center","background-size":"auto","background-attachment":"scroll","background-type":"","background-media":"","overlay-type":"","overlay-color":"","overlay-opacity":"","overlay-gradient":""},"mobile":{"background-color":"","background-image":"","background-repeat":"repeat","background-position":"center center","background-size":"auto","background-attachment":"scroll","background-type":"","background-media":"","overlay-type":"","overlay-color":"","overlay-opacity":"","overlay-gradient":""}},"ast-content-background-meta":{"desktop":{"background-color":"var(--ast-global-color-4)","background-image":"","background-repeat":"repeat","background-position":"center center","background-size":"auto","background-attachment":"scroll","background-type":"","background-media":"","overlay-type":"","overlay-color":"","overlay-opacity":"","overlay-gradient":""},"tablet":{"background-color":"var(--ast-global-color-4)","background-image":"","background-repeat":"repeat","background-position":"center center","background-size":"auto","background-attachment":"scroll","background-type":"","background-media":"","overlay-type":"","overlay-color":"","overlay-opacity":"","overlay-gradient":""},"mobile":{"background-color":"var(--ast-global-color-4)","background-image":"","background-repeat":"repeat","background-position":"center center","background-size":"auto","background-attachment":"scroll","background-type":"","background-media":"","overlay-type":"","overlay-color":"","overlay-opacity":"","overlay-gradient":""}},"footnotes":""},"categories":[171],"tags":[223],"class_list":["post-11547","post","type-post","status-publish","format-standard","hentry","category-tauler-principal","tag-lescola"],"post_mailing_queue_ids":[],"_links":{"self":[{"href":"https:\/\/agora.xtec.cat\/escmarquesdelapobla\/wp-json\/wp\/v2\/posts\/11547","targetHints":{"allow":["GET"]}}],"collection":[{"href":"https:\/\/agora.xtec.cat\/escmarquesdelapobla\/wp-json\/wp\/v2\/posts"}],"about":[{"href":"https:\/\/agora.xtec.cat\/escmarquesdelapobla\/wp-json\/wp\/v2\/types\/post"}],"author":[{"embeddable":true,"href":"https:\/\/agora.xtec.cat\/escmarquesdelapobla\/wp-json\/wp\/v2\/users\/45"}],"replies":[{"embeddable":true,"href":"https:\/\/agora.xtec.cat\/escmarquesdelapobla\/wp-json\/wp\/v2\/comments?post=11547"}],"version-history":[{"count":3,"href":"https:\/\/agora.xtec.cat\/escmarquesdelapobla\/wp-json\/wp\/v2\/posts\/11547\/revisions"}],"predecessor-version":[{"id":11613,"href":"https:\/\/agora.xtec.cat\/escmarquesdelapobla\/wp-json\/wp\/v2\/posts\/11547\/revisions\/11613"}],"wp:attachment":[{"href":"https:\/\/agora.xtec.cat\/escmarquesdelapobla\/wp-json\/wp\/v2\/media?parent=11547"}],"wp:term":[{"taxonomy":"category","embeddable":true,"href":"https:\/\/agora.xtec.cat\/escmarquesdelapobla\/wp-json\/wp\/v2\/categories?post=11547"},{"taxonomy":"post_tag","embeddable":true,"href":"https:\/\/agora.xtec.cat\/escmarquesdelapobla\/wp-json\/wp\/v2\/tags?post=11547"}],"curies":[{"name":"wp","href":"https:\/\/api.w.org\/{rel}","templated":true}]}}