{"id":11501,"date":"2022-03-08T15:30:02","date_gmt":"2022-03-08T14:30:02","guid":{"rendered":"https:\/\/agora.xtec.cat\/escmarquesdelapobla\/?p=11501"},"modified":"2022-03-09T16:14:40","modified_gmt":"2022-03-09T15:14:40","slug":"dia-internacional-de-la-dona","status":"publish","type":"post","link":"https:\/\/agora.xtec.cat\/escmarquesdelapobla\/tauler-principal\/dia-internacional-de-la-dona\/","title":{"rendered":"Dia Internacional de la Dona"},"content":{"rendered":"<p style=\"text-align: justify;\">El\u00a0<strong>Dia Internacional de la Dona\u00a0<\/strong>del 8 de mar\u00e7 va ser declarat per les Nacions Unides el 1975. Avui dimarts 8 de Mar\u00e7 dia de la dona hem volgut fer un mural representant totes aquelles dones que admirem.<\/p>\n<p><a href=\"https:\/\/photos.app.goo.gl\/XSnM6jDpZdsTaJQH6\"><img loading=\"lazy\" decoding=\"async\" class=\"alignnone size-large\" src=\"https:\/\/lh3.googleusercontent.com\/pwPb2YKNFKF5uDGEjy8cHCCVfC7czAZy2uDPaa4d3LrQNyOH5QUTwxti2astP767XV_RsQmTl6fIMf9MoUdAOpXbAstnUhPpip-C8oGh9OecwQer-zlnrNmfZvzKEv4ivhtylqgdMB1kL3zTCkKDTsbIPjfXxmsW7tfUugn-T13xM5kCAXsSxTlOmSZKfCWp5ViXVcRxHdSiVYnQ-bWHy7SwpCqdYfSbxpm8ykdqoaAFHXATVkDRONAZbqi_hQ9qsFBK6NnOXq06QwclH6Jt-txUfEv6N89KlB7GuRG9RzA6A9i-9to5ctDK_I25Yj6ajgpJ7Z4MHgHTFnjiUqGH0zZq6UIcahcjFFBMGQLQxb96P1qtxzOSCrh_Ek5A8OkgPAk0MLRP01WTEDy0XUI53PRdgGVNGu7MiEpThCDTFBzSju2IHt2GoOt6E1_b9aVxrZymkLkd_dYl9sko8GJ1tO-ScgD8fZhbiN0y92K8o2EgXYIqgZwfIkyIWCTvX_gf33pg1M9nw8ZHX1GHQ3aWE5fWF9oirHD7Vpr144t7O8uuKYzGINafCZ-g0g1enDAt-wZ8-NLZv52IoZj_n6zjdTUbBpEU7Cy2mzqXj-lwnusSWLsE619h5_zqI7E6BSOXkDm-lheV8tPcxLYjIP5AE2CSaSAKaks-nmmErKK-V9HnVQSunPW5zObvPBpU0mxwomouP3dzvNYaSPsCRKX2iVcq=w1280-h720-no?authuser=0\" width=\"1280\" height=\"720\" \/><\/a><\/p>\n<p style=\"text-align: justify;\">Cada nen i nena de Cicle Inicial, Mitj\u00e0 i Superior en un paper en forma de hex\u00e0gon ha enganxat la foto de la dona que admira i al darrere ha escrit el perqu\u00e8 ha escollit aquella dona. Despr\u00e9s hem creat un mural ajuntant totes les dones, utilitzant el color lila com el color representatiu d\u2019aquest dia, i el que adopten les dones com a signe de la reivindicaci\u00f3. Va ser el color que als anys 60 i els 70 les dones socialistes van escollir\u00a0 com a s\u00edmbol de la lluita feminista i posteriorment se\u2019l va associar a la jornada que se celebra cada 8 de mar\u00e7.<\/p>\n<p style=\"text-align: justify;\">A l\u2019escola hem volgut fer aquest mural representatiu de totes aquelles dones que admirem del nostre voltant, per\u00f2 hem de saber que cada dia\u00a0 \u00e9s el dia de la dona i de l\u2019home.\u00a0 Esperem que en algun moment puguem deixar de lluitar per la <strong>IGUALTAT ENTRE HOMES I DONES<\/strong>, i que aquesta hi sigui present sempre.<\/p>\n<p style=\"text-align: justify;\">Esperem que us agradin els nostres murals!<\/p>\n<p style=\"text-align: justify;\"><em>Article escrit per l\u2019alumnat:\u00a0 Ruth P\u00e9rez i N\u00faria Peris.<\/em><\/p>\n","protected":false},"excerpt":{"rendered":"<p>El\u00a0Dia Internacional de la Dona\u00a0del 8 de mar\u00e7 va ser declarat per les Nacions Unides el 1975. Avui dimarts 8 de Mar\u00e7 dia de la dona hem volgut fer un mural representant totes aquelles dones que admirem. Cada nen i nena de Cicle Inicial, Mitj\u00e0 i Superior en un paper en forma de hex\u00e0gon ha [&hellip;]<\/p>\n","protected":false},"author":2,"featured_media":0,"comment_status":"open","ping_status":"closed","sticky":false,"template":"","format":"standard","meta":{"_bbp_topic_count":0,"_bbp_reply_count":0,"_bbp_total_topic_count":0,"_bbp_total_reply_count":0,"_bbp_voice_count":0,"_bbp_anonymous_reply_count":0,"_bbp_topic_count_hidden":0,"_bbp_reply_count_hidden":0,"_bbp_forum_subforum_count":0,"site-sidebar-layout":"default","site-content-layout":"","ast-site-content-layout":"","site-content-style":"default","site-sidebar-style":"default","ast-global-header-display":"","ast-banner-title-visibility":"","ast-main-header-display":"","ast-hfb-above-header-display":"","ast-hfb-below-header-display":"","ast-hfb-mobile-header-display":"","site-post-title":"","ast-breadcrumbs-content":"","ast-featured-img":"","footer-sml-layout":"","theme-transparent-header-meta":"","adv-header-id-meta":"","stick-header-meta":"","header-above-stick-meta":"","header-main-stick-meta":"","header-below-stick-meta":"","astra-migrate-meta-layouts":"default","ast-page-background-enabled":"default","ast-page-background-meta":{"desktop":{"background-color":"var(--ast-global-color-5)","background-image":"","background-repeat":"repeat","background-position":"center center","background-size":"auto","background-attachment":"scroll","background-type":"","background-media":"","overlay-type":"","overlay-color":"","overlay-opacity":"","overlay-gradient":""},"tablet":{"background-color":"","background-image":"","background-repeat":"repeat","background-position":"center center","background-size":"auto","background-attachment":"scroll","background-type":"","background-media":"","overlay-type":"","overlay-color":"","overlay-opacity":"","overlay-gradient":""},"mobile":{"background-color":"","background-image":"","background-repeat":"repeat","background-position":"center center","background-size":"auto","background-attachment":"scroll","background-type":"","background-media":"","overlay-type":"","overlay-color":"","overlay-opacity":"","overlay-gradient":""}},"ast-content-background-meta":{"desktop":{"background-color":"var(--ast-global-color-4)","background-image":"","background-repeat":"repeat","background-position":"center center","background-size":"auto","background-attachment":"scroll","background-type":"","background-media":"","overlay-type":"","overlay-color":"","overlay-opacity":"","overlay-gradient":""},"tablet":{"background-color":"var(--ast-global-color-4)","background-image":"","background-repeat":"repeat","background-position":"center center","background-size":"auto","background-attachment":"scroll","background-type":"","background-media":"","overlay-type":"","overlay-color":"","overlay-opacity":"","overlay-gradient":""},"mobile":{"background-color":"var(--ast-global-color-4)","background-image":"","background-repeat":"repeat","background-position":"center center","background-size":"auto","background-attachment":"scroll","background-type":"","background-media":"","overlay-type":"","overlay-color":"","overlay-opacity":"","overlay-gradient":""}},"footnotes":""},"categories":[171],"tags":[219,272,246],"class_list":["post-11501","post","type-post","status-publish","format-standard","hentry","category-tauler-principal","tag-activitats","tag-coeducacio","tag-dia-de-la-dona"],"post_mailing_queue_ids":[],"_links":{"self":[{"href":"https:\/\/agora.xtec.cat\/escmarquesdelapobla\/wp-json\/wp\/v2\/posts\/11501","targetHints":{"allow":["GET"]}}],"collection":[{"href":"https:\/\/agora.xtec.cat\/escmarquesdelapobla\/wp-json\/wp\/v2\/posts"}],"about":[{"href":"https:\/\/agora.xtec.cat\/escmarquesdelapobla\/wp-json\/wp\/v2\/types\/post"}],"author":[{"embeddable":true,"href":"https:\/\/agora.xtec.cat\/escmarquesdelapobla\/wp-json\/wp\/v2\/users\/2"}],"replies":[{"embeddable":true,"href":"https:\/\/agora.xtec.cat\/escmarquesdelapobla\/wp-json\/wp\/v2\/comments?post=11501"}],"version-history":[{"count":3,"href":"https:\/\/agora.xtec.cat\/escmarquesdelapobla\/wp-json\/wp\/v2\/posts\/11501\/revisions"}],"predecessor-version":[{"id":11508,"href":"https:\/\/agora.xtec.cat\/escmarquesdelapobla\/wp-json\/wp\/v2\/posts\/11501\/revisions\/11508"}],"wp:attachment":[{"href":"https:\/\/agora.xtec.cat\/escmarquesdelapobla\/wp-json\/wp\/v2\/media?parent=11501"}],"wp:term":[{"taxonomy":"category","embeddable":true,"href":"https:\/\/agora.xtec.cat\/escmarquesdelapobla\/wp-json\/wp\/v2\/categories?post=11501"},{"taxonomy":"post_tag","embeddable":true,"href":"https:\/\/agora.xtec.cat\/escmarquesdelapobla\/wp-json\/wp\/v2\/tags?post=11501"}],"curies":[{"name":"wp","href":"https:\/\/api.w.org\/{rel}","templated":true}]}}