{"id":11494,"date":"2022-03-07T09:06:37","date_gmt":"2022-03-07T08:06:37","guid":{"rendered":"https:\/\/agora.xtec.cat\/escmarquesdelapobla\/?p=11494"},"modified":"2022-03-07T09:08:42","modified_gmt":"2022-03-07T08:08:42","slug":"participem-al-concurs-pels-nous-vestits-dels-gegantets","status":"publish","type":"post","link":"https:\/\/agora.xtec.cat\/escmarquesdelapobla\/general\/participem-al-concurs-pels-nous-vestits-dels-gegantets\/","title":{"rendered":"Participem al concurs pels nous vestits dels Gegantets"},"content":{"rendered":"<p>Els alumnes de l\u2019escola hem participat al concurs de dibuix pels nous vestits dels gegantets que han organitzat els Gegantets de Capellades juntament amb l\u2019Ajuntament obert a totes les escoles del poble.\u00a0Cada nen i nena ha dibuixat una proposta pel vestit del Capell\u00f3 i una altra per la Miramar seguint les bases del concurs. Els vestits havien de portar representats alguns s\u00edmbols de Capellades.<\/p>\n<p style=\"text-align: justify;\">Un jurat compost per diverses persones d\u2019entitats culturals del poble s\u2019han encarregat de fer l\u2019elecci\u00f3 dels guanyadors i ja tenim els resultats! El primer premi ha estat per Indara Rodr\u00edguez Cobos de 6\u00e8 B i el seu dibuix servir\u00e0 de model per dissenyar els nous vestits. El segon premi ha estat per l\u2019\u00c8lia Arjona Gil de 5\u00e8 A i el tercer premi per Aran Olmedo Romera de 5\u00e8 del col\u00b7legi Mare del Div\u00ed Pastor que tamb\u00e9 tenen un premi atorgat per l\u2019Ajuntament.<\/p>\n<p><a href=\"https:\/\/photos.app.goo.gl\/RuLefnEJrV3pHkzQ8\"><img loading=\"lazy\" decoding=\"async\" class=\"aligncenter\" src=\"https:\/\/lh3.googleusercontent.com\/pw\/AM-JKLU0f-8z4fQsLu2PGTp6YB9716UTX22W8zAE0mT4MyZdcxJ1gT_yEtgDTnnSZhhx13N-_av6XKjT5Yu5BqIHXZAc1VP3BCnjWF9OUVcoDPYRWJtNT_1zyctGdfULX2o2VcLTymhrpGJBbwFpcPwYaf7P=w1265-h856-no?authuser=0\" width=\"548\" height=\"371\" \/><\/a><\/p>\n<p style=\"text-align: justify;\">Tots els dibuixos presentats s\u00f3n exposats a la biblioteca \u201cEl Safareig\u201d de Capellades per si els voleu veure.<\/p>\n<p style=\"text-align: justify;\">Moltes felicitats a les companyes de l\u2019escola de cicle superior! Enhorabona pels dissenys, Indara i \u00c8lia!\ud83d\udc4f<\/p>\n<p>&nbsp;<\/p>\n","protected":false},"excerpt":{"rendered":"<p>Els alumnes de l\u2019escola hem participat al concurs de dibuix pels nous vestits dels gegantets que han organitzat els Gegantets de Capellades juntament amb l\u2019Ajuntament obert a totes les escoles del poble.\u00a0Cada nen i nena ha dibuixat una proposta pel vestit del Capell\u00f3 i una altra per la Miramar seguint les bases del concurs. Els [&hellip;]<\/p>\n","protected":false},"author":2,"featured_media":0,"comment_status":"open","ping_status":"closed","sticky":false,"template":"","format":"standard","meta":{"_bbp_topic_count":0,"_bbp_reply_count":0,"_bbp_total_topic_count":0,"_bbp_total_reply_count":0,"_bbp_voice_count":0,"_bbp_anonymous_reply_count":0,"_bbp_topic_count_hidden":0,"_bbp_reply_count_hidden":0,"_bbp_forum_subforum_count":0,"site-sidebar-layout":"default","site-content-layout":"","ast-site-content-layout":"","site-content-style":"default","site-sidebar-style":"default","ast-global-header-display":"","ast-banner-title-visibility":"","ast-main-header-display":"","ast-hfb-above-header-display":"","ast-hfb-below-header-display":"","ast-hfb-mobile-header-display":"","site-post-title":"","ast-breadcrumbs-content":"","ast-featured-img":"","footer-sml-layout":"","theme-transparent-header-meta":"","adv-header-id-meta":"","stick-header-meta":"","header-above-stick-meta":"","header-main-stick-meta":"","header-below-stick-meta":"","astra-migrate-meta-layouts":"default","ast-page-background-enabled":"default","ast-page-background-meta":{"desktop":{"background-color":"var(--ast-global-color-5)","background-image":"","background-repeat":"repeat","background-position":"center center","background-size":"auto","background-attachment":"scroll","background-type":"","background-media":"","overlay-type":"","overlay-color":"","overlay-opacity":"","overlay-gradient":""},"tablet":{"background-color":"","background-image":"","background-repeat":"repeat","background-position":"center center","background-size":"auto","background-attachment":"scroll","background-type":"","background-media":"","overlay-type":"","overlay-color":"","overlay-opacity":"","overlay-gradient":""},"mobile":{"background-color":"","background-image":"","background-repeat":"repeat","background-position":"center center","background-size":"auto","background-attachment":"scroll","background-type":"","background-media":"","overlay-type":"","overlay-color":"","overlay-opacity":"","overlay-gradient":""}},"ast-content-background-meta":{"desktop":{"background-color":"var(--ast-global-color-4)","background-image":"","background-repeat":"repeat","background-position":"center center","background-size":"auto","background-attachment":"scroll","background-type":"","background-media":"","overlay-type":"","overlay-color":"","overlay-opacity":"","overlay-gradient":""},"tablet":{"background-color":"var(--ast-global-color-4)","background-image":"","background-repeat":"repeat","background-position":"center center","background-size":"auto","background-attachment":"scroll","background-type":"","background-media":"","overlay-type":"","overlay-color":"","overlay-opacity":"","overlay-gradient":""},"mobile":{"background-color":"var(--ast-global-color-4)","background-image":"","background-repeat":"repeat","background-position":"center center","background-size":"auto","background-attachment":"scroll","background-type":"","background-media":"","overlay-type":"","overlay-color":"","overlay-opacity":"","overlay-gradient":""}},"footnotes":""},"categories":[5,1,14,133],"tags":[242,190,191,211,212,262,278],"class_list":["post-11494","post","type-post","status-publish","format-standard","hentry","category-superior","category-general","category-p5","category-p6","tag-5e-c","tag-p5a","tag-p5b","tag-p6a","tag-p6b","tag-p6c","tag-sise"],"post_mailing_queue_ids":[],"_links":{"self":[{"href":"https:\/\/agora.xtec.cat\/escmarquesdelapobla\/wp-json\/wp\/v2\/posts\/11494","targetHints":{"allow":["GET"]}}],"collection":[{"href":"https:\/\/agora.xtec.cat\/escmarquesdelapobla\/wp-json\/wp\/v2\/posts"}],"about":[{"href":"https:\/\/agora.xtec.cat\/escmarquesdelapobla\/wp-json\/wp\/v2\/types\/post"}],"author":[{"embeddable":true,"href":"https:\/\/agora.xtec.cat\/escmarquesdelapobla\/wp-json\/wp\/v2\/users\/2"}],"replies":[{"embeddable":true,"href":"https:\/\/agora.xtec.cat\/escmarquesdelapobla\/wp-json\/wp\/v2\/comments?post=11494"}],"version-history":[{"count":3,"href":"https:\/\/agora.xtec.cat\/escmarquesdelapobla\/wp-json\/wp\/v2\/posts\/11494\/revisions"}],"predecessor-version":[{"id":11500,"href":"https:\/\/agora.xtec.cat\/escmarquesdelapobla\/wp-json\/wp\/v2\/posts\/11494\/revisions\/11500"}],"wp:attachment":[{"href":"https:\/\/agora.xtec.cat\/escmarquesdelapobla\/wp-json\/wp\/v2\/media?parent=11494"}],"wp:term":[{"taxonomy":"category","embeddable":true,"href":"https:\/\/agora.xtec.cat\/escmarquesdelapobla\/wp-json\/wp\/v2\/categories?post=11494"},{"taxonomy":"post_tag","embeddable":true,"href":"https:\/\/agora.xtec.cat\/escmarquesdelapobla\/wp-json\/wp\/v2\/tags?post=11494"}],"curies":[{"name":"wp","href":"https:\/\/api.w.org\/{rel}","templated":true}]}}