{"id":11487,"date":"2022-03-03T13:29:41","date_gmt":"2022-03-03T12:29:41","guid":{"rendered":"https:\/\/agora.xtec.cat\/escmarquesdelapobla\/?p=11487"},"modified":"2022-03-03T13:29:41","modified_gmt":"2022-03-03T12:29:41","slug":"taller-aprendre-a-mirar-de-5e","status":"publish","type":"post","link":"https:\/\/agora.xtec.cat\/escmarquesdelapobla\/superior\/taller-aprendre-a-mirar-de-5e\/","title":{"rendered":"Taller Aprendre a mirar de 5\u00e8"},"content":{"rendered":"<p style=\"text-align: justify;\"><span style=\"font-weight: 400;\">Durant aquest trimestre els nens i nenes de cinqu\u00e8 estem fent el taller \u201cAprendre a mirar\u201d amb l\u2019artista Lourdes Busquets. Aquest taller es far\u00e0 durant cinc sessions per treballar el tra\u00e7, el color i tamb\u00e9 la t\u00e8cnica del Lettering. Mireu quina creativitat\u2026\u00a0<\/span><\/p>\n<p><a href=\"https:\/\/photos.app.goo.gl\/KByZ3G3kLGnXEHzb8\"><img loading=\"lazy\" decoding=\"async\" class=\"aligncenter size-large\" src=\"https:\/\/lh3.googleusercontent.com\/4ikocjGOaFnGN1pCSVUhUY7p22MJYa2papOOrbD-IvbCNqEe5qSYfzvurajtm7uVDSx8kz40zdrgkh9_7GaCvDMlDOjfBtfJ1eeiWHLR4M2i7aCexiG9b07dblDuqG3njD6qkVCbpuHHvTqvbprZcrkPJWSmJtisFBBu0ZC9ICcsYfIKTG3KkHIu87eGpojuIuSWcq302sn0mb-Pn-L_a5p6cZEImZyqC5cR_FD83i-QyyRMDapjxXS6RB4HwG3UgOwedyNR4PFrDk2XPbJJ8dx2zPP7r_HGVWWBBb07b8XZ8-9EKY6OkK_x7DzatH7m4PALQr7rrMZLcQtlu6WiLiiEXzjQ00hel3JhaoB4pU39K2mA-EW1KWnYHUb3des7wPSiD_FZndy_Tsp82ySdF42NKejfoZWoFiQ9s1K4U6zNGobP4WbuigCM638Gyq2Z3YByIun3PB3NYKLB0J7J_CjfS69BQYUrzzDr2t6c9UqJzK3Nfv1yPB2JD6J2QBp1_eBsZRrAmnNGMvpw8acqDsZkM84z-AfUkA2KQuGBYNxIbMR8rnRSdz4zV6rvdst2psOC4g_7wYSOel5kwtkEsz21yY9Zsyl90vycTG66EUxKbRqhIDjCHQ4jspTyA2wSuO3I2hYtHdfMNmb6RBFEJ-KHBnTKWvdUsbJl1Q6OoffbwScTHDyLLkCmhvD-EQAgKZ8A01g2iG8V7_QqFJmklxQw=w1250-h937-no?authuser=3\" width=\"1249\" height=\"937\" \/><\/a><\/p>\n<p style=\"text-align: justify;\"><span style=\"font-weight: 400;\">De moment hem fet dues sessions i hem experimentat molt amb el dibuix i la t\u00e8cnica del Lettering. Estem\u00a0 aprenent alguns conceptes b\u00e0sics i practicant diverses maneres per escriure paraules i tamb\u00e9 algunes frases de manera m\u00e9s original i creativa. Esperem que us agradin les fotos!<\/span><\/p>\n","protected":false},"excerpt":{"rendered":"<p>Durant aquest trimestre els nens i nenes de cinqu\u00e8 estem fent el taller \u201cAprendre a mirar\u201d amb l\u2019artista Lourdes Busquets. Aquest taller es far\u00e0 durant cinc sessions per treballar el tra\u00e7, el color i tamb\u00e9 la t\u00e8cnica del Lettering. Mireu quina creativitat\u2026\u00a0 De moment hem fet dues sessions i hem experimentat molt amb el dibuix [&hellip;]<\/p>\n","protected":false},"author":2,"featured_media":0,"comment_status":"open","ping_status":"closed","sticky":false,"template":"","format":"standard","meta":{"_bbp_topic_count":0,"_bbp_reply_count":0,"_bbp_total_topic_count":0,"_bbp_total_reply_count":0,"_bbp_voice_count":0,"_bbp_anonymous_reply_count":0,"_bbp_topic_count_hidden":0,"_bbp_reply_count_hidden":0,"_bbp_forum_subforum_count":0,"site-sidebar-layout":"default","site-content-layout":"","ast-site-content-layout":"","site-content-style":"default","site-sidebar-style":"default","ast-global-header-display":"","ast-banner-title-visibility":"","ast-main-header-display":"","ast-hfb-above-header-display":"","ast-hfb-below-header-display":"","ast-hfb-mobile-header-display":"","site-post-title":"","ast-breadcrumbs-content":"","ast-featured-img":"","footer-sml-layout":"","theme-transparent-header-meta":"","adv-header-id-meta":"","stick-header-meta":"","header-above-stick-meta":"","header-main-stick-meta":"","header-below-stick-meta":"","astra-migrate-meta-layouts":"default","ast-page-background-enabled":"default","ast-page-background-meta":{"desktop":{"background-color":"var(--ast-global-color-5)","background-image":"","background-repeat":"repeat","background-position":"center center","background-size":"auto","background-attachment":"scroll","background-type":"","background-media":"","overlay-type":"","overlay-color":"","overlay-opacity":"","overlay-gradient":""},"tablet":{"background-color":"","background-image":"","background-repeat":"repeat","background-position":"center center","background-size":"auto","background-attachment":"scroll","background-type":"","background-media":"","overlay-type":"","overlay-color":"","overlay-opacity":"","overlay-gradient":""},"mobile":{"background-color":"","background-image":"","background-repeat":"repeat","background-position":"center center","background-size":"auto","background-attachment":"scroll","background-type":"","background-media":"","overlay-type":"","overlay-color":"","overlay-opacity":"","overlay-gradient":""}},"ast-content-background-meta":{"desktop":{"background-color":"var(--ast-global-color-4)","background-image":"","background-repeat":"repeat","background-position":"center center","background-size":"auto","background-attachment":"scroll","background-type":"","background-media":"","overlay-type":"","overlay-color":"","overlay-opacity":"","overlay-gradient":""},"tablet":{"background-color":"var(--ast-global-color-4)","background-image":"","background-repeat":"repeat","background-position":"center center","background-size":"auto","background-attachment":"scroll","background-type":"","background-media":"","overlay-type":"","overlay-color":"","overlay-opacity":"","overlay-gradient":""},"mobile":{"background-color":"var(--ast-global-color-4)","background-image":"","background-repeat":"repeat","background-position":"center center","background-size":"auto","background-attachment":"scroll","background-type":"","background-media":"","overlay-type":"","overlay-color":"","overlay-opacity":"","overlay-gradient":""}},"footnotes":""},"categories":[5,14],"tags":[242,245,190,191,216],"class_list":["post-11487","post","type-post","status-publish","format-standard","hentry","category-superior","category-p5","tag-5e-c","tag-art","tag-p5a","tag-p5b","tag-tallers"],"post_mailing_queue_ids":[],"_links":{"self":[{"href":"https:\/\/agora.xtec.cat\/escmarquesdelapobla\/wp-json\/wp\/v2\/posts\/11487","targetHints":{"allow":["GET"]}}],"collection":[{"href":"https:\/\/agora.xtec.cat\/escmarquesdelapobla\/wp-json\/wp\/v2\/posts"}],"about":[{"href":"https:\/\/agora.xtec.cat\/escmarquesdelapobla\/wp-json\/wp\/v2\/types\/post"}],"author":[{"embeddable":true,"href":"https:\/\/agora.xtec.cat\/escmarquesdelapobla\/wp-json\/wp\/v2\/users\/2"}],"replies":[{"embeddable":true,"href":"https:\/\/agora.xtec.cat\/escmarquesdelapobla\/wp-json\/wp\/v2\/comments?post=11487"}],"version-history":[{"count":1,"href":"https:\/\/agora.xtec.cat\/escmarquesdelapobla\/wp-json\/wp\/v2\/posts\/11487\/revisions"}],"predecessor-version":[{"id":11488,"href":"https:\/\/agora.xtec.cat\/escmarquesdelapobla\/wp-json\/wp\/v2\/posts\/11487\/revisions\/11488"}],"wp:attachment":[{"href":"https:\/\/agora.xtec.cat\/escmarquesdelapobla\/wp-json\/wp\/v2\/media?parent=11487"}],"wp:term":[{"taxonomy":"category","embeddable":true,"href":"https:\/\/agora.xtec.cat\/escmarquesdelapobla\/wp-json\/wp\/v2\/categories?post=11487"},{"taxonomy":"post_tag","embeddable":true,"href":"https:\/\/agora.xtec.cat\/escmarquesdelapobla\/wp-json\/wp\/v2\/tags?post=11487"}],"curies":[{"name":"wp","href":"https:\/\/api.w.org\/{rel}","templated":true}]}}