{"id":11468,"date":"2022-02-28T09:12:51","date_gmt":"2022-02-28T08:12:51","guid":{"rendered":"https:\/\/agora.xtec.cat\/escmarquesdelapobla\/?p=11468"},"modified":"2022-02-28T09:12:51","modified_gmt":"2022-02-28T08:12:51","slug":"dijous-llarder-a-cicle-mitja","status":"publish","type":"post","link":"https:\/\/agora.xtec.cat\/escmarquesdelapobla\/celebracions\/dijous-llarder-a-cicle-mitja\/","title":{"rendered":"Dijous llarder a Cicle Mitj\u00e0"},"content":{"rendered":"<p style=\"text-align: justify;\">Dijous passat va ser un dia d&#8217;aventures! I \u00e9s que a Cicle Mitj\u00e0 tamb\u00e9 vam celebrar el dijous llarder. Com podeu veure a les imatges vam sortir a la natura, i fins i tot podeu veure la ruta amb Maps que v\u00e0rem fer. Va ser un dia molt asolellat que vam poder aprofitar per respirar i anar a menjar el t\u00edpic entrep\u00e0 de truita.<\/p>\n<p><a href=\"https:\/\/photos.app.goo.gl\/9CiuSci9Vc3LbJYX8\"><img loading=\"lazy\" decoding=\"async\" class=\"aligncenter size-large\" src=\"https:\/\/lh3.googleusercontent.com\/uqFlBq93oXH2xOj3t6o4aMN5fr1GC-Dw-cQizDYIZZ-fJUxUQjKBSDz8-UaN5mhUf_-RoMzlLsjyFdF2vh2xQAbWm_8I9Lmuv-a733VEyogLwUlMMaL3shzjtMKOSTip3-jmoeTj7tzh6GyRPiBE-hDCwwtlkPRWTqsj76pdficdCDXGMY_2xlnupEQvxREBoYnidVbGlzCXwDcjlEzDg15xUd_NW73-RUbtQpKmn5PyIHdo3c9gHOxocTTdcmLCeVkM6xWiCAUOUNSAR0YFmCTwgsgVE-UwUFm6M6byOjYOUXu-CsyzatOhfUcACX6Ma2SL3x3LWs5Rz3VXUNpWJvVqP882iP5DXDzAZ3DbckC-Ls2LwGuKsvooCKh9xAD7QYD96aEHMDPaSKvSxZpCUULyqDdW6OGOvfojTUGtOLoH-4S2ndo9FTcCXe3iNY4ZDIW4FBCD7icyw8bF8P4vjD3M2bqc3LriDcNQuwz-lCAleuoD6luIUbwYO0sB3MHw_aZohx2FtmlMinmoE0jZwG2ooaD3LcScLlS-RgIdZRXvp4gsxMcnp2i68auUpYzfvp12WaOEruv1yqH7-CnJgWVH4R6kY01goFGPKWn_GGmEW2QOJbl6GCCmAg8-RWHcby9T2YKgNwem7NetyjdifD-aVinvLQ_O4xXKXYhyHRpDiOkj9XOFLDDR6ASit0OyKf2rtq8eT1FkjZANsLTXMq42=w1250-h937-no?authuser=1\" width=\"1249\" height=\"937\" \/><\/a><\/p>\n<p style=\"text-align: justify;\">Mireu quin goig que fan els arbres. Esperem que us agradin les imatges!<\/p>\n","protected":false},"excerpt":{"rendered":"<p>Dijous passat va ser un dia d&#8217;aventures! I \u00e9s que a Cicle Mitj\u00e0 tamb\u00e9 vam celebrar el dijous llarder. Com podeu veure a les imatges vam sortir a la natura, i fins i tot podeu veure la ruta amb Maps que v\u00e0rem fer. Va ser un dia molt asolellat que vam poder aprofitar per respirar [&hellip;]<\/p>\n","protected":false},"author":2,"featured_media":0,"comment_status":"open","ping_status":"closed","sticky":false,"template":"","format":"standard","meta":{"_bbp_topic_count":0,"_bbp_reply_count":0,"_bbp_total_topic_count":0,"_bbp_total_reply_count":0,"_bbp_voice_count":0,"_bbp_anonymous_reply_count":0,"_bbp_topic_count_hidden":0,"_bbp_reply_count_hidden":0,"_bbp_forum_subforum_count":0,"site-sidebar-layout":"default","site-content-layout":"","ast-site-content-layout":"","site-content-style":"default","site-sidebar-style":"default","ast-global-header-display":"","ast-banner-title-visibility":"","ast-main-header-display":"","ast-hfb-above-header-display":"","ast-hfb-below-header-display":"","ast-hfb-mobile-header-display":"","site-post-title":"","ast-breadcrumbs-content":"","ast-featured-img":"","footer-sml-layout":"","theme-transparent-header-meta":"","adv-header-id-meta":"","stick-header-meta":"","header-above-stick-meta":"","header-main-stick-meta":"","header-below-stick-meta":"","astra-migrate-meta-layouts":"default","ast-page-background-enabled":"default","ast-page-background-meta":{"desktop":{"background-color":"var(--ast-global-color-5)","background-image":"","background-repeat":"repeat","background-position":"center center","background-size":"auto","background-attachment":"scroll","background-type":"","background-media":"","overlay-type":"","overlay-color":"","overlay-opacity":"","overlay-gradient":""},"tablet":{"background-color":"","background-image":"","background-repeat":"repeat","background-position":"center center","background-size":"auto","background-attachment":"scroll","background-type":"","background-media":"","overlay-type":"","overlay-color":"","overlay-opacity":"","overlay-gradient":""},"mobile":{"background-color":"","background-image":"","background-repeat":"repeat","background-position":"center center","background-size":"auto","background-attachment":"scroll","background-type":"","background-media":"","overlay-type":"","overlay-color":"","overlay-opacity":"","overlay-gradient":""}},"ast-content-background-meta":{"desktop":{"background-color":"var(--ast-global-color-4)","background-image":"","background-repeat":"repeat","background-position":"center center","background-size":"auto","background-attachment":"scroll","background-type":"","background-media":"","overlay-type":"","overlay-color":"","overlay-opacity":"","overlay-gradient":""},"tablet":{"background-color":"var(--ast-global-color-4)","background-image":"","background-repeat":"repeat","background-position":"center center","background-size":"auto","background-attachment":"scroll","background-type":"","background-media":"","overlay-type":"","overlay-color":"","overlay-opacity":"","overlay-gradient":""},"mobile":{"background-color":"var(--ast-global-color-4)","background-image":"","background-repeat":"repeat","background-position":"center center","background-size":"auto","background-attachment":"scroll","background-type":"","background-media":"","overlay-type":"","overlay-color":"","overlay-opacity":"","overlay-gradient":""}},"footnotes":""},"categories":[55,65,239,140,139],"tags":[185,186,187,188],"class_list":["post-11468","post","type-post","status-publish","format-standard","hentry","category-celebracions","category-mitja","category-dijous-llarder","category-p3","category-p4","tag-p3a","tag-p3b","tag-p4a","tag-p4b"],"post_mailing_queue_ids":[],"_links":{"self":[{"href":"https:\/\/agora.xtec.cat\/escmarquesdelapobla\/wp-json\/wp\/v2\/posts\/11468","targetHints":{"allow":["GET"]}}],"collection":[{"href":"https:\/\/agora.xtec.cat\/escmarquesdelapobla\/wp-json\/wp\/v2\/posts"}],"about":[{"href":"https:\/\/agora.xtec.cat\/escmarquesdelapobla\/wp-json\/wp\/v2\/types\/post"}],"author":[{"embeddable":true,"href":"https:\/\/agora.xtec.cat\/escmarquesdelapobla\/wp-json\/wp\/v2\/users\/2"}],"replies":[{"embeddable":true,"href":"https:\/\/agora.xtec.cat\/escmarquesdelapobla\/wp-json\/wp\/v2\/comments?post=11468"}],"version-history":[{"count":1,"href":"https:\/\/agora.xtec.cat\/escmarquesdelapobla\/wp-json\/wp\/v2\/posts\/11468\/revisions"}],"predecessor-version":[{"id":11469,"href":"https:\/\/agora.xtec.cat\/escmarquesdelapobla\/wp-json\/wp\/v2\/posts\/11468\/revisions\/11469"}],"wp:attachment":[{"href":"https:\/\/agora.xtec.cat\/escmarquesdelapobla\/wp-json\/wp\/v2\/media?parent=11468"}],"wp:term":[{"taxonomy":"category","embeddable":true,"href":"https:\/\/agora.xtec.cat\/escmarquesdelapobla\/wp-json\/wp\/v2\/categories?post=11468"},{"taxonomy":"post_tag","embeddable":true,"href":"https:\/\/agora.xtec.cat\/escmarquesdelapobla\/wp-json\/wp\/v2\/tags?post=11468"}],"curies":[{"name":"wp","href":"https:\/\/api.w.org\/{rel}","templated":true}]}}