{"id":11439,"date":"2022-02-28T08:15:13","date_gmt":"2022-02-28T07:15:13","guid":{"rendered":"https:\/\/agora.xtec.cat\/escmarquesdelapobla\/?p=11439"},"modified":"2022-02-27T22:37:31","modified_gmt":"2022-02-27T21:37:31","slug":"celebrem-dijous-llarder-a-educacio-infantil","status":"publish","type":"post","link":"https:\/\/agora.xtec.cat\/escmarquesdelapobla\/infantil\/celebrem-dijous-llarder-a-educacio-infantil\/","title":{"rendered":"Celebrem Dijous Llarder a Educaci\u00f3 Infantil"},"content":{"rendered":"<p style=\"text-align: justify;\">El passat dijous els infants d&#8217;Educaci\u00f3 Infantil vam anar d&#8217;excursi\u00f3. Els nens i les nenes de P3 i P4 vam anar al parc de la Bassa on vam poder esmorzar al sol i gaudir del mat\u00ed jugant plegats al parc.<\/p>\n<p style=\"text-align: justify;\">Els infants de P5 v\u00e0rem anar a la Font Cuitora, on vam poder jugar i, fins i tot, alguns vam fer una mica d&#8217;esport. Despr\u00e9s d&#8217;esmorzar vam anar fins al Parc de l&#8217;Hort de la Vila i acabar el mat\u00ed fent joc lliure.<\/p>\n<p><a href=\"https:\/\/photos.app.goo.gl\/7KV8VWcg6J897nMB9\"><img loading=\"lazy\" decoding=\"async\" class=\"aligncenter size-large\" src=\"https:\/\/lh3.googleusercontent.com\/KTQftQDhsqq6cAfVrZd755vomgiaZd7gU2TMQk3_G9J_DMYvFX32f5SVMqms0i81Vkv0_6aOwJ1zIQLWwMjsCqYnrZtrwACrdbu7mA2vPjCQn_4X0OSgtLis7nkg6IgY7BaBvJWrwdZo4NTPToNhxi6hqu_e2dtiksBxoSnWui-_SV8xZyOXa3CZEByf7AwEcKC0lEqvdL-L8ZG-TiE04GTjSG-j3OFt0s-lY4RUioShw3mFHbILFg01Sa0ZmSQ5wRgeXepZ-w6WLVXGu8XqF7mK1ERKqa2UyXN5OdCRXZRHpVMY4Z3Vzt8H8rmOV0LX_ZNk5p6byixkanYVpr4LLTJ8zHxI7Av_FNzma0cZx3hfnZXUhnXIlw7TkoD8xi1yWUKiSwZ0O2TIrXX1jWVxipT7BNf3RspWMUdkjTUaplmfH4zepHqFhJLFkWmALoQ3SeunBZb6UzFy_dC4jWfcmmip9SfZ25MyUQfBf9VPkFAP_I-Q8eqAYne1-AOIZw3oOJF_VdUtjuqVYmMS6PeRBWg1JQbCG5Dxe1TusvGxyCUv1cm98f_PIemH_PCtQY5QyPCPM6MWK-4-8-FDaW_lW0uT6zmxOris2ie_dGN0XlJyZeVM_1aIGnxqU-DMwaO_Lrxgq_lNoxxERYgMbH8OzVBAfQhdZ21TDMWvfqJbnUAaurHpcsdyIRssdD8IxcOxFcgJJDjXFPyOO8ElwmmMIz7J=w1106-h830-no?authuser=1\" width=\"1106\" height=\"830\" \/><\/a><\/p>\n<p>Va ser un mat\u00ed genial!!! \u2600<\/p>\n","protected":false},"excerpt":{"rendered":"<p>El passat dijous els infants d&#8217;Educaci\u00f3 Infantil vam anar d&#8217;excursi\u00f3. Els nens i les nenes de P3 i P4 vam anar al parc de la Bassa on vam poder esmorzar al sol i gaudir del mat\u00ed jugant plegats al parc. Els infants de P5 v\u00e0rem anar a la Font Cuitora, on vam poder jugar i, [&hellip;]<\/p>\n","protected":false},"author":1,"featured_media":0,"comment_status":"open","ping_status":"closed","sticky":false,"template":"","format":"standard","meta":{"_bbp_topic_count":0,"_bbp_reply_count":0,"_bbp_total_topic_count":0,"_bbp_total_reply_count":0,"_bbp_voice_count":0,"_bbp_anonymous_reply_count":0,"_bbp_topic_count_hidden":0,"_bbp_reply_count_hidden":0,"_bbp_forum_subforum_count":0,"site-sidebar-layout":"default","site-content-layout":"","ast-site-content-layout":"","site-content-style":"default","site-sidebar-style":"default","ast-global-header-display":"","ast-banner-title-visibility":"","ast-main-header-display":"","ast-hfb-above-header-display":"","ast-hfb-below-header-display":"","ast-hfb-mobile-header-display":"","site-post-title":"","ast-breadcrumbs-content":"","ast-featured-img":"","footer-sml-layout":"","theme-transparent-header-meta":"","adv-header-id-meta":"","stick-header-meta":"","header-above-stick-meta":"","header-main-stick-meta":"","header-below-stick-meta":"","astra-migrate-meta-layouts":"default","ast-page-background-enabled":"default","ast-page-background-meta":{"desktop":{"background-color":"var(--ast-global-color-5)","background-image":"","background-repeat":"repeat","background-position":"center center","background-size":"auto","background-attachment":"scroll","background-type":"","background-media":"","overlay-type":"","overlay-color":"","overlay-opacity":"","overlay-gradient":""},"tablet":{"background-color":"","background-image":"","background-repeat":"repeat","background-position":"center center","background-size":"auto","background-attachment":"scroll","background-type":"","background-media":"","overlay-type":"","overlay-color":"","overlay-opacity":"","overlay-gradient":""},"mobile":{"background-color":"","background-image":"","background-repeat":"repeat","background-position":"center center","background-size":"auto","background-attachment":"scroll","background-type":"","background-media":"","overlay-type":"","overlay-color":"","overlay-opacity":"","overlay-gradient":""}},"ast-content-background-meta":{"desktop":{"background-color":"var(--ast-global-color-4)","background-image":"","background-repeat":"repeat","background-position":"center center","background-size":"auto","background-attachment":"scroll","background-type":"","background-media":"","overlay-type":"","overlay-color":"","overlay-opacity":"","overlay-gradient":""},"tablet":{"background-color":"var(--ast-global-color-4)","background-image":"","background-repeat":"repeat","background-position":"center center","background-size":"auto","background-attachment":"scroll","background-type":"","background-media":"","overlay-type":"","overlay-color":"","overlay-opacity":"","overlay-gradient":""},"mobile":{"background-color":"var(--ast-global-color-4)","background-image":"","background-repeat":"repeat","background-position":"center center","background-size":"auto","background-attachment":"scroll","background-type":"","background-media":"","overlay-type":"","overlay-color":"","overlay-opacity":"","overlay-gradient":""}},"footnotes":""},"categories":[55,239,3,8,9,2],"tags":[192,193,194,195,197,198],"class_list":["post-11439","post","type-post","status-publish","format-standard","hentry","category-celebracions","category-dijous-llarder","category-i3","category-i4","category-i5","category-infantil","tag-p3-a","tag-i3-b","tag-i4-a","tag-i4-b","tag-i5-a","tag-i5-b"],"post_mailing_queue_ids":[],"_links":{"self":[{"href":"https:\/\/agora.xtec.cat\/escmarquesdelapobla\/wp-json\/wp\/v2\/posts\/11439","targetHints":{"allow":["GET"]}}],"collection":[{"href":"https:\/\/agora.xtec.cat\/escmarquesdelapobla\/wp-json\/wp\/v2\/posts"}],"about":[{"href":"https:\/\/agora.xtec.cat\/escmarquesdelapobla\/wp-json\/wp\/v2\/types\/post"}],"author":[{"embeddable":true,"href":"https:\/\/agora.xtec.cat\/escmarquesdelapobla\/wp-json\/wp\/v2\/users\/1"}],"replies":[{"embeddable":true,"href":"https:\/\/agora.xtec.cat\/escmarquesdelapobla\/wp-json\/wp\/v2\/comments?post=11439"}],"version-history":[{"count":3,"href":"https:\/\/agora.xtec.cat\/escmarquesdelapobla\/wp-json\/wp\/v2\/posts\/11439\/revisions"}],"predecessor-version":[{"id":11466,"href":"https:\/\/agora.xtec.cat\/escmarquesdelapobla\/wp-json\/wp\/v2\/posts\/11439\/revisions\/11466"}],"wp:attachment":[{"href":"https:\/\/agora.xtec.cat\/escmarquesdelapobla\/wp-json\/wp\/v2\/media?parent=11439"}],"wp:term":[{"taxonomy":"category","embeddable":true,"href":"https:\/\/agora.xtec.cat\/escmarquesdelapobla\/wp-json\/wp\/v2\/categories?post=11439"},{"taxonomy":"post_tag","embeddable":true,"href":"https:\/\/agora.xtec.cat\/escmarquesdelapobla\/wp-json\/wp\/v2\/tags?post=11439"}],"curies":[{"name":"wp","href":"https:\/\/api.w.org\/{rel}","templated":true}]}}