{"id":11434,"date":"2022-02-28T08:00:29","date_gmt":"2022-02-28T07:00:29","guid":{"rendered":"https:\/\/agora.xtec.cat\/escmarquesdelapobla\/?p=11434"},"modified":"2022-02-27T22:41:22","modified_gmt":"2022-02-27T21:41:22","slug":"celebrem-el-dijous-llarder-al-bosc-de-la-garsa","status":"publish","type":"post","link":"https:\/\/agora.xtec.cat\/escmarquesdelapobla\/celebracions\/celebrem-el-dijous-llarder-al-bosc-de-la-garsa\/","title":{"rendered":"Celebrem el Dijous Llarder al Bosc de la Garsa"},"content":{"rendered":"<p style=\"text-align: justify;\">El passat dijous a Cicle Inicial vam celebrar el Dijous Llarder anant d&#8217;excursi\u00f3 al Bosc de la Garsa. Vam marxar d&#8217;hora de l&#8217;escola i vam fer una bona caminada fins a arribar-hi. Despr\u00e9s ens ho vam passar d&#8217;all\u00f2 m\u00e9s b\u00e9 fent cabanyes i jugant tots junts!<\/p>\n<p><a href=\"https:\/\/photos.app.goo.gl\/ZY57RAe439oyRVx48\"><img loading=\"lazy\" decoding=\"async\" class=\"aligncenter size-large\" src=\"https:\/\/lh3.googleusercontent.com\/cjiwLDjO2dZC8pnbxJtKLuj2NiNvnyTXde3z5ufKH61MJ7y6TvwlAIp2RyD5OTgVec_wGQ-dSpcyCsxL2_hYrhDl1sJGWYIfyKR-5OlbgL_nNh5jTLUygmIlJnLxGecqSdkmfK9Dd4ksCd_ZnV5w4JE4XVjLwKXuQGjwTN0Gs_EDO2F1htdUhDxOJRlKPoXrkItIlLyeHqqjcZ58VGmYpN0lQsyRfMcJu488EvUZSVylBlX9_gzbg34toPscdD0fm0ahhbHVQ9Tbi9u87FqkhAldNscnQwbwemBn0k1axPiPUdgukJF_oIfk2S1FemI_b5N2MeKkdB6e1prvawOTvt6g7uQ3XQhUh577xESilGcR3X4eg9v5NILjy8Cfj43qAP0ROnuWkZ7bHv4_AIcTxv7xYo_jZs5uXHF7BFqvyDfd5q06f4nyNCcBAoBcVIoavV5iReSh0FKiHGnW8BGTrDx33HzVuBS2SkEZixfMjEhTMTuKOBVyzCIrFsLuNehfgxNuhl2pTFA6Ttjrqd5pn3gc7QKjdreUPS5i2FmRVT_xZIoJXa-Dhsk6xqOmOlOZe_o57Shz0xr_ZR8gF9n615Yr0M2TeyXuLUt-mJAhGmo0HEB0zx9dUp-oOHWNL3c1jYAds4447hnBkOhCENuGKJe4ENacRzmv-LiTH_1zBILF6nM0mhYfY4u1myT5CWWAdFw8Lblf23rR5p9dU_Wah2A_=w1353-h863-no?authuser=1\" width=\"1353\" height=\"863\" \/><\/a><\/p>\n<p style=\"text-align: justify;\">Va ser un dia genial, gaudint de la natura i d&#8217;un dia ben assolellat! \ud83c\udf32\u2600<\/p>\n","protected":false},"excerpt":{"rendered":"<p>El passat dijous a Cicle Inicial vam celebrar el Dijous Llarder anant d&#8217;excursi\u00f3 al Bosc de la Garsa. Vam marxar d&#8217;hora de l&#8217;escola i vam fer una bona caminada fins a arribar-hi. Despr\u00e9s ens ho vam passar d&#8217;all\u00f2 m\u00e9s b\u00e9 fent cabanyes i jugant tots junts! Va ser un dia genial, gaudint de la natura [&hellip;]<\/p>\n","protected":false},"author":45,"featured_media":0,"comment_status":"open","ping_status":"closed","sticky":false,"template":"","format":"standard","meta":{"_bbp_topic_count":0,"_bbp_reply_count":0,"_bbp_total_topic_count":0,"_bbp_total_reply_count":0,"_bbp_voice_count":0,"_bbp_anonymous_reply_count":0,"_bbp_topic_count_hidden":0,"_bbp_reply_count_hidden":0,"_bbp_forum_subforum_count":0,"site-sidebar-layout":"default","site-content-layout":"","ast-site-content-layout":"","site-content-style":"default","site-sidebar-style":"default","ast-global-header-display":"","ast-banner-title-visibility":"","ast-main-header-display":"","ast-hfb-above-header-display":"","ast-hfb-below-header-display":"","ast-hfb-mobile-header-display":"","site-post-title":"","ast-breadcrumbs-content":"","ast-featured-img":"","footer-sml-layout":"","theme-transparent-header-meta":"","adv-header-id-meta":"","stick-header-meta":"","header-above-stick-meta":"","header-main-stick-meta":"","header-below-stick-meta":"","astra-migrate-meta-layouts":"default","ast-page-background-enabled":"default","ast-page-background-meta":{"desktop":{"background-color":"var(--ast-global-color-5)","background-image":"","background-repeat":"repeat","background-position":"center center","background-size":"auto","background-attachment":"scroll","background-type":"","background-media":"","overlay-type":"","overlay-color":"","overlay-opacity":"","overlay-gradient":""},"tablet":{"background-color":"","background-image":"","background-repeat":"repeat","background-position":"center center","background-size":"auto","background-attachment":"scroll","background-type":"","background-media":"","overlay-type":"","overlay-color":"","overlay-opacity":"","overlay-gradient":""},"mobile":{"background-color":"","background-image":"","background-repeat":"repeat","background-position":"center center","background-size":"auto","background-attachment":"scroll","background-type":"","background-media":"","overlay-type":"","overlay-color":"","overlay-opacity":"","overlay-gradient":""}},"ast-content-background-meta":{"desktop":{"background-color":"var(--ast-global-color-4)","background-image":"","background-repeat":"repeat","background-position":"center center","background-size":"auto","background-attachment":"scroll","background-type":"","background-media":"","overlay-type":"","overlay-color":"","overlay-opacity":"","overlay-gradient":""},"tablet":{"background-color":"var(--ast-global-color-4)","background-image":"","background-repeat":"repeat","background-position":"center center","background-size":"auto","background-attachment":"scroll","background-type":"","background-media":"","overlay-type":"","overlay-color":"","overlay-opacity":"","overlay-gradient":""},"mobile":{"background-color":"var(--ast-global-color-4)","background-image":"","background-repeat":"repeat","background-position":"center center","background-size":"auto","background-attachment":"scroll","background-type":"","background-media":"","overlay-type":"","overlay-color":"","overlay-opacity":"","overlay-gradient":""}},"footnotes":""},"categories":[55,64,239,141,142],"tags":[181,182,183,184],"class_list":["post-11434","post","type-post","status-publish","format-standard","hentry","category-celebracions","category-inicial","category-dijous-llarder","category-p1","category-p2","tag-p1a","tag-p1b","tag-p2a","tag-p2b"],"post_mailing_queue_ids":[],"_links":{"self":[{"href":"https:\/\/agora.xtec.cat\/escmarquesdelapobla\/wp-json\/wp\/v2\/posts\/11434","targetHints":{"allow":["GET"]}}],"collection":[{"href":"https:\/\/agora.xtec.cat\/escmarquesdelapobla\/wp-json\/wp\/v2\/posts"}],"about":[{"href":"https:\/\/agora.xtec.cat\/escmarquesdelapobla\/wp-json\/wp\/v2\/types\/post"}],"author":[{"embeddable":true,"href":"https:\/\/agora.xtec.cat\/escmarquesdelapobla\/wp-json\/wp\/v2\/users\/45"}],"replies":[{"embeddable":true,"href":"https:\/\/agora.xtec.cat\/escmarquesdelapobla\/wp-json\/wp\/v2\/comments?post=11434"}],"version-history":[{"count":3,"href":"https:\/\/agora.xtec.cat\/escmarquesdelapobla\/wp-json\/wp\/v2\/posts\/11434\/revisions"}],"predecessor-version":[{"id":11467,"href":"https:\/\/agora.xtec.cat\/escmarquesdelapobla\/wp-json\/wp\/v2\/posts\/11434\/revisions\/11467"}],"wp:attachment":[{"href":"https:\/\/agora.xtec.cat\/escmarquesdelapobla\/wp-json\/wp\/v2\/media?parent=11434"}],"wp:term":[{"taxonomy":"category","embeddable":true,"href":"https:\/\/agora.xtec.cat\/escmarquesdelapobla\/wp-json\/wp\/v2\/categories?post=11434"},{"taxonomy":"post_tag","embeddable":true,"href":"https:\/\/agora.xtec.cat\/escmarquesdelapobla\/wp-json\/wp\/v2\/tags?post=11434"}],"curies":[{"name":"wp","href":"https:\/\/api.w.org\/{rel}","templated":true}]}}