{"id":11427,"date":"2022-02-22T09:00:33","date_gmt":"2022-02-22T08:00:33","guid":{"rendered":"https:\/\/agora.xtec.cat\/escmarquesdelapobla\/?p=11427"},"modified":"2022-02-21T22:10:07","modified_gmt":"2022-02-21T21:10:07","slug":"el-rei-carnestoltes-ja-es-aqui","status":"publish","type":"post","link":"https:\/\/agora.xtec.cat\/escmarquesdelapobla\/celebracions\/el-rei-carnestoltes-ja-es-aqui\/","title":{"rendered":"El Rei Carnestoltes ja \u00e9s aqu\u00ed!"},"content":{"rendered":"<p style=\"text-align: justify;\">Ep! Ja ha arribat a l&#8217;escola el Rei Carnestoltes, amb moltes ganes de xerinola i com cada any, unes consignes ens ha portat.<\/p>\n<p><a href=\"https:\/\/agora.xtec.cat\/escmarquesdelapobla\/wp-content\/uploads\/usu1682\/2022\/02\/WhatsApp-Image-2022-02-21-at-18.24.44.jpeg\"><img loading=\"lazy\" decoding=\"async\" class=\"size-large wp-image-11428 aligncenter\" src=\"https:\/\/agora.xtec.cat\/escmarquesdelapobla\/wp-content\/uploads\/usu1682\/2022\/02\/WhatsApp-Image-2022-02-21-at-18.24.44-724x1024.jpeg\" alt=\"\" width=\"724\" height=\"1024\" srcset=\"https:\/\/agora.xtec.cat\/escmarquesdelapobla\/wp-content\/uploads\/usu1682\/2022\/02\/WhatsApp-Image-2022-02-21-at-18.24.44-724x1024.jpeg 724w, https:\/\/agora.xtec.cat\/escmarquesdelapobla\/wp-content\/uploads\/usu1682\/2022\/02\/WhatsApp-Image-2022-02-21-at-18.24.44-212x300.jpeg 212w, https:\/\/agora.xtec.cat\/escmarquesdelapobla\/wp-content\/uploads\/usu1682\/2022\/02\/WhatsApp-Image-2022-02-21-at-18.24.44-768x1086.jpeg 768w, https:\/\/agora.xtec.cat\/escmarquesdelapobla\/wp-content\/uploads\/usu1682\/2022\/02\/WhatsApp-Image-2022-02-21-at-18.24.44-1086x1536.jpeg 1086w, https:\/\/agora.xtec.cat\/escmarquesdelapobla\/wp-content\/uploads\/usu1682\/2022\/02\/WhatsApp-Image-2022-02-21-at-18.24.44.jpeg 1131w\" sizes=\"auto, (max-width: 724px) 100vw, 724px\" \/><\/a><\/p>\n<p style=\"text-align: justify;\"><strong>Dimecres 23:<\/strong> Avui vindreu amb pijama i saltant amb una cama!<\/p>\n<p style=\"text-align: justify;\"><strong>Dijous 24:<\/strong> Avui \u00e9s dijous llarder i botifarra menjar\u00e9. Si la roba al rev\u00e9s no porteu, malament quedaru!<\/p>\n<p style=\"text-align: justify;\"><strong>Dilluns 28:<\/strong> Si al pati vols anar, d&#8217;un personatge d&#8217;una pel\u00b7l\u00edcula haur\u00e0s d&#8217;anar!<\/p>\n<p style=\"text-align: justify;\">Ara que ja ho sabeu, comenceu-vos a preparar, perqu\u00e8 la setmana de Carnestoltes acaba de comen\u00e7ar. \ud83c\udf89<\/p>\n","protected":false},"excerpt":{"rendered":"<p>Ep! Ja ha arribat a l&#8217;escola el Rei Carnestoltes, amb moltes ganes de xerinola i com cada any, unes consignes ens ha portat. Dimecres 23: Avui vindreu amb pijama i saltant amb una cama! Dijous 24: Avui \u00e9s dijous llarder i botifarra menjar\u00e9. Si la roba al rev\u00e9s no porteu, malament quedaru! Dilluns 28: Si [&hellip;]<\/p>\n","protected":false},"author":45,"featured_media":0,"comment_status":"open","ping_status":"closed","sticky":false,"template":"","format":"standard","meta":{"_bbp_topic_count":0,"_bbp_reply_count":0,"_bbp_total_topic_count":0,"_bbp_total_reply_count":0,"_bbp_voice_count":0,"_bbp_anonymous_reply_count":0,"_bbp_topic_count_hidden":0,"_bbp_reply_count_hidden":0,"_bbp_forum_subforum_count":0,"site-sidebar-layout":"default","site-content-layout":"","ast-site-content-layout":"","site-content-style":"default","site-sidebar-style":"default","ast-global-header-display":"","ast-banner-title-visibility":"","ast-main-header-display":"","ast-hfb-above-header-display":"","ast-hfb-below-header-display":"","ast-hfb-mobile-header-display":"","site-post-title":"","ast-breadcrumbs-content":"","ast-featured-img":"","footer-sml-layout":"","theme-transparent-header-meta":"","adv-header-id-meta":"","stick-header-meta":"","header-above-stick-meta":"","header-main-stick-meta":"","header-below-stick-meta":"","astra-migrate-meta-layouts":"default","ast-page-background-enabled":"default","ast-page-background-meta":{"desktop":{"background-color":"var(--ast-global-color-5)","background-image":"","background-repeat":"repeat","background-position":"center center","background-size":"auto","background-attachment":"scroll","background-type":"","background-media":"","overlay-type":"","overlay-color":"","overlay-opacity":"","overlay-gradient":""},"tablet":{"background-color":"","background-image":"","background-repeat":"repeat","background-position":"center center","background-size":"auto","background-attachment":"scroll","background-type":"","background-media":"","overlay-type":"","overlay-color":"","overlay-opacity":"","overlay-gradient":""},"mobile":{"background-color":"","background-image":"","background-repeat":"repeat","background-position":"center center","background-size":"auto","background-attachment":"scroll","background-type":"","background-media":"","overlay-type":"","overlay-color":"","overlay-opacity":"","overlay-gradient":""}},"ast-content-background-meta":{"desktop":{"background-color":"var(--ast-global-color-4)","background-image":"","background-repeat":"repeat","background-position":"center center","background-size":"auto","background-attachment":"scroll","background-type":"","background-media":"","overlay-type":"","overlay-color":"","overlay-opacity":"","overlay-gradient":""},"tablet":{"background-color":"var(--ast-global-color-4)","background-image":"","background-repeat":"repeat","background-position":"center center","background-size":"auto","background-attachment":"scroll","background-type":"","background-media":"","overlay-type":"","overlay-color":"","overlay-opacity":"","overlay-gradient":""},"mobile":{"background-color":"var(--ast-global-color-4)","background-image":"","background-repeat":"repeat","background-position":"center center","background-size":"auto","background-attachment":"scroll","background-type":"","background-media":"","overlay-type":"","overlay-color":"","overlay-opacity":"","overlay-gradient":""}},"footnotes":""},"categories":[118,55,171],"tags":[202],"class_list":["post-11427","post","type-post","status-publish","format-standard","hentry","category-carnestoltes","category-celebracions","category-tauler-principal","tag-carnestoltes"],"post_mailing_queue_ids":[],"_links":{"self":[{"href":"https:\/\/agora.xtec.cat\/escmarquesdelapobla\/wp-json\/wp\/v2\/posts\/11427","targetHints":{"allow":["GET"]}}],"collection":[{"href":"https:\/\/agora.xtec.cat\/escmarquesdelapobla\/wp-json\/wp\/v2\/posts"}],"about":[{"href":"https:\/\/agora.xtec.cat\/escmarquesdelapobla\/wp-json\/wp\/v2\/types\/post"}],"author":[{"embeddable":true,"href":"https:\/\/agora.xtec.cat\/escmarquesdelapobla\/wp-json\/wp\/v2\/users\/45"}],"replies":[{"embeddable":true,"href":"https:\/\/agora.xtec.cat\/escmarquesdelapobla\/wp-json\/wp\/v2\/comments?post=11427"}],"version-history":[{"count":3,"href":"https:\/\/agora.xtec.cat\/escmarquesdelapobla\/wp-json\/wp\/v2\/posts\/11427\/revisions"}],"predecessor-version":[{"id":11431,"href":"https:\/\/agora.xtec.cat\/escmarquesdelapobla\/wp-json\/wp\/v2\/posts\/11427\/revisions\/11431"}],"wp:attachment":[{"href":"https:\/\/agora.xtec.cat\/escmarquesdelapobla\/wp-json\/wp\/v2\/media?parent=11427"}],"wp:term":[{"taxonomy":"category","embeddable":true,"href":"https:\/\/agora.xtec.cat\/escmarquesdelapobla\/wp-json\/wp\/v2\/categories?post=11427"},{"taxonomy":"post_tag","embeddable":true,"href":"https:\/\/agora.xtec.cat\/escmarquesdelapobla\/wp-json\/wp\/v2\/tags?post=11427"}],"curies":[{"name":"wp","href":"https:\/\/api.w.org\/{rel}","templated":true}]}}