{"id":11419,"date":"2022-02-21T10:22:25","date_gmt":"2022-02-21T09:22:25","guid":{"rendered":"https:\/\/agora.xtec.cat\/escmarquesdelapobla\/?p=11419"},"modified":"2022-02-21T10:24:31","modified_gmt":"2022-02-21T09:24:31","slug":"xocolatada-solidaria","status":"publish","type":"post","link":"https:\/\/agora.xtec.cat\/escmarquesdelapobla\/escola\/xocolatada-solidaria\/","title":{"rendered":"Xocolatada Solid\u00e0ria"},"content":{"rendered":"<p style=\"text-align: justify;\">El passat divendres 18 de febrer es va celebrar a l&#8217;escola la Xocolatada Solid\u00e0ria per a la investigaci\u00f3 del c\u00e0ncer infantil, organitzada per l&#8217;AFA Marqu\u00e8s de la Pobla. Vam poder esmorzar pa amb xocolata a l&#8217;hora del pati fent una petita contribuci\u00f3 en aquesta gran causa.<\/p>\n<p><a href=\"https:\/\/photos.app.goo.gl\/5T6W4R4S7ebz9Dox9\"><img loading=\"lazy\" decoding=\"async\" class=\"aligncenter \" src=\"https:\/\/lh3.googleusercontent.com\/GOATWT1o9-QDmCpziSR-r8oR6NeczAAi5XQqfjmDdh9oqCjEx-t3lgDCBym1WybetHhh0bcBXOO56Ln_XRb40OrOBI8jGrBdmUdzl9EXEG67rgW2n_1pSwqVs375HDIzNnnDvQfc7gUEip1mY7kYpNS57R4rAragXyJAppb6xm0FSjSUMs1Bt2Bx7omDRm5N8nkHiiO6SoVNdqoTzq3tjNdd8XbMzC5aisLDTlrKPNJ5Uaxu9Ca52jF9LHbSGoAXA1uSBcb87O2c405X_2N8CO9aWNY9VrYQDCbO7ulaGa8xCLjccNNscDDvoVUXrg2wOjptTL57BV5Jk5t2Hdss0lurM2yu0GPIQrZBn57lMn6EadVPMgKrFP4tNxp9-wLs0TsXAZ1dt9Lxbrr-zq1dIH5VNGnaRuEBVHsT7M0we9wKwEqnUOEQBs2N9b_JA_kgbIf5bc4GMeI51jIpNLV1XcQpivqKh020tJA2cmdwAlTFC_ofaGOASP5FlZTVtODKaysvktd3dhCNV2RAdJoW6d-cmDJwPau55quGikoLf6M4Z1VasV_-pzEBRX71XxFe8xUoVlngZlj9a1fhhUGxlg4jmi2IDl09Rmepzji_NJPTGyrnjO_KT7lOqnxk5UrY9ePzqvZkbtG_VUbx3-fhZnqE4xKpieji2KCMOUzLn2yEMiv5dxQPL9EuH8yOPbSrA3-l2ZZWRjTm3nVgPCbIkpjh=w1249-h937-no?authuser=0\" width=\"606\" height=\"455\" \/><\/a><\/p>\n<p style=\"text-align: justify;\">Va ser una experi\u00e8ncia bonica i dol\u00e7a. Moltes gr\u00e0cies a l&#8217;AFA i a tots i totes els que hi vam participar! Salut!!<\/p>\n","protected":false},"excerpt":{"rendered":"<p>El passat divendres 18 de febrer es va celebrar a l&#8217;escola la Xocolatada Solid\u00e0ria per a la investigaci\u00f3 del c\u00e0ncer infantil, organitzada per l&#8217;AFA Marqu\u00e8s de la Pobla. Vam poder esmorzar pa amb xocolata a l&#8217;hora del pati fent una petita contribuci\u00f3 en aquesta gran causa. Va ser una experi\u00e8ncia bonica i dol\u00e7a. Moltes gr\u00e0cies [&hellip;]<\/p>\n","protected":false},"author":2,"featured_media":0,"comment_status":"open","ping_status":"closed","sticky":false,"template":"","format":"standard","meta":{"_bbp_topic_count":0,"_bbp_reply_count":0,"_bbp_total_topic_count":0,"_bbp_total_reply_count":0,"_bbp_voice_count":0,"_bbp_anonymous_reply_count":0,"_bbp_topic_count_hidden":0,"_bbp_reply_count_hidden":0,"_bbp_forum_subforum_count":0,"site-sidebar-layout":"default","site-content-layout":"","ast-site-content-layout":"","site-content-style":"default","site-sidebar-style":"default","ast-global-header-display":"","ast-banner-title-visibility":"","ast-main-header-display":"","ast-hfb-above-header-display":"","ast-hfb-below-header-display":"","ast-hfb-mobile-header-display":"","site-post-title":"","ast-breadcrumbs-content":"","ast-featured-img":"","footer-sml-layout":"","theme-transparent-header-meta":"","adv-header-id-meta":"","stick-header-meta":"","header-above-stick-meta":"","header-main-stick-meta":"","header-below-stick-meta":"","astra-migrate-meta-layouts":"default","ast-page-background-enabled":"default","ast-page-background-meta":{"desktop":{"background-color":"var(--ast-global-color-5)","background-image":"","background-repeat":"repeat","background-position":"center center","background-size":"auto","background-attachment":"scroll","background-type":"","background-media":"","overlay-type":"","overlay-color":"","overlay-opacity":"","overlay-gradient":""},"tablet":{"background-color":"","background-image":"","background-repeat":"repeat","background-position":"center center","background-size":"auto","background-attachment":"scroll","background-type":"","background-media":"","overlay-type":"","overlay-color":"","overlay-opacity":"","overlay-gradient":""},"mobile":{"background-color":"","background-image":"","background-repeat":"repeat","background-position":"center center","background-size":"auto","background-attachment":"scroll","background-type":"","background-media":"","overlay-type":"","overlay-color":"","overlay-opacity":"","overlay-gradient":""}},"ast-content-background-meta":{"desktop":{"background-color":"var(--ast-global-color-4)","background-image":"","background-repeat":"repeat","background-position":"center center","background-size":"auto","background-attachment":"scroll","background-type":"","background-media":"","overlay-type":"","overlay-color":"","overlay-opacity":"","overlay-gradient":""},"tablet":{"background-color":"var(--ast-global-color-4)","background-image":"","background-repeat":"repeat","background-position":"center center","background-size":"auto","background-attachment":"scroll","background-type":"","background-media":"","overlay-type":"","overlay-color":"","overlay-opacity":"","overlay-gradient":""},"mobile":{"background-color":"var(--ast-global-color-4)","background-image":"","background-repeat":"repeat","background-position":"center center","background-size":"auto","background-attachment":"scroll","background-type":"","background-media":"","overlay-type":"","overlay-color":"","overlay-opacity":"","overlay-gradient":""}},"footnotes":""},"categories":[80,171],"tags":[223],"class_list":["post-11419","post","type-post","status-publish","format-standard","hentry","category-escola","category-tauler-principal","tag-lescola"],"post_mailing_queue_ids":[],"_links":{"self":[{"href":"https:\/\/agora.xtec.cat\/escmarquesdelapobla\/wp-json\/wp\/v2\/posts\/11419","targetHints":{"allow":["GET"]}}],"collection":[{"href":"https:\/\/agora.xtec.cat\/escmarquesdelapobla\/wp-json\/wp\/v2\/posts"}],"about":[{"href":"https:\/\/agora.xtec.cat\/escmarquesdelapobla\/wp-json\/wp\/v2\/types\/post"}],"author":[{"embeddable":true,"href":"https:\/\/agora.xtec.cat\/escmarquesdelapobla\/wp-json\/wp\/v2\/users\/2"}],"replies":[{"embeddable":true,"href":"https:\/\/agora.xtec.cat\/escmarquesdelapobla\/wp-json\/wp\/v2\/comments?post=11419"}],"version-history":[{"count":3,"href":"https:\/\/agora.xtec.cat\/escmarquesdelapobla\/wp-json\/wp\/v2\/posts\/11419\/revisions"}],"predecessor-version":[{"id":11425,"href":"https:\/\/agora.xtec.cat\/escmarquesdelapobla\/wp-json\/wp\/v2\/posts\/11419\/revisions\/11425"}],"wp:attachment":[{"href":"https:\/\/agora.xtec.cat\/escmarquesdelapobla\/wp-json\/wp\/v2\/media?parent=11419"}],"wp:term":[{"taxonomy":"category","embeddable":true,"href":"https:\/\/agora.xtec.cat\/escmarquesdelapobla\/wp-json\/wp\/v2\/categories?post=11419"},{"taxonomy":"post_tag","embeddable":true,"href":"https:\/\/agora.xtec.cat\/escmarquesdelapobla\/wp-json\/wp\/v2\/tags?post=11419"}],"curies":[{"name":"wp","href":"https:\/\/api.w.org\/{rel}","templated":true}]}}