{"id":1137,"date":"2016-11-16T15:18:05","date_gmt":"2016-11-16T14:18:05","guid":{"rendered":"http:\/\/blocs.xtec.cat\/marquesdelapobla\/?p=1137"},"modified":"2020-11-08T14:30:03","modified_gmt":"2020-11-08T13:30:03","slug":"la-sala-de-llum-un-esclat-pels-sentits","status":"publish","type":"post","link":"https:\/\/agora.xtec.cat\/escmarquesdelapobla\/infantil\/i5\/la-sala-de-llum-un-esclat-pels-sentits\/","title":{"rendered":"La sala de llum, un esclat pels sentits"},"content":{"rendered":"<p>Un dels espais m\u00e0gics de l\u2019escola \u00e9s la sala de llum.<\/p>\n<p>Convida anar-hi i els infants ja ho esperen: llum t\u00e8nue, m\u00fasica de fons, objectes diversos per interactuar&#8230;<\/p>\n<p><a href=\"https:\/\/goo.gl\/photos\/VN14kP7gsFHEcXndA\"><img loading=\"lazy\" decoding=\"async\" class=\"aligncenter size-large wp-image-1138\" src=\"http:\/\/agora.xtec.cat\/escmarquesdelapobla\/wp-content\/uploads\/usu1682\/2016\/11\/NOV-La-sala-de-llum-1-1024x575.jpg\" alt=\"nov-la-sala-de-llum-1\" width=\"440\" height=\"247\" srcset=\"https:\/\/agora.xtec.cat\/escmarquesdelapobla\/wp-content\/uploads\/usu1682\/2016\/11\/NOV-La-sala-de-llum-1-1024x575.jpg 1024w, https:\/\/agora.xtec.cat\/escmarquesdelapobla\/wp-content\/uploads\/usu1682\/2016\/11\/NOV-La-sala-de-llum-1-300x169.jpg 300w, https:\/\/agora.xtec.cat\/escmarquesdelapobla\/wp-content\/uploads\/usu1682\/2016\/11\/NOV-La-sala-de-llum-1-768x431.jpg 768w, https:\/\/agora.xtec.cat\/escmarquesdelapobla\/wp-content\/uploads\/usu1682\/2016\/11\/NOV-La-sala-de-llum-1.jpg 1296w\" sizes=\"auto, (max-width: 440px) 100vw, 440px\" \/><\/a><\/p>\n<p>&nbsp;<\/p>\n<p>Les taules de llum ens possibiliten la m\u00e0gica relaci\u00f3 entre la llum i els objectes opacs o transl\u00facids que hi combinem: dissenys preciosos, relacions <!--more-->d\u2019objectes, combinacions de colors&#8230; ens permeten despertar la creativitat, l\u2019emoci\u00f3, en un ambient de tranquil\u00b7litat m\u00e0xima.<\/p>\n<p>A l\u2019espai de projeccions descobrim com ens podem impregnar nosaltres de colors, tamb\u00e9 les ombres que fan els objectes i com hi podem interaccionar.<\/p>\n<p>Amb preguntes com aquestes: Com ho faries perqu\u00e8 l\u2019ombra d\u2019aquest objecte sigui molt allargada? Co, ho faries perqu\u00e8 fes dues ombres?&#8230; Fem pensar els infants, interactuar amb els objectes que tenen a l\u2019abast i treure l\u2019entrellat de l\u2019enigma.<\/p>\n","protected":false},"excerpt":{"rendered":"<p>Un dels espais m\u00e0gics de l\u2019escola \u00e9s la sala de llum. Convida anar-hi i els infants ja ho esperen: llum t\u00e8nue, m\u00fasica de fons, objectes diversos per interactuar&#8230; &nbsp; Les taules de llum ens possibiliten la m\u00e0gica relaci\u00f3 entre la llum i els objectes opacs o transl\u00facids que hi combinem: dissenys preciosos, relacions<\/p>\n","protected":false},"author":1,"featured_media":0,"comment_status":"open","ping_status":"closed","sticky":false,"template":"","format":"standard","meta":{"_bbp_topic_count":0,"_bbp_reply_count":0,"_bbp_total_topic_count":0,"_bbp_total_reply_count":0,"_bbp_voice_count":0,"_bbp_anonymous_reply_count":0,"_bbp_topic_count_hidden":0,"_bbp_reply_count_hidden":0,"_bbp_forum_subforum_count":0,"site-sidebar-layout":"default","site-content-layout":"","ast-site-content-layout":"","site-content-style":"default","site-sidebar-style":"default","ast-global-header-display":"","ast-banner-title-visibility":"","ast-main-header-display":"","ast-hfb-above-header-display":"","ast-hfb-below-header-display":"","ast-hfb-mobile-header-display":"","site-post-title":"","ast-breadcrumbs-content":"","ast-featured-img":"","footer-sml-layout":"","theme-transparent-header-meta":"","adv-header-id-meta":"","stick-header-meta":"","header-above-stick-meta":"","header-main-stick-meta":"","header-below-stick-meta":"","astra-migrate-meta-layouts":"default","ast-page-background-enabled":"default","ast-page-background-meta":{"desktop":{"background-color":"var(--ast-global-color-5)","background-image":"","background-repeat":"repeat","background-position":"center center","background-size":"auto","background-attachment":"scroll","background-type":"","background-media":"","overlay-type":"","overlay-color":"","overlay-opacity":"","overlay-gradient":""},"tablet":{"background-color":"","background-image":"","background-repeat":"repeat","background-position":"center center","background-size":"auto","background-attachment":"scroll","background-type":"","background-media":"","overlay-type":"","overlay-color":"","overlay-opacity":"","overlay-gradient":""},"mobile":{"background-color":"","background-image":"","background-repeat":"repeat","background-position":"center center","background-size":"auto","background-attachment":"scroll","background-type":"","background-media":"","overlay-type":"","overlay-color":"","overlay-opacity":"","overlay-gradient":""}},"ast-content-background-meta":{"desktop":{"background-color":"var(--ast-global-color-4)","background-image":"","background-repeat":"repeat","background-position":"center center","background-size":"auto","background-attachment":"scroll","background-type":"","background-media":"","overlay-type":"","overlay-color":"","overlay-opacity":"","overlay-gradient":""},"tablet":{"background-color":"var(--ast-global-color-4)","background-image":"","background-repeat":"repeat","background-position":"center center","background-size":"auto","background-attachment":"scroll","background-type":"","background-media":"","overlay-type":"","overlay-color":"","overlay-opacity":"","overlay-gradient":""},"mobile":{"background-color":"var(--ast-global-color-4)","background-image":"","background-repeat":"repeat","background-position":"center center","background-size":"auto","background-attachment":"scroll","background-type":"","background-media":"","overlay-type":"","overlay-color":"","overlay-opacity":"","overlay-gradient":""}},"footnotes":""},"categories":[224,9],"tags":[],"class_list":["post-1137","post","type-post","status-publish","format-standard","hentry","category-historic","category-i5"],"post_mailing_queue_ids":[],"_links":{"self":[{"href":"https:\/\/agora.xtec.cat\/escmarquesdelapobla\/wp-json\/wp\/v2\/posts\/1137","targetHints":{"allow":["GET"]}}],"collection":[{"href":"https:\/\/agora.xtec.cat\/escmarquesdelapobla\/wp-json\/wp\/v2\/posts"}],"about":[{"href":"https:\/\/agora.xtec.cat\/escmarquesdelapobla\/wp-json\/wp\/v2\/types\/post"}],"author":[{"embeddable":true,"href":"https:\/\/agora.xtec.cat\/escmarquesdelapobla\/wp-json\/wp\/v2\/users\/1"}],"replies":[{"embeddable":true,"href":"https:\/\/agora.xtec.cat\/escmarquesdelapobla\/wp-json\/wp\/v2\/comments?post=1137"}],"version-history":[{"count":1,"href":"https:\/\/agora.xtec.cat\/escmarquesdelapobla\/wp-json\/wp\/v2\/posts\/1137\/revisions"}],"predecessor-version":[{"id":7826,"href":"https:\/\/agora.xtec.cat\/escmarquesdelapobla\/wp-json\/wp\/v2\/posts\/1137\/revisions\/7826"}],"wp:attachment":[{"href":"https:\/\/agora.xtec.cat\/escmarquesdelapobla\/wp-json\/wp\/v2\/media?parent=1137"}],"wp:term":[{"taxonomy":"category","embeddable":true,"href":"https:\/\/agora.xtec.cat\/escmarquesdelapobla\/wp-json\/wp\/v2\/categories?post=1137"},{"taxonomy":"post_tag","embeddable":true,"href":"https:\/\/agora.xtec.cat\/escmarquesdelapobla\/wp-json\/wp\/v2\/tags?post=1137"}],"curies":[{"name":"wp","href":"https:\/\/api.w.org\/{rel}","templated":true}]}}