{"id":11343,"date":"2022-01-31T12:34:36","date_gmt":"2022-01-31T11:34:36","guid":{"rendered":"https:\/\/agora.xtec.cat\/escmarquesdelapobla\/?p=11343"},"modified":"2022-01-31T13:25:04","modified_gmt":"2022-01-31T12:25:04","slug":"celebrem-el-dia-de-la-pau","status":"publish","type":"post","link":"https:\/\/agora.xtec.cat\/escmarquesdelapobla\/celebracions\/celebrem-el-dia-de-la-pau\/","title":{"rendered":"Celebrem el dia de la Pau"},"content":{"rendered":"<p style=\"text-align: justify;\">Avui hem celebrat el dia de la Pau i la no-viol\u00e8ncia a l&#8217;Escola Marqu\u00e8s de la Pobla. \u00c9s un dia molt especial que celebrem cada any, i aquesta vegada hem organitzat una trobada al pati de l&#8217;escola per enviar els nostres desitjos de pau a tot el m\u00f3n.<\/p>\n<p><a href=\"https:\/\/photos.app.goo.gl\/FBXdsJWZFELpQNsF7\"><img loading=\"lazy\" decoding=\"async\" class=\"aligncenter size-large\" src=\"https:\/\/lh3.googleusercontent.com\/pw\/AM-JKLVqFHoez7wgGnmSKdCYk8q5UObPWZE9zlDpXTGeIR2DiWidr2pd2_Nn2WLVch3rVjeUuv8lPJphfBzgTjnGI4F18XhfzSAbeSMpWiFIS_63DkmQtK7xkYtTVFWkBOTnvVSYVfJhI7p-Z4YGjaTkbBcU3Q=w876-h657-no?authuser=1\" width=\"876\" height=\"657\" \/><\/a><\/p>\n<p style=\"text-align: justify;\">La Pau t\u00e9 tants noms com idiomes hi ha al m\u00f3n: <em>Pau, Peace, Paz, Shalom, Myr, <\/em><em>Salam,<\/em><em style=\"font-family: inherit; font-size: 1em;\">\u00a0H\u00e9p\u00edng, Frieden..<\/em><span style=\"font-family: inherit; font-size: 1em;\">. i hauria de ser sempre l&#8217;\u00fanic cam\u00ed per aconseguir qualsevol objectiu. Tinguem-ho sempre present!\u00a0<\/span><\/p>\n<p><img loading=\"lazy\" decoding=\"async\" class=\"\" src=\"https:\/\/images.emojiterra.com\/google\/noto-emoji\/v2.028\/128px\/1f54a.png\" alt=\"Google (Noto Emoji v2.028)\" width=\"36\" height=\"36\" \/><img loading=\"lazy\" decoding=\"async\" class=\"\" src=\"https:\/\/images.emojiterra.com\/google\/noto-emoji\/v2.028\/128px\/1f54a.png\" alt=\"Google (Noto Emoji v2.028)\" width=\"36\" height=\"36\" \/><img loading=\"lazy\" decoding=\"async\" class=\"\" src=\"https:\/\/images.emojiterra.com\/google\/noto-emoji\/v2.028\/128px\/1f54a.png\" alt=\"Google (Noto Emoji v2.028)\" width=\"36\" height=\"36\" \/><\/p>\n","protected":false},"excerpt":{"rendered":"<p>Avui hem celebrat el dia de la Pau i la no-viol\u00e8ncia a l&#8217;Escola Marqu\u00e8s de la Pobla. \u00c9s un dia molt especial que celebrem cada any, i aquesta vegada hem organitzat una trobada al pati de l&#8217;escola per enviar els nostres desitjos de pau a tot el m\u00f3n. La Pau t\u00e9 tants noms com idiomes [&hellip;]<\/p>\n","protected":false},"author":2,"featured_media":0,"comment_status":"open","ping_status":"closed","sticky":false,"template":"","format":"standard","meta":{"_bbp_topic_count":0,"_bbp_reply_count":0,"_bbp_total_topic_count":0,"_bbp_total_reply_count":0,"_bbp_voice_count":0,"_bbp_anonymous_reply_count":0,"_bbp_topic_count_hidden":0,"_bbp_reply_count_hidden":0,"_bbp_forum_subforum_count":0,"site-sidebar-layout":"default","site-content-layout":"","ast-site-content-layout":"","site-content-style":"default","site-sidebar-style":"default","ast-global-header-display":"","ast-banner-title-visibility":"","ast-main-header-display":"","ast-hfb-above-header-display":"","ast-hfb-below-header-display":"","ast-hfb-mobile-header-display":"","site-post-title":"","ast-breadcrumbs-content":"","ast-featured-img":"","footer-sml-layout":"","theme-transparent-header-meta":"","adv-header-id-meta":"","stick-header-meta":"","header-above-stick-meta":"","header-main-stick-meta":"","header-below-stick-meta":"","astra-migrate-meta-layouts":"default","ast-page-background-enabled":"default","ast-page-background-meta":{"desktop":{"background-color":"var(--ast-global-color-5)","background-image":"","background-repeat":"repeat","background-position":"center center","background-size":"auto","background-attachment":"scroll","background-type":"","background-media":"","overlay-type":"","overlay-color":"","overlay-opacity":"","overlay-gradient":""},"tablet":{"background-color":"","background-image":"","background-repeat":"repeat","background-position":"center center","background-size":"auto","background-attachment":"scroll","background-type":"","background-media":"","overlay-type":"","overlay-color":"","overlay-opacity":"","overlay-gradient":""},"mobile":{"background-color":"","background-image":"","background-repeat":"repeat","background-position":"center center","background-size":"auto","background-attachment":"scroll","background-type":"","background-media":"","overlay-type":"","overlay-color":"","overlay-opacity":"","overlay-gradient":""}},"ast-content-background-meta":{"desktop":{"background-color":"var(--ast-global-color-4)","background-image":"","background-repeat":"repeat","background-position":"center center","background-size":"auto","background-attachment":"scroll","background-type":"","background-media":"","overlay-type":"","overlay-color":"","overlay-opacity":"","overlay-gradient":""},"tablet":{"background-color":"var(--ast-global-color-4)","background-image":"","background-repeat":"repeat","background-position":"center center","background-size":"auto","background-attachment":"scroll","background-type":"","background-media":"","overlay-type":"","overlay-color":"","overlay-opacity":"","overlay-gradient":""},"mobile":{"background-color":"var(--ast-global-color-4)","background-image":"","background-repeat":"repeat","background-position":"center center","background-size":"auto","background-attachment":"scroll","background-type":"","background-media":"","overlay-type":"","overlay-color":"","overlay-opacity":"","overlay-gradient":""}},"footnotes":""},"categories":[55,228,171],"tags":[238],"class_list":["post-11343","post","type-post","status-publish","format-standard","hentry","category-celebracions","category-dia-de-la-pau","category-tauler-principal","tag-dia-pau"],"post_mailing_queue_ids":[],"_links":{"self":[{"href":"https:\/\/agora.xtec.cat\/escmarquesdelapobla\/wp-json\/wp\/v2\/posts\/11343","targetHints":{"allow":["GET"]}}],"collection":[{"href":"https:\/\/agora.xtec.cat\/escmarquesdelapobla\/wp-json\/wp\/v2\/posts"}],"about":[{"href":"https:\/\/agora.xtec.cat\/escmarquesdelapobla\/wp-json\/wp\/v2\/types\/post"}],"author":[{"embeddable":true,"href":"https:\/\/agora.xtec.cat\/escmarquesdelapobla\/wp-json\/wp\/v2\/users\/2"}],"replies":[{"embeddable":true,"href":"https:\/\/agora.xtec.cat\/escmarquesdelapobla\/wp-json\/wp\/v2\/comments?post=11343"}],"version-history":[{"count":2,"href":"https:\/\/agora.xtec.cat\/escmarquesdelapobla\/wp-json\/wp\/v2\/posts\/11343\/revisions"}],"predecessor-version":[{"id":11351,"href":"https:\/\/agora.xtec.cat\/escmarquesdelapobla\/wp-json\/wp\/v2\/posts\/11343\/revisions\/11351"}],"wp:attachment":[{"href":"https:\/\/agora.xtec.cat\/escmarquesdelapobla\/wp-json\/wp\/v2\/media?parent=11343"}],"wp:term":[{"taxonomy":"category","embeddable":true,"href":"https:\/\/agora.xtec.cat\/escmarquesdelapobla\/wp-json\/wp\/v2\/categories?post=11343"},{"taxonomy":"post_tag","embeddable":true,"href":"https:\/\/agora.xtec.cat\/escmarquesdelapobla\/wp-json\/wp\/v2\/tags?post=11343"}],"curies":[{"name":"wp","href":"https:\/\/api.w.org\/{rel}","templated":true}]}}