{"id":11283,"date":"2022-01-15T15:53:50","date_gmt":"2022-01-15T14:53:50","guid":{"rendered":"https:\/\/agora.xtec.cat\/escmarquesdelapobla\/?p=11283"},"modified":"2022-01-15T16:16:20","modified_gmt":"2022-01-15T15:16:20","slug":"finalistes-del-concurs-de-pessebres","status":"publish","type":"post","link":"https:\/\/agora.xtec.cat\/escmarquesdelapobla\/celebracions\/finalistes-del-concurs-de-pessebres\/","title":{"rendered":"Finalistes del concurs de pessebres"},"content":{"rendered":"<p style=\"text-align: justify;\">El diumenge 9 de gener es va celebrar el repartiment de premis del concurs de pessebres que cada any organitza la Parr\u00f2quia de Capellades i on qui ho desitgi pot participar-hi. En aquesta ocasi\u00f3 el Xavier Roca Subirana de 5\u00e8 va aconseguir el segon premi i els germans Biel, Max i Bruno Trepat Campoy de 1r, 4t i 1r d&#8217;ESO guanyadors del primer premi. Tamb\u00e9 van participar altres alumnes del centre i tamb\u00e9 se&#8217;ls va obsequiar.<\/p>\n<p><a href=\"https:\/\/photos.app.goo.gl\/TR5vjxfNnqebLhj47\"><img loading=\"lazy\" decoding=\"async\" class=\"aligncenter size-large\" src=\"https:\/\/lh3.googleusercontent.com\/iAi9vRI9ppoRxPiS88ipc7hRxCNDJi0_Pz0PV0WjljlZ0w7-dZtYI_lvpsAqTpTZCR4DN6MSmGD7pEIfRaGwjOoHYy3ZsTv7EpgM_3DvAQIP2Awbq52txWPyU9ERGQR_lL3GILVEPek3fTGFn8yHR9LceOHViiBLe9l5GFyIV5efu96ATdxlHfnwxuXsdJE_V45gRupolZK5zJWMrdu1SK6JkV9_S1dteyx-a25j8h12SpvVFgiwt48GHY4IV0zmGrWt1mu-4vjEzs6f3RV3YiSny-Y-opcyVbS62rlCCnhH2x4oEVTLDGeg4vyIlAMvceVaBJaczYE3jfss7QtwWscidPQQs4CHBg9JLw2056fgaLJeAWISegdltH_6wUfbsl9GxVpxPaTp6D9kJKdDEFCVBWb_6WgxicBo4qAmtiwqFZVdY5IMS0AXqSog0y9BzDQQBIptuXCJ7afgir4plyb4x47Jd8m0129p3KV0_eaYzBdyP8OJdgP-kQHB6_1rw6qmOU_c5sYa2TrcZNgdTVnyqCLv9EVZ-DBK7r9tqd1wIO0sH3YiIRLmJiNRqxQEYtnF174U9gXmwKwbG5ULrtGAJQH7ZGZZ-D6G2M2p-9_m_VQuG-iFQTq0g7vmGNI8oLveKbue1BPdB1vo3gGcDsxfwEhRb2tb3LnkpzVa1zs2VOoDearPZ7QGP-yrxiTG8xDNH2HWNFUiR3uWlsx42bUW=w1138-h641-no?authuser=0\" width=\"1138\" height=\"640\" \/><\/a><\/p>\n<p style=\"text-align: justify;\">Des de l&#8217;escola els felicitem a tots i totes i els animem a seguir participant amb aquestes activitats creatives que tamb\u00e9 ajuden a mantenir ben vives les tradicions populars.<br \/>\nMoltes felicitats!<\/p>\n","protected":false},"excerpt":{"rendered":"<p>El diumenge 9 de gener es va celebrar el repartiment de premis del concurs de pessebres que cada any organitza la Parr\u00f2quia de Capellades i on qui ho desitgi pot participar-hi. En aquesta ocasi\u00f3 el Xavier Roca Subirana de 5\u00e8 va aconseguir el segon premi i els germans Biel, Max i Bruno Trepat Campoy de [&hellip;]<\/p>\n","protected":false},"author":2,"featured_media":0,"comment_status":"open","ping_status":"closed","sticky":false,"template":"","format":"standard","meta":{"_bbp_topic_count":0,"_bbp_reply_count":0,"_bbp_total_topic_count":0,"_bbp_total_reply_count":0,"_bbp_voice_count":0,"_bbp_anonymous_reply_count":0,"_bbp_topic_count_hidden":0,"_bbp_reply_count_hidden":0,"_bbp_forum_subforum_count":0,"site-sidebar-layout":"default","site-content-layout":"","ast-site-content-layout":"","site-content-style":"default","site-sidebar-style":"default","ast-global-header-display":"","ast-banner-title-visibility":"","ast-main-header-display":"","ast-hfb-above-header-display":"","ast-hfb-below-header-display":"","ast-hfb-mobile-header-display":"","site-post-title":"","ast-breadcrumbs-content":"","ast-featured-img":"","footer-sml-layout":"","theme-transparent-header-meta":"","adv-header-id-meta":"","stick-header-meta":"","header-above-stick-meta":"","header-main-stick-meta":"","header-below-stick-meta":"","astra-migrate-meta-layouts":"default","ast-page-background-enabled":"default","ast-page-background-meta":{"desktop":{"background-color":"var(--ast-global-color-5)","background-image":"","background-repeat":"repeat","background-position":"center center","background-size":"auto","background-attachment":"scroll","background-type":"","background-media":"","overlay-type":"","overlay-color":"","overlay-opacity":"","overlay-gradient":""},"tablet":{"background-color":"","background-image":"","background-repeat":"repeat","background-position":"center center","background-size":"auto","background-attachment":"scroll","background-type":"","background-media":"","overlay-type":"","overlay-color":"","overlay-opacity":"","overlay-gradient":""},"mobile":{"background-color":"","background-image":"","background-repeat":"repeat","background-position":"center center","background-size":"auto","background-attachment":"scroll","background-type":"","background-media":"","overlay-type":"","overlay-color":"","overlay-opacity":"","overlay-gradient":""}},"ast-content-background-meta":{"desktop":{"background-color":"var(--ast-global-color-4)","background-image":"","background-repeat":"repeat","background-position":"center center","background-size":"auto","background-attachment":"scroll","background-type":"","background-media":"","overlay-type":"","overlay-color":"","overlay-opacity":"","overlay-gradient":""},"tablet":{"background-color":"var(--ast-global-color-4)","background-image":"","background-repeat":"repeat","background-position":"center center","background-size":"auto","background-attachment":"scroll","background-type":"","background-media":"","overlay-type":"","overlay-color":"","overlay-opacity":"","overlay-gradient":""},"mobile":{"background-color":"var(--ast-global-color-4)","background-image":"","background-repeat":"repeat","background-position":"center center","background-size":"auto","background-attachment":"scroll","background-type":"","background-media":"","overlay-type":"","overlay-color":"","overlay-opacity":"","overlay-gradient":""}},"footnotes":""},"categories":[55,114,171],"tags":[200],"class_list":["post-11283","post","type-post","status-publish","format-standard","hentry","category-celebracions","category-nadal","category-tauler-principal","tag-nadal"],"post_mailing_queue_ids":[],"_links":{"self":[{"href":"https:\/\/agora.xtec.cat\/escmarquesdelapobla\/wp-json\/wp\/v2\/posts\/11283","targetHints":{"allow":["GET"]}}],"collection":[{"href":"https:\/\/agora.xtec.cat\/escmarquesdelapobla\/wp-json\/wp\/v2\/posts"}],"about":[{"href":"https:\/\/agora.xtec.cat\/escmarquesdelapobla\/wp-json\/wp\/v2\/types\/post"}],"author":[{"embeddable":true,"href":"https:\/\/agora.xtec.cat\/escmarquesdelapobla\/wp-json\/wp\/v2\/users\/2"}],"replies":[{"embeddable":true,"href":"https:\/\/agora.xtec.cat\/escmarquesdelapobla\/wp-json\/wp\/v2\/comments?post=11283"}],"version-history":[{"count":3,"href":"https:\/\/agora.xtec.cat\/escmarquesdelapobla\/wp-json\/wp\/v2\/posts\/11283\/revisions"}],"predecessor-version":[{"id":11289,"href":"https:\/\/agora.xtec.cat\/escmarquesdelapobla\/wp-json\/wp\/v2\/posts\/11283\/revisions\/11289"}],"wp:attachment":[{"href":"https:\/\/agora.xtec.cat\/escmarquesdelapobla\/wp-json\/wp\/v2\/media?parent=11283"}],"wp:term":[{"taxonomy":"category","embeddable":true,"href":"https:\/\/agora.xtec.cat\/escmarquesdelapobla\/wp-json\/wp\/v2\/categories?post=11283"},{"taxonomy":"post_tag","embeddable":true,"href":"https:\/\/agora.xtec.cat\/escmarquesdelapobla\/wp-json\/wp\/v2\/tags?post=11283"}],"curies":[{"name":"wp","href":"https:\/\/api.w.org\/{rel}","templated":true}]}}