{"id":1127,"date":"2016-11-16T11:43:46","date_gmt":"2016-11-16T10:43:46","guid":{"rendered":"http:\/\/blocs.xtec.cat\/marquesdelapobla\/?p=1127"},"modified":"2020-11-08T14:31:02","modified_gmt":"2020-11-08T13:31:02","slug":"els-de-4rt-hem-plantat-una-prunera","status":"publish","type":"post","link":"https:\/\/agora.xtec.cat\/escmarquesdelapobla\/mitja\/p4\/els-de-4rt-hem-plantat-una-prunera\/","title":{"rendered":"Els de 4rt hem plantat una prunera."},"content":{"rendered":"<p>Aquesta tarda, les classes Tramuntana i Llevant de 4t hem participat i gaudit d\u2019una activitat molt bonica: han vingut el Josep Maria i la\u00a0 Laia de la Uni\u00f3 de pagesos per parlar-nos sobre les feines del pag\u00e8s i despr\u00e9s hem anat a plantar plegats una prunera al pati de l\u2019escola.<\/p>\n<p><a href=\"https:\/\/goo.gl\/photos\/iDb4rFZs6Xq2BfXv6\"><img loading=\"lazy\" decoding=\"async\" class=\"aligncenter size-large wp-image-1128\" src=\"http:\/\/agora.xtec.cat\/escmarquesdelapobla\/wp-content\/uploads\/usu1682\/2016\/11\/20161115_161037-1024x576.jpg\" alt=\"20161115_161037\" width=\"440\" height=\"248\" srcset=\"https:\/\/agora.xtec.cat\/escmarquesdelapobla\/wp-content\/uploads\/usu1682\/2016\/11\/20161115_161037-1024x576.jpg 1024w, https:\/\/agora.xtec.cat\/escmarquesdelapobla\/wp-content\/uploads\/usu1682\/2016\/11\/20161115_161037-300x169.jpg 300w, https:\/\/agora.xtec.cat\/escmarquesdelapobla\/wp-content\/uploads\/usu1682\/2016\/11\/20161115_161037-768x432.jpg 768w, https:\/\/agora.xtec.cat\/escmarquesdelapobla\/wp-content\/uploads\/usu1682\/2016\/11\/20161115_161037.jpg 1632w\" sizes=\"auto, (max-width: 440px) 100vw, 440px\" \/><\/a><\/p>\n<p>La primera estona ens hem trobat les dues classes a la biblioteca on <!--more-->ens han presentat\u00a0 els treballs que fan mitjan\u00e7ant mapes de la nostra comarca i imatges i al mateix temps experi\u00e8ncies, dificultats i curiositats d\u2019aquesta feina.<\/p>\n<p>Tot seguit hem anat al pati a plantar una prunera. Ens ha fet molta il\u00b7lusi\u00f3. Ara a\u00a0 l\u2019escola ja tenim molts arbres i est\u00e0 molt bonic! Quan hem acabat, el Josep Ma. ha visitat el nostre hort que cada dia t\u00e9 m\u00e9s coses conreades que \u00a0entre tots anem fent cr\u00e9ixer.<\/p>\n<p>Ens ha agradat molt l\u2019activitat d\u2019avui i esperem que entre tots tamb\u00e9 fem cr\u00e9ixer aquest i tots els arbres que ens envolten. Ha estat una gran i fant\u00e0stica estona de medi natural.<\/p>\n<p>Josep\u00a0 Ma. I Laia, moltes gr\u00e0cies per haver vingut!<\/p>\n","protected":false},"excerpt":{"rendered":"<p>Aquesta tarda, les classes Tramuntana i Llevant de 4t hem participat i gaudit d\u2019una activitat molt bonica: han vingut el Josep Maria i la\u00a0 Laia de la Uni\u00f3 de pagesos per parlar-nos sobre les feines del pag\u00e8s i despr\u00e9s hem anat a plantar plegats una prunera al pati de l\u2019escola. La primera estona ens hem [&hellip;]<\/p>\n","protected":false},"author":1,"featured_media":0,"comment_status":"open","ping_status":"closed","sticky":false,"template":"","format":"standard","meta":{"_bbp_topic_count":0,"_bbp_reply_count":0,"_bbp_total_topic_count":0,"_bbp_total_reply_count":0,"_bbp_voice_count":0,"_bbp_anonymous_reply_count":0,"_bbp_topic_count_hidden":0,"_bbp_reply_count_hidden":0,"_bbp_forum_subforum_count":0,"site-sidebar-layout":"default","site-content-layout":"","ast-site-content-layout":"","site-content-style":"default","site-sidebar-style":"default","ast-global-header-display":"","ast-banner-title-visibility":"","ast-main-header-display":"","ast-hfb-above-header-display":"","ast-hfb-below-header-display":"","ast-hfb-mobile-header-display":"","site-post-title":"","ast-breadcrumbs-content":"","ast-featured-img":"","footer-sml-layout":"","theme-transparent-header-meta":"","adv-header-id-meta":"","stick-header-meta":"","header-above-stick-meta":"","header-main-stick-meta":"","header-below-stick-meta":"","astra-migrate-meta-layouts":"default","ast-page-background-enabled":"default","ast-page-background-meta":{"desktop":{"background-color":"var(--ast-global-color-5)","background-image":"","background-repeat":"repeat","background-position":"center center","background-size":"auto","background-attachment":"scroll","background-type":"","background-media":"","overlay-type":"","overlay-color":"","overlay-opacity":"","overlay-gradient":""},"tablet":{"background-color":"","background-image":"","background-repeat":"repeat","background-position":"center center","background-size":"auto","background-attachment":"scroll","background-type":"","background-media":"","overlay-type":"","overlay-color":"","overlay-opacity":"","overlay-gradient":""},"mobile":{"background-color":"","background-image":"","background-repeat":"repeat","background-position":"center center","background-size":"auto","background-attachment":"scroll","background-type":"","background-media":"","overlay-type":"","overlay-color":"","overlay-opacity":"","overlay-gradient":""}},"ast-content-background-meta":{"desktop":{"background-color":"var(--ast-global-color-4)","background-image":"","background-repeat":"repeat","background-position":"center center","background-size":"auto","background-attachment":"scroll","background-type":"","background-media":"","overlay-type":"","overlay-color":"","overlay-opacity":"","overlay-gradient":""},"tablet":{"background-color":"var(--ast-global-color-4)","background-image":"","background-repeat":"repeat","background-position":"center center","background-size":"auto","background-attachment":"scroll","background-type":"","background-media":"","overlay-type":"","overlay-color":"","overlay-opacity":"","overlay-gradient":""},"mobile":{"background-color":"var(--ast-global-color-4)","background-image":"","background-repeat":"repeat","background-position":"center center","background-size":"auto","background-attachment":"scroll","background-type":"","background-media":"","overlay-type":"","overlay-color":"","overlay-opacity":"","overlay-gradient":""}},"footnotes":""},"categories":[224,139],"tags":[],"class_list":["post-1127","post","type-post","status-publish","format-standard","hentry","category-historic","category-p4"],"post_mailing_queue_ids":[],"_links":{"self":[{"href":"https:\/\/agora.xtec.cat\/escmarquesdelapobla\/wp-json\/wp\/v2\/posts\/1127","targetHints":{"allow":["GET"]}}],"collection":[{"href":"https:\/\/agora.xtec.cat\/escmarquesdelapobla\/wp-json\/wp\/v2\/posts"}],"about":[{"href":"https:\/\/agora.xtec.cat\/escmarquesdelapobla\/wp-json\/wp\/v2\/types\/post"}],"author":[{"embeddable":true,"href":"https:\/\/agora.xtec.cat\/escmarquesdelapobla\/wp-json\/wp\/v2\/users\/1"}],"replies":[{"embeddable":true,"href":"https:\/\/agora.xtec.cat\/escmarquesdelapobla\/wp-json\/wp\/v2\/comments?post=1127"}],"version-history":[{"count":1,"href":"https:\/\/agora.xtec.cat\/escmarquesdelapobla\/wp-json\/wp\/v2\/posts\/1127\/revisions"}],"predecessor-version":[{"id":7828,"href":"https:\/\/agora.xtec.cat\/escmarquesdelapobla\/wp-json\/wp\/v2\/posts\/1127\/revisions\/7828"}],"wp:attachment":[{"href":"https:\/\/agora.xtec.cat\/escmarquesdelapobla\/wp-json\/wp\/v2\/media?parent=1127"}],"wp:term":[{"taxonomy":"category","embeddable":true,"href":"https:\/\/agora.xtec.cat\/escmarquesdelapobla\/wp-json\/wp\/v2\/categories?post=1127"},{"taxonomy":"post_tag","embeddable":true,"href":"https:\/\/agora.xtec.cat\/escmarquesdelapobla\/wp-json\/wp\/v2\/tags?post=1127"}],"curies":[{"name":"wp","href":"https:\/\/api.w.org\/{rel}","templated":true}]}}