{"id":11249,"date":"2021-12-21T18:05:20","date_gmt":"2021-12-21T17:05:20","guid":{"rendered":"https:\/\/agora.xtec.cat\/escmarquesdelapobla\/?p=11249"},"modified":"2021-12-21T22:03:03","modified_gmt":"2021-12-21T21:03:03","slug":"cantada-de-nadal-2021","status":"publish","type":"post","link":"https:\/\/agora.xtec.cat\/escmarquesdelapobla\/celebracions\/cantada-de-nadal-2021\/","title":{"rendered":"Cantada de Nadal 2021"},"content":{"rendered":"<p style=\"text-align: justify;\">Ahir i avui han sigut dos dies carregats d&#8217;emocions. Hem pogut celebrar la Cantada de Nadal i estem molt contents d&#8217;haver-nos pogut trobar al pati de l&#8217;escola. La can\u00e7\u00f3 estrella ha sigut <em>TRUCA EL NADAL<\/em>, per\u00f2 tamb\u00e9 n&#8217;hem cantat d&#8217;altres amb tota la coreografia, esperem que us hagi agradat la nostra actuaci\u00f3!<\/p>\n<p><a href=\"https:\/\/photos.app.goo.gl\/L4vsWwPRANZfSiTg6\"><img loading=\"lazy\" decoding=\"async\" class=\"aligncenter size-large\" src=\"https:\/\/lh3.googleusercontent.com\/hMG7FOPBV73cJDAIJcjC2pVJjQ4uTBkx7q5Nisl9KPysdSbAPCZxi6z6Yu6JDgkEieyRfpzKzkmH3RRzZldaQeYr_VAQZKp7Rz8b1Dn4c6HTsmxDqO914lSSbEde4-xjXnvaew7GVIS5slp988XJ7_FewkHetKLbQeI7Fwlh24h4K4Nxo0VpqVVZj2Odw-VTQdyuvO-7fsKXOZRtb4-QA5BCqGrgzmBHoIZF11tUJ7rTNDV4zNoaIT7Yr0H8A-euo-Jwiqm1-c1u41HlGb8kgvz1p60947DkjBq5bQqP5TEbEujQfLerzSoep5hmyuE55W7YWF4opYb-gOnuYpI-bTISdvak-kda6_1-MdLd9NbwetU2nGBq1Dx3qSN9lb28pZB100BtEaTC-8SR91DCNkO0jbBuXJamvCXLkG0N2XWDn-fG3uMiV6uICNc2_bDqIyx4DE9keNcBE6tTqFU_JSC19eZlw1Gw58azFkFLHcQrBlTYbCiKenoHHhl7sM8eGG5L_sgm0enyWf7M51h5zRLXg-TAsoedcW_Kx-hMl4qTBIgtR1cbzojkN8TeGoXZYQNB8PKrLwMWsrdFLB671UZ9DHD2NhCEa20x-sU5aPm9fhUeFALUqdN5d5jxtjgpFGs8J30adNDvhCWYRsX5zBylgliCigpdpcVKUX5XpCpMDmBm5YrlCgU1h9oV4iE1EOhH1fhFKApZPO0ol0fbrJ_N=w1024-h768-no?authuser=0\" width=\"1024\" height=\"768\" \/><\/a><\/p>\n<p style=\"text-align: justify;\">Enviem una abra\u00e7ada amb tot l&#8217;escalf als alumnes i mestres de 5\u00e8 A que s&#8217;han hagut de confinar i esperem que el proper curs puguem ser-hi tots i tornar a repetir plegats aquesta experi\u00e8ncia tan bonica. Acomiadem aquest trimestre de canvis i de noves experi\u00e8ncies que hem viscut amb il\u00b7lusi\u00f3. Abaixem el tel\u00f3 aquestes vacances per tornar-lo a aixecar amb for\u00e7a al gener.<\/p>\n<p>Bon Nadal i feli\u00e7 any nou a tohom!!!<\/p>\n","protected":false},"excerpt":{"rendered":"<p>Ahir i avui han sigut dos dies carregats d&#8217;emocions. Hem pogut celebrar la Cantada de Nadal i estem molt contents d&#8217;haver-nos pogut trobar al pati de l&#8217;escola. La can\u00e7\u00f3 estrella ha sigut TRUCA EL NADAL, per\u00f2 tamb\u00e9 n&#8217;hem cantat d&#8217;altres amb tota la coreografia, esperem que us hagi agradat la nostra actuaci\u00f3! Enviem una abra\u00e7ada [&hellip;]<\/p>\n","protected":false},"author":2,"featured_media":0,"comment_status":"open","ping_status":"closed","sticky":false,"template":"","format":"standard","meta":{"_bbp_topic_count":0,"_bbp_reply_count":0,"_bbp_total_topic_count":0,"_bbp_total_reply_count":0,"_bbp_voice_count":0,"_bbp_anonymous_reply_count":0,"_bbp_topic_count_hidden":0,"_bbp_reply_count_hidden":0,"_bbp_forum_subforum_count":0,"site-sidebar-layout":"default","site-content-layout":"","ast-site-content-layout":"","site-content-style":"default","site-sidebar-style":"default","ast-global-header-display":"","ast-banner-title-visibility":"","ast-main-header-display":"","ast-hfb-above-header-display":"","ast-hfb-below-header-display":"","ast-hfb-mobile-header-display":"","site-post-title":"","ast-breadcrumbs-content":"","ast-featured-img":"","footer-sml-layout":"","theme-transparent-header-meta":"","adv-header-id-meta":"","stick-header-meta":"","header-above-stick-meta":"","header-main-stick-meta":"","header-below-stick-meta":"","astra-migrate-meta-layouts":"default","ast-page-background-enabled":"default","ast-page-background-meta":{"desktop":{"background-color":"var(--ast-global-color-5)","background-image":"","background-repeat":"repeat","background-position":"center center","background-size":"auto","background-attachment":"scroll","background-type":"","background-media":"","overlay-type":"","overlay-color":"","overlay-opacity":"","overlay-gradient":""},"tablet":{"background-color":"","background-image":"","background-repeat":"repeat","background-position":"center center","background-size":"auto","background-attachment":"scroll","background-type":"","background-media":"","overlay-type":"","overlay-color":"","overlay-opacity":"","overlay-gradient":""},"mobile":{"background-color":"","background-image":"","background-repeat":"repeat","background-position":"center center","background-size":"auto","background-attachment":"scroll","background-type":"","background-media":"","overlay-type":"","overlay-color":"","overlay-opacity":"","overlay-gradient":""}},"ast-content-background-meta":{"desktop":{"background-color":"var(--ast-global-color-4)","background-image":"","background-repeat":"repeat","background-position":"center center","background-size":"auto","background-attachment":"scroll","background-type":"","background-media":"","overlay-type":"","overlay-color":"","overlay-opacity":"","overlay-gradient":""},"tablet":{"background-color":"var(--ast-global-color-4)","background-image":"","background-repeat":"repeat","background-position":"center center","background-size":"auto","background-attachment":"scroll","background-type":"","background-media":"","overlay-type":"","overlay-color":"","overlay-opacity":"","overlay-gradient":""},"mobile":{"background-color":"var(--ast-global-color-4)","background-image":"","background-repeat":"repeat","background-position":"center center","background-size":"auto","background-attachment":"scroll","background-type":"","background-media":"","overlay-type":"","overlay-color":"","overlay-opacity":"","overlay-gradient":""}},"footnotes":""},"categories":[55,114,171],"tags":[200],"class_list":["post-11249","post","type-post","status-publish","format-standard","hentry","category-celebracions","category-nadal","category-tauler-principal","tag-nadal"],"post_mailing_queue_ids":[],"_links":{"self":[{"href":"https:\/\/agora.xtec.cat\/escmarquesdelapobla\/wp-json\/wp\/v2\/posts\/11249","targetHints":{"allow":["GET"]}}],"collection":[{"href":"https:\/\/agora.xtec.cat\/escmarquesdelapobla\/wp-json\/wp\/v2\/posts"}],"about":[{"href":"https:\/\/agora.xtec.cat\/escmarquesdelapobla\/wp-json\/wp\/v2\/types\/post"}],"author":[{"embeddable":true,"href":"https:\/\/agora.xtec.cat\/escmarquesdelapobla\/wp-json\/wp\/v2\/users\/2"}],"replies":[{"embeddable":true,"href":"https:\/\/agora.xtec.cat\/escmarquesdelapobla\/wp-json\/wp\/v2\/comments?post=11249"}],"version-history":[{"count":3,"href":"https:\/\/agora.xtec.cat\/escmarquesdelapobla\/wp-json\/wp\/v2\/posts\/11249\/revisions"}],"predecessor-version":[{"id":11259,"href":"https:\/\/agora.xtec.cat\/escmarquesdelapobla\/wp-json\/wp\/v2\/posts\/11249\/revisions\/11259"}],"wp:attachment":[{"href":"https:\/\/agora.xtec.cat\/escmarquesdelapobla\/wp-json\/wp\/v2\/media?parent=11249"}],"wp:term":[{"taxonomy":"category","embeddable":true,"href":"https:\/\/agora.xtec.cat\/escmarquesdelapobla\/wp-json\/wp\/v2\/categories?post=11249"},{"taxonomy":"post_tag","embeddable":true,"href":"https:\/\/agora.xtec.cat\/escmarquesdelapobla\/wp-json\/wp\/v2\/tags?post=11249"}],"curies":[{"name":"wp","href":"https:\/\/api.w.org\/{rel}","templated":true}]}}