{"id":11240,"date":"2021-12-17T20:33:28","date_gmt":"2021-12-17T19:33:28","guid":{"rendered":"https:\/\/agora.xtec.cat\/escmarquesdelapobla\/?p=11240"},"modified":"2021-12-17T20:33:28","modified_gmt":"2021-12-17T19:33:28","slug":"sortida-de-5e-al-liceu","status":"publish","type":"post","link":"https:\/\/agora.xtec.cat\/escmarquesdelapobla\/superior\/sortida-de-5e-al-liceu\/","title":{"rendered":"Sortida de 5\u00e8 al Liceu"},"content":{"rendered":"<p style=\"text-align: justify;\">Avui divendres 17 de desembre l&#8217;alumnat de 5\u00e8 hem tingut la sort de poder anar a Barcelona al Gran Teatre de Liceu a veure un espectacle molt especial: El conte de Nadal.<\/p>\n<p style=\"text-align: justify;\"><a href=\"https:\/\/photos.app.goo.gl\/DCfT7eoNDTEMejwq8\"><img loading=\"lazy\" decoding=\"async\" class=\"aligncenter size-large\" src=\"https:\/\/lh3.googleusercontent.com\/httPFdYHRtscOiFl4W-SUdKpGaV8t7EY8IneQAE6K95Nm-dbrrg_vCEqndmdJSAFafCoQ5-dFyfXlO2quiQAd3gO162SwKVhSLLbszhpVsS5ZrJwMUGuv14fuA2ctA55wu_lrQ6A2M0qpOp-VAs1yS1UeHIEcqM_ABgwIq1idUX_JZ6pIz4r6iHlkuF_gUwu5Ejqf1vGFey_Zsnmu8b_tlLmlnNipg66igIacWp2VAJHe3rG6I4YwWSYPC9Lnzvv_abNqj8Sl4GJdbFihga2ytiL4wrIj6hMs-FyliTNpAXe8LK30OhZUyZvgTvPIUIIVRqv3X6Yxpul7o0ZyApd7psezj5rdImkdyZ8roJfne30x_COFYd4pfucZh9NWqXK814ydR9FuMZ0V4yFIrxNpKa_W63YmqFrzFcpH4Hnp32iu5lZwQVXVUH90Mgczuy4nEO7Ua4IO-F8_wIbVRulLb_CBOWs4FNPjkLvmCv-4bFnuYDHC8TNsDoXuTzAEuYfoXCXBrE2ZPuMMea7OsdYDKLvfZ9bUIzLS7GNascwpLhtu4hJ-dbVs4P4vU2HvGCYMCCG7h5uAID-Tu7-AfeV7eJFBhzyslUXzdJCd5xL2idGLRG3p-CAn-244wf8XtURstR-odXSzcM3zhPh9bK4CCAxgIgnGVm4CLK46Os-BPh_B4sKhPplJnvU7CtlHxPHXUoAS4MGDgwHsqw5_ufhtO4v=w1174-h880-no?authuser=2\" width=\"1174\" height=\"880\" \/><\/a><\/p>\n<p style=\"text-align: justify;\">Es tractava d&#8217;una adaptaci\u00f3 del conte de Charles Dickens amb m\u00fasica d&#8217;Albert Guinovart. Ha estat un experi\u00e8ncia fant\u00e0stica: un cor de nois i noies, una orquestra, dos cantants narradors i sobretot la m\u00e0gia d&#8217;un artista que representava les escenes dibuixant-les amb sorra i projectades de fons en una pantalla gegant.<\/p>\n<p style=\"text-align: justify;\">Tot plegat un bon espectacle. Realment ha valgut la pena &#8220;aixecar el tel\u00f3&#8221; des d&#8217;aquest espai!<br \/>\nDespr\u00e9s hem anat a la platja de la Barceloneta a dinar i gaudir del bon dia que ens ha acompanyat.<\/p>\n","protected":false},"excerpt":{"rendered":"<p>Avui divendres 17 de desembre l&#8217;alumnat de 5\u00e8 hem tingut la sort de poder anar a Barcelona al Gran Teatre de Liceu a veure un espectacle molt especial: El conte de Nadal. Es tractava d&#8217;una adaptaci\u00f3 del conte de Charles Dickens amb m\u00fasica d&#8217;Albert Guinovart. Ha estat un experi\u00e8ncia fant\u00e0stica: un cor de nois i [&hellip;]<\/p>\n","protected":false},"author":2,"featured_media":0,"comment_status":"open","ping_status":"closed","sticky":false,"template":"","format":"standard","meta":{"_bbp_topic_count":0,"_bbp_reply_count":0,"_bbp_total_topic_count":0,"_bbp_total_reply_count":0,"_bbp_voice_count":0,"_bbp_anonymous_reply_count":0,"_bbp_topic_count_hidden":0,"_bbp_reply_count_hidden":0,"_bbp_forum_subforum_count":0,"site-sidebar-layout":"default","site-content-layout":"","ast-site-content-layout":"","site-content-style":"default","site-sidebar-style":"default","ast-global-header-display":"","ast-banner-title-visibility":"","ast-main-header-display":"","ast-hfb-above-header-display":"","ast-hfb-below-header-display":"","ast-hfb-mobile-header-display":"","site-post-title":"","ast-breadcrumbs-content":"","ast-featured-img":"","footer-sml-layout":"","theme-transparent-header-meta":"","adv-header-id-meta":"","stick-header-meta":"","header-above-stick-meta":"","header-main-stick-meta":"","header-below-stick-meta":"","astra-migrate-meta-layouts":"default","ast-page-background-enabled":"default","ast-page-background-meta":{"desktop":{"background-color":"var(--ast-global-color-5)","background-image":"","background-repeat":"repeat","background-position":"center center","background-size":"auto","background-attachment":"scroll","background-type":"","background-media":"","overlay-type":"","overlay-color":"","overlay-opacity":"","overlay-gradient":""},"tablet":{"background-color":"","background-image":"","background-repeat":"repeat","background-position":"center center","background-size":"auto","background-attachment":"scroll","background-type":"","background-media":"","overlay-type":"","overlay-color":"","overlay-opacity":"","overlay-gradient":""},"mobile":{"background-color":"","background-image":"","background-repeat":"repeat","background-position":"center center","background-size":"auto","background-attachment":"scroll","background-type":"","background-media":"","overlay-type":"","overlay-color":"","overlay-opacity":"","overlay-gradient":""}},"ast-content-background-meta":{"desktop":{"background-color":"var(--ast-global-color-4)","background-image":"","background-repeat":"repeat","background-position":"center center","background-size":"auto","background-attachment":"scroll","background-type":"","background-media":"","overlay-type":"","overlay-color":"","overlay-opacity":"","overlay-gradient":""},"tablet":{"background-color":"var(--ast-global-color-4)","background-image":"","background-repeat":"repeat","background-position":"center center","background-size":"auto","background-attachment":"scroll","background-type":"","background-media":"","overlay-type":"","overlay-color":"","overlay-opacity":"","overlay-gradient":""},"mobile":{"background-color":"var(--ast-global-color-4)","background-image":"","background-repeat":"repeat","background-position":"center center","background-size":"auto","background-attachment":"scroll","background-type":"","background-media":"","overlay-type":"","overlay-color":"","overlay-opacity":"","overlay-gradient":""}},"footnotes":""},"categories":[5,14],"tags":[242,190,191,210],"class_list":["post-11240","post","type-post","status-publish","format-standard","hentry","category-superior","category-p5","tag-5e-c","tag-p5a","tag-p5b","tag-sortides"],"post_mailing_queue_ids":[],"_links":{"self":[{"href":"https:\/\/agora.xtec.cat\/escmarquesdelapobla\/wp-json\/wp\/v2\/posts\/11240","targetHints":{"allow":["GET"]}}],"collection":[{"href":"https:\/\/agora.xtec.cat\/escmarquesdelapobla\/wp-json\/wp\/v2\/posts"}],"about":[{"href":"https:\/\/agora.xtec.cat\/escmarquesdelapobla\/wp-json\/wp\/v2\/types\/post"}],"author":[{"embeddable":true,"href":"https:\/\/agora.xtec.cat\/escmarquesdelapobla\/wp-json\/wp\/v2\/users\/2"}],"replies":[{"embeddable":true,"href":"https:\/\/agora.xtec.cat\/escmarquesdelapobla\/wp-json\/wp\/v2\/comments?post=11240"}],"version-history":[{"count":1,"href":"https:\/\/agora.xtec.cat\/escmarquesdelapobla\/wp-json\/wp\/v2\/posts\/11240\/revisions"}],"predecessor-version":[{"id":11241,"href":"https:\/\/agora.xtec.cat\/escmarquesdelapobla\/wp-json\/wp\/v2\/posts\/11240\/revisions\/11241"}],"wp:attachment":[{"href":"https:\/\/agora.xtec.cat\/escmarquesdelapobla\/wp-json\/wp\/v2\/media?parent=11240"}],"wp:term":[{"taxonomy":"category","embeddable":true,"href":"https:\/\/agora.xtec.cat\/escmarquesdelapobla\/wp-json\/wp\/v2\/categories?post=11240"},{"taxonomy":"post_tag","embeddable":true,"href":"https:\/\/agora.xtec.cat\/escmarquesdelapobla\/wp-json\/wp\/v2\/tags?post=11240"}],"curies":[{"name":"wp","href":"https:\/\/api.w.org\/{rel}","templated":true}]}}